{"id":136200,"date":"2026-04-29T10:36:04","date_gmt":"2026-04-29T07:36:04","guid":{"rendered":"http:\/\/realitatearutiera.ro\/?p=136200"},"modified":"2026-04-29T10:36:07","modified_gmt":"2026-04-29T07:36:07","slug":"arad-pod-reabilitat-care-ingreuneaza-traficul-prea-ingust-pentru-masini","status":"publish","type":"post","link":"https:\/\/realitatearutiera.ro\/?p=136200","title":{"rendered":"Arad: pod reabilitat care \u00eengreuneaz\u0103 traficul, prea \u00eengust pentru ma\u0219ini"},"content":{"rendered":"\n<figure class=\"wp-block-image size-full is-resized\"><img loading=\"lazy\" decoding=\"async\" width=\"780\" height=\"440\" data-attachment-id=\"136201\" data-permalink=\"https:\/\/realitatearutiera.ro\/?attachment_id=136201\" data-orig-file=\"https:\/\/i1.wp.com\/realitatearutiera.ro\/wp-content\/uploads\/2026\/04\/image-165.png?fit=780%2C440&amp;ssl=1\" data-orig-size=\"780,440\" data-comments-opened=\"1\" data-image-meta=\"{&quot;aperture&quot;:&quot;0&quot;,&quot;credit&quot;:&quot;&quot;,&quot;camera&quot;:&quot;&quot;,&quot;caption&quot;:&quot;&quot;,&quot;created_timestamp&quot;:&quot;0&quot;,&quot;copyright&quot;:&quot;&quot;,&quot;focal_length&quot;:&quot;0&quot;,&quot;iso&quot;:&quot;0&quot;,&quot;shutter_speed&quot;:&quot;0&quot;,&quot;title&quot;:&quot;&quot;,&quot;orientation&quot;:&quot;0&quot;}\" data-image-title=\"image\" data-image-description=\"\" data-medium-file=\"https:\/\/i1.wp.com\/realitatearutiera.ro\/wp-content\/uploads\/2026\/04\/image-165.png?fit=300%2C169&amp;ssl=1\" data-large-file=\"https:\/\/i1.wp.com\/realitatearutiera.ro\/wp-content\/uploads\/2026\/04\/image-165.png?fit=780%2C440&amp;ssl=1\" src=\"https:\/\/i1.wp.com\/realitatearutiera.ro\/wp-content\/uploads\/2026\/04\/image-165.png?resize=780%2C440\" alt=\"\" class=\"wp-image-136201\" style=\"width:450px;height:auto\" srcset=\"https:\/\/i1.wp.com\/realitatearutiera.ro\/wp-content\/uploads\/2026\/04\/image-165.png?w=780&amp;ssl=1 780w, https:\/\/i1.wp.com\/realitatearutiera.ro\/wp-content\/uploads\/2026\/04\/image-165.png?resize=300%2C169&amp;ssl=1 300w, https:\/\/i1.wp.com\/realitatearutiera.ro\/wp-content\/uploads\/2026\/04\/image-165.png?resize=768%2C433&amp;ssl=1 768w\" sizes=\"auto, (max-width: 780px) 100vw, 780px\" data-recalc-dims=\"1\" \/><\/figure>\n\n\n\n<p>Situa\u021bie paradoxal\u0103 \u00een jude\u021bul Arad. Un pod reabilitat de cur\u00e2nd, care ar fi trebuit s\u0103 \u00eenlesneasc\u0103 accesul \u00een zon\u0103, mai mult \u00eencurc\u0103 circula\u021bia, din cauz\u0103 ca este prea \u00eengust. Fermierii au cele mai mari probleme, pentru ca nu mai pot ajunge cu utilajele la terenurile agricole, a\u0219a c\u0103 sunt nevoi\u021bi s\u0103 ocoleasc\u0103 zeci de kilometri, sau s\u0103 o ia direct prin apa Cri\u0219ului Alb. <\/p>\n\n\n\n<p>Video <a href=\"https:\/\/www.digi24.ro\/stiri\/actualitate\/social\/situatie-paradoxala-in-arad-un-pod-reabilitat-mai-mult-incurca-circulatia-pentru-ca-e-prea-ingust-am-intors-si-am-trecut-prin-apa-3749159\">aici<\/a><\/p>\n\n\n\n<p> Oamenii sunt nemul\u021bumi\u021bi de m\u0103surile guvernamentale Abrudean, despre plecarea de la \u0219efia Senatului: N-am motive s\u0103 demisionez. Nu PNL a generat criza politic\u0103 <\/p>\n\n\n\n<p>Oamenii sunt sup\u0103ra\u021bi c\u0103 pe pod abia mai \u00eencape un autoturism, iar despre accesul cu utilaje c\u0103tre terenurile agricole nici m\u0103car nu mai poate fi vorba.<\/p>\n\n\n\n<p> -Suntem la limit\u0103. Deci mergem la 20 cm \u0219i ag\u0103\u021b\u0103m aici. Am trecut prin Cri\u0219. Am r\u0103mas \u00eempotmoli\u021bi aici la greu. Au tras 3-4 tractoare un tractor.<\/p>\n\n\n\n<p> Aproape 800.000 de euro a investit Consiliul Jude\u021bean din Arad pentru reabilitarea podului de la \u0218icula, pe care l-a \u0219i inaugurat \u00eenainte de Cr\u0103ciun. Oamenii \u0219i-au dat seama de problem\u0103 abia c\u00e2nd au \u00eenceput muncile c\u00e2mpului, \u00een prim\u0103var\u0103.<\/p>\n\n\n\n<p> M\u0103d\u0103lin Micu, agricultor: Parape\u021bii sunt prea \u00eenal\u021bi \u0219i nu poate s\u0103 treac\u0103, din cauz\u0103 c\u0103 au gabarit mare. Au \u00eencercat s\u0103 treac\u0103 prin ap\u0103, c\u0103 nu aveau pe unde s\u0103 treac\u0103. <\/p>\n\n\n\n<p>-Am venit p\u00e2n\u0103 aici, am \u00eentors \u00eenapoi cu utilajul \u0219i-am trecut prin ap\u0103. Acolo unii au r\u0103mas \u00eempotmoli\u021bi, al\u021bii au trecut. <\/p>\n\n\n\n<p>Culmea e c\u0103 \u0219i trotuarele sunt prea \u00eenguste. Oamenii spun c\u0103 tot pe \u0219osea trebuie s\u0103 treac\u0103, pentru c\u0103 traseul pentru pietoni e prea mic.<\/p>\n\n\n\n<p> Primarul din localitate spune c\u0103 a sesizat deja Consiliul Jude\u021bean de problem\u0103 \u0219i sper\u0103 \u00eentr-o rezolvare.<\/p>\n\n\n\n<p> Nu\u021bu Valea primar \u0218icula: Am f\u0103cut o adres\u0103 \u00een momentul \u00een care am constatat faptul c\u0103 utilajele agricole nu pot s\u0103 treaca podul. Am primit un r\u0103spuns c\u0103 podul este proiectat \u00een norme \u0219i standarde actuale. Exist\u0103 disponibilitatea pentru a se rezolva problema. <\/p>\n\n\n\n<p>Speran\u021ba este doar a primarului, pentru c\u0103 cei de la Consiliul Jude\u021bean sunt de neclinitit. Podul nu se modific\u0103, dar au cateva propuneri. <\/p>\n\n\n\n<p>Andrei Ando, director comunicare CJA: Pentru traversarea r\u00e2ului, sunt dou\u0103 variante. Fie se organizeaz\u0103 transporturi speciale, asta \u00eenseamn\u0103 c\u0103 ei ar trebui s\u0103 pl\u0103teasc\u0103 pentru a traversa respectivul pod cu utilajele agabaritice pe ni\u0219te trailere, fie s\u0103 \u00eenconjoare acei c\u00e2\u021biva zeci de kilometri, pentru acces la terenurile agricole.<\/p>\n\n\n\n<p> Autorit\u0103\u021bile au precizat c\u0103 podul a fost realizat conform proiectului \u0219i respect\u0103 toate normele \u00een vigoare.<\/p>\n\n\n\n<p>Sursa:digi24    Foto:digi24<\/p>\n","protected":false},"excerpt":{"rendered":"<p>Situa\u021bie paradoxal\u0103 \u00een jude\u021bul Arad. Un pod reabilitat de cur\u00e2nd, care ar fi trebuit s\u0103 \u00eenlesneasc\u0103 accesul \u00een zon\u0103, mai<\/p>\n","protected":false},"author":1,"featured_media":136201,"comment_status":"open","ping_status":"closed","sticky":false,"template":"","format":"standard","meta":{"spay_email":"","footnotes":"","jetpack_publicize_message":""},"categories":[6],"tags":[],"class_list":["post-136200","post","type-post","status-publish","format-standard","has-post-thumbnail","hentry","category-social"],"jetpack_featured_media_url":"https:\/\/i1.wp.com\/realitatearutiera.ro\/wp-content\/uploads\/2026\/04\/image-165.png?fit=780%2C440&ssl=1","jetpack_publicize_connections":[],"jetpack_sharing_enabled":true,"jetpack_shortlink":"https:\/\/wp.me\/p61naM-zqM","jetpack-related-posts":[],"_links":{"self":[{"href":"https:\/\/realitatearutiera.ro\/index.php?rest_route=\/wp\/v2\/posts\/136200","targetHints":{"allow":["GET"]}}],"collection":[{"href":"https:\/\/realitatearutiera.ro\/index.php?rest_route=\/wp\/v2\/posts"}],"about":[{"href":"https:\/\/realitatearutiera.ro\/index.php?rest_route=\/wp\/v2\/types\/post"}],"author":[{"embeddable":true,"href":"https:\/\/realitatearutiera.ro\/index.php?rest_route=\/wp\/v2\/users\/1"}],"replies":[{"embeddable":true,"href":"https:\/\/realitatearutiera.ro\/index.php?rest_route=%2Fwp%2Fv2%2Fcomments&post=136200"}],"version-history":[{"count":1,"href":"https:\/\/realitatearutiera.ro\/index.php?rest_route=\/wp\/v2\/posts\/136200\/revisions"}],"predecessor-version":[{"id":136202,"href":"https:\/\/realitatearutiera.ro\/index.php?rest_route=\/wp\/v2\/posts\/136200\/revisions\/136202"}],"wp:featuredmedia":[{"embeddable":true,"href":"https:\/\/realitatearutiera.ro\/index.php?rest_route=\/wp\/v2\/media\/136201"}],"wp:attachment":[{"href":"https:\/\/realitatearutiera.ro\/index.php?rest_route=%2Fwp%2Fv2%2Fmedia&parent=136200"}],"wp:term":[{"taxonomy":"category","embeddable":true,"href":"https:\/\/realitatearutiera.ro\/index.php?rest_route=%2Fwp%2Fv2%2Fcategories&post=136200"},{"taxonomy":"post_tag","embeddable":true,"href":"https:\/\/realitatearutiera.ro\/index.php?rest_route=%2Fwp%2Fv2%2Ftags&post=136200"}],"curies":[{"name":"wp","href":"https:\/\/api.w.org\/{rel}","templated":true}]}}