{"id":136219,"date":"2026-04-30T07:47:19","date_gmt":"2026-04-30T04:47:19","guid":{"rendered":"http:\/\/realitatearutiera.ro\/?p=136219"},"modified":"2026-04-30T07:47:22","modified_gmt":"2026-04-30T04:47:22","slug":"vremea-394","status":"publish","type":"post","link":"https:\/\/realitatearutiera.ro\/?p=136219","title":{"rendered":"Vremea"},"content":{"rendered":"\n<p><strong>Frontul atmosferic de azi aduce o r\u0103cire semnificativ\u0103 la nivelul \u00eentregii \u021b\u0103ri, cu temperaturi neobi\u0219nuit de sc\u0103zute pentru final de aprilie, precipita\u021bii frecvente \u0219i chiar ninsori la munte, contur\u00e2nd un tablou de vreme rece, instabil\u0103 \u0219i mohor\u00e2t\u0103.<\/strong><\/p>\n\n\n\n<h2 class=\"wp-block-heading\">Vremea \u00een Rom\u00e2nia<\/h2>\n\n\n\n<p>Vremea va intra \u00eentr-un proces accentuat de r\u0103cire, astfel c\u0103 valorile termice se vor situa sub mediile obi\u0219nuite ale perioadei, devenind chiar deosebit de reci \u00een sudul, centrul \u0219i estul \u021b\u0103rii. Cerul va fi mai mult noros, iar ploile vor ap\u0103rea temporar \u00een Oltenia, urm\u00e2nd ca pe parcursul zilei s\u0103 se extind\u0103 \u0219i \u00een Muntenia, Dobrogea, local \u00een Transilvania \u0219i izolat \u00een celelalte regiuni, cu o probabilitate mai ridicat\u0103 \u00een Moldova.<\/p>\n\n\n\n<p>La munte vor predomina precipita\u021biile mixte, iar la altitudini mari va ninge \u0219i se va depune strat de z\u0103pad\u0103. V\u00e2ntul va sufla slab \u0219i moderat, cu unele intensific\u0103ri \u00een vest, sud \u0219i sud-est, precum \u0219i la munte.<\/p>\n\n\n\n<p>Temperaturile maxime vor fi cuprinse \u00eentre 8 \u0219i 15 grade, iar cele minime \u00eentre -5 grade \u00een depresiunile Carpa\u021bilor Orientali \u0219i aproximativ 7 grade pe litoral. Pe timpul nop\u021bii, \u00een nord \u0219i izolat \u00een rest, se va forma brum\u0103.<\/p>\n\n\n\n<h2 class=\"wp-block-heading\">Vremea pe regiuni<\/h2>\n\n\n\n<p><strong>Nord \u0219i vest<\/strong><br>\u00cen jum\u0103tatea nordic\u0103 \u0219i vestic\u0103 a \u021b\u0103rii, vremea va fi \u00eenchis\u0103 \u0219i r\u0103coroas\u0103, cu maxime de 10\u201314 grade \u0219i minime de 0\u20133 grade. Ploile vor ap\u0103rea pe arii restr\u00e2nse, iar v\u00e2ntul va avea unele intensific\u0103ri temporare.<\/p>\n\n\n\n<p><strong>Sud \u0219i sud-est<\/strong><br>\u00cen sud \u0219i sud-est, inclusiv \u00een Muntenia \u0219i Dobrogea, r\u0103cirea va fi mai accentuat\u0103. Temperaturile maxime vor fi de 8\u201312 grade, iar minimele de 2\u20135 grade. Vor fi perioade cu ploi, mai ales pe parcursul zilei \u0219i al serii, iar v\u00e2ntul va sufla moderat, cu rafale u\u0219or intensificate.<\/p>\n\n\n\n<p><strong>Oltenia \u0219i sud-vest<\/strong><br>\u00cen Oltenia \u0219i \u00een sud-vest, ploile vor fi mai frecvente, iar valorile termice se vor situa \u00eentre 9 \u0219i 13 grade ziua \u0219i 3\u20136 grade noaptea, contur\u00e2nd o vreme mohor\u00e2t\u0103 \u0219i rece.<\/p>\n\n\n\n<p><strong>Est \u0219i nord-est<\/strong><br>\u00cen est \u0219i nord-est, \u00een special \u00een Moldova, probabilitatea de precipita\u021bii va fi mai ridicat\u0103. Temperaturile maxime vor ajunge la 9\u201313 grade, iar minimele vor cobor\u00ee p\u00e2n\u0103 la 1\u20134 grade, cu condi\u021bii de brum\u0103 pe timpul nop\u021bii.<\/p>\n\n\n\n<p><strong>Centrul \u021b\u0103rii \u0219i zona Carpa\u021bilor<\/strong><br>\u00cen Transilvania \u0219i \u00een zonele montane, vremea va fi deosebit de rece pentru aceast\u0103 perioad\u0103. Maximele vor fi de 8\u201312 grade, iar minimele vor cobor\u00ee frecvent sub 0 grade, p\u00e2n\u0103 la -5 grade \u00een depresiuni. La munte se vor semnala precipita\u021bii mixte \u0219i ninsori la altitudini mari.<\/p>\n\n\n\n<p><strong>Dobrogea \u0219i zona M\u0103rii Negre<\/strong><br>Pe litoral, vremea va fi rece \u0219i instabil\u0103, cu ploi temporare \u0219i temperaturi maxime de 10\u201313 grade \u0219i minime de 5\u20137 grade, cele mai ridicate din \u021bar\u0103.<\/p>\n\n\n\n<h2 class=\"wp-block-heading\">Vremea \u00een Bucure\u0219ti<\/h2>\n\n\n\n<p>Vremea va continua s\u0103 se r\u0103ceasc\u0103 accentuat, devenind deosebit de rece pentru aceast\u0103 dat\u0103. Cerul va fi mai mult noros \u0219i temporar va ploua, mai ales pe parcursul zilei \u0219i al serii. V\u00e2ntul va sufla moderat, cu rafale de 35\u201345 km\/h. Temperatura maxim\u0103 va fi de aproximativ 8 grade, iar minima \u00eentre 3 \u0219i 4 grade, posibil mai sc\u0103zut\u0103 spre 1 grad \u00een zona periurban\u0103.<\/p>\n\n\n\n<h2 class=\"wp-block-heading\">Vremea \u00een marile ora\u0219e<\/h2>\n\n\n\n<p>\u00cen&nbsp;<strong>Cluj-Napoca<\/strong>&nbsp;se vor \u00eenregistra maxime de 10\u201311 grade \u0219i minime de 1\u20132 grade.<\/p>\n\n\n\n<p>\u00cen&nbsp;<strong>Timi\u0219oara,<\/strong>&nbsp;maximele vor ajunge la 12\u201314 grade \u0219i minimele la 3\u20135 grade.<\/p>\n\n\n\n<p>La&nbsp;<strong>Ia\u0219i,<\/strong>&nbsp;temperaturile vor fi de 9\u201311 grade ziua \u0219i 2\u20134 grade noaptea.<\/p>\n\n\n\n<p>\u00cen&nbsp;<strong>Craiova,<\/strong>&nbsp;valorile vor varia \u00eentre 10 \u0219i 12 grade ziua \u0219i 3\u20135 grade noaptea.<\/p>\n\n\n\n<p>La&nbsp;<strong>Constan\u021ba<\/strong>&nbsp;se vor \u00eenregistra maxime de 11\u201313 grade \u0219i minime de 6\u20137 grade,<\/p>\n\n\n\n<p>\u00cen&nbsp;<strong>Bra\u0219ov<\/strong>&nbsp;maximele vor fi de 8\u201310 grade, cu minime ce pot cobor\u00ee p\u00e2n\u0103 la -1 grad.<\/p>\n\n\n\n<p>Sursa:cancan<\/p>\n","protected":false},"excerpt":{"rendered":"<p>Frontul atmosferic de azi aduce o r\u0103cire semnificativ\u0103 la nivelul \u00eentregii \u021b\u0103ri, cu temperaturi neobi\u0219nuit de sc\u0103zute pentru final de<\/p>\n","protected":false},"author":1,"featured_media":98444,"comment_status":"open","ping_status":"closed","sticky":false,"template":"","format":"standard","meta":{"spay_email":"","footnotes":"","jetpack_publicize_message":""},"categories":[6],"tags":[],"class_list":["post-136219","post","type-post","status-publish","format-standard","has-post-thumbnail","hentry","category-social"],"jetpack_featured_media_url":"https:\/\/i1.wp.com\/realitatearutiera.ro\/wp-content\/uploads\/2023\/05\/meteo-vremea-1-1024x379-1.jpg?fit=1024%2C379&ssl=1","jetpack_publicize_connections":[],"jetpack_sharing_enabled":true,"jetpack_shortlink":"https:\/\/wp.me\/p61naM-zr5","jetpack-related-posts":[],"_links":{"self":[{"href":"https:\/\/realitatearutiera.ro\/index.php?rest_route=\/wp\/v2\/posts\/136219","targetHints":{"allow":["GET"]}}],"collection":[{"href":"https:\/\/realitatearutiera.ro\/index.php?rest_route=\/wp\/v2\/posts"}],"about":[{"href":"https:\/\/realitatearutiera.ro\/index.php?rest_route=\/wp\/v2\/types\/post"}],"author":[{"embeddable":true,"href":"https:\/\/realitatearutiera.ro\/index.php?rest_route=\/wp\/v2\/users\/1"}],"replies":[{"embeddable":true,"href":"https:\/\/realitatearutiera.ro\/index.php?rest_route=%2Fwp%2Fv2%2Fcomments&post=136219"}],"version-history":[{"count":1,"href":"https:\/\/realitatearutiera.ro\/index.php?rest_route=\/wp\/v2\/posts\/136219\/revisions"}],"predecessor-version":[{"id":136220,"href":"https:\/\/realitatearutiera.ro\/index.php?rest_route=\/wp\/v2\/posts\/136219\/revisions\/136220"}],"wp:featuredmedia":[{"embeddable":true,"href":"https:\/\/realitatearutiera.ro\/index.php?rest_route=\/wp\/v2\/media\/98444"}],"wp:attachment":[{"href":"https:\/\/realitatearutiera.ro\/index.php?rest_route=%2Fwp%2Fv2%2Fmedia&parent=136219"}],"wp:term":[{"taxonomy":"category","embeddable":true,"href":"https:\/\/realitatearutiera.ro\/index.php?rest_route=%2Fwp%2Fv2%2Fcategories&post=136219"},{"taxonomy":"post_tag","embeddable":true,"href":"https:\/\/realitatearutiera.ro\/index.php?rest_route=%2Fwp%2Fv2%2Ftags&post=136219"}],"curies":[{"name":"wp","href":"https:\/\/api.w.org\/{rel}","templated":true}]}}