{"id":136223,"date":"2026-04-30T08:11:44","date_gmt":"2026-04-30T05:11:44","guid":{"rendered":"http:\/\/realitatearutiera.ro\/?p=136223"},"modified":"2026-04-30T08:11:46","modified_gmt":"2026-04-30T05:11:46","slug":"de-la-impact-la-dezastru-masina-intrata-intr-o-frizerie","status":"publish","type":"post","link":"https:\/\/realitatearutiera.ro\/?p=136223","title":{"rendered":"De la impact la dezastru: ma\u0219in\u0103 intrat\u0103 \u00eentr-o frizerie"},"content":{"rendered":"\n<p>Un accident grav a avut loc pe strada Miori\u021bei din Bac\u0103u, unde o \u0219oferi\u021b\u0103 a pierdut controlul volanului, iar ma\u0219ina pe care o conducea a intrat direct \u00eentr-o frizerie. Impactul a provocat pagube materiale, iar imaginile surprinse de camerele de supraveghere sunt analizate de anchetatori pentru a stabili exact cum s-a produs incidentul.<a href=\"https:\/\/observatornews.ro\/autori\/redactia-observator-id29.html\"><\/a><\/p>\n\n\n\n<p>Accidentul s-a produs pe strada Miori\u021bei din Bac\u0103u, unde un autoturism a ajuns \u00een interiorul unei frizerii dup\u0103 ce \u0219oferi\u021ba a pierdut controlul direc\u021biei de mers.<\/p>\n\n\n\n<p>Din primele date, femeia conducea un Renault \u00een momentul \u00een care, din motive \u00eenc\u0103 neclare, ma\u0219ina a ie\u0219it de pe carosabil \u0219i a p\u0103truns direct \u00eentr-un spa\u021biu comercial \u00een care func\u021bioneaz\u0103 o frizerie. Impactul a provocat pagube, \u00eens\u0103 circumstan\u021bele exacte ale producerii accidentului urmeaz\u0103 s\u0103 fie stabilite.<\/p>\n\n\n\n<p>Scenele au fost surprinse de camerele de supraveghere din zon\u0103, iar imaginile vor fi analizate de anchetatori pentru a reconstitui firul evenimentelor.<\/p>\n\n\n\n<p>Poli\u021bi\u0219tii au demarat cercet\u0103ri pentru a stabili cauzele producerii accidentului \u0219i eventualele responsabilit\u0103\u021bi.<\/p>\n\n\n\n<p>Sursa:stirileprotv<\/p>\n\n\n\n<p><\/p>\n","protected":false},"excerpt":{"rendered":"<p>Un accident grav a avut loc pe strada Miori\u021bei din Bac\u0103u, unde o \u0219oferi\u021b\u0103 a pierdut controlul volanului, iar ma\u0219ina<\/p>\n","protected":false},"author":1,"featured_media":121916,"comment_status":"open","ping_status":"closed","sticky":false,"template":"","format":"standard","meta":{"spay_email":"","footnotes":"","jetpack_publicize_message":""},"categories":[1],"tags":[],"class_list":["post-136223","post","type-post","status-publish","format-standard","has-post-thumbnail","hentry","category-uncategorized"],"jetpack_featured_media_url":"https:\/\/i2.wp.com\/realitatearutiera.ro\/wp-content\/uploads\/2025\/03\/accident-rutier-cu-victima.jpg?fit=1191%2C568&ssl=1","jetpack_publicize_connections":[],"jetpack_sharing_enabled":true,"jetpack_shortlink":"https:\/\/wp.me\/p61naM-zr9","jetpack-related-posts":[],"_links":{"self":[{"href":"https:\/\/realitatearutiera.ro\/index.php?rest_route=\/wp\/v2\/posts\/136223","targetHints":{"allow":["GET"]}}],"collection":[{"href":"https:\/\/realitatearutiera.ro\/index.php?rest_route=\/wp\/v2\/posts"}],"about":[{"href":"https:\/\/realitatearutiera.ro\/index.php?rest_route=\/wp\/v2\/types\/post"}],"author":[{"embeddable":true,"href":"https:\/\/realitatearutiera.ro\/index.php?rest_route=\/wp\/v2\/users\/1"}],"replies":[{"embeddable":true,"href":"https:\/\/realitatearutiera.ro\/index.php?rest_route=%2Fwp%2Fv2%2Fcomments&post=136223"}],"version-history":[{"count":1,"href":"https:\/\/realitatearutiera.ro\/index.php?rest_route=\/wp\/v2\/posts\/136223\/revisions"}],"predecessor-version":[{"id":136224,"href":"https:\/\/realitatearutiera.ro\/index.php?rest_route=\/wp\/v2\/posts\/136223\/revisions\/136224"}],"wp:featuredmedia":[{"embeddable":true,"href":"https:\/\/realitatearutiera.ro\/index.php?rest_route=\/wp\/v2\/media\/121916"}],"wp:attachment":[{"href":"https:\/\/realitatearutiera.ro\/index.php?rest_route=%2Fwp%2Fv2%2Fmedia&parent=136223"}],"wp:term":[{"taxonomy":"category","embeddable":true,"href":"https:\/\/realitatearutiera.ro\/index.php?rest_route=%2Fwp%2Fv2%2Fcategories&post=136223"},{"taxonomy":"post_tag","embeddable":true,"href":"https:\/\/realitatearutiera.ro\/index.php?rest_route=%2Fwp%2Fv2%2Ftags&post=136223"}],"curies":[{"name":"wp","href":"https:\/\/api.w.org\/{rel}","templated":true}]}}