{"id":136225,"date":"2026-04-30T08:16:08","date_gmt":"2026-04-30T05:16:08","guid":{"rendered":"http:\/\/realitatearutiera.ro\/?p=136225"},"modified":"2026-04-30T08:16:11","modified_gmt":"2026-04-30T05:16:11","slug":"cnair-anunta-restrictii-majore-inainte-de-1-mai-ce-rute-sunt-vizate","status":"publish","type":"post","link":"https:\/\/realitatearutiera.ro\/?p=136225","title":{"rendered":"CNAIR anun\u021b\u0103 restric\u021bii majore \u00eenainte de 1 Mai. Ce rute sunt vizate"},"content":{"rendered":"\n<p>\u0218oferii din Bucure\u0219ti trebuie s\u0103 se preg\u0103teasc\u0103 pentru mai multe restric\u021bii de circula\u021bie \u00eencep\u00e2nd cu finalul lunii aprilie \u0219i \u00eenceputul lunii mai. Brigada Rutier\u0103 a anun\u021bat \u00eenchiderea complet\u0103 a unor str\u0103zi din Capital\u0103 pentru lucr\u0103ri la linia de tramvai, iar Compania Na\u021bional\u0103 de Administrare a Infrastructurii Rutiere (CNAIR) a confirmat restric\u021bii pentru vehiculele de mare tonaj pe autostrada A2 Bucure\u0219ti \u2013 Constan\u021ba \u0219i pe mai multe drumuri na\u021bionale.<\/p>\n\n\n\n<p>Din cuprinsul articolului<\/p>\n\n\n\n<ul id=\"menuTabela\" class=\"wp-block-list\">\n<li><a href=\"https:\/\/www.capital.ro\/restrictii-de-circulatie-in-bucuresti-si-pe-autostrada-inainte-de-1-mai-mai-multe-sosele-se-inchid-complet-lista-cnair.html#brigada-rutiera-strazile-paleologul-si-vasile-lascar-se-inchid-complet-pentru-lucrari-de-modernizare\">Brigada Rutier\u0103: Str\u0103zile Paleologul \u0219i Vasile Lasc\u0103r se \u00eenchid complet pentru lucr\u0103ri de modernizare<\/a><\/li>\n\n\n\n<li><a href=\"https:\/\/www.capital.ro\/restrictii-de-circulatie-in-bucuresti-si-pe-autostrada-inainte-de-1-mai-mai-multe-sosele-se-inchid-complet-lista-cnair.html#vehiculele-de-peste-75-tone-vor-avea-interdictie-pe-a2-bucuresti-constanta\">Vehiculele de peste 7,5 tone vor avea interdic\u021bie pe A2 Bucure\u0219ti \u2013 Constan\u021ba<\/a><\/li>\n\n\n\n<li><a href=\"https:\/\/www.capital.ro\/restrictii-de-circulatie-in-bucuresti-si-pe-autostrada-inainte-de-1-mai-mai-multe-sosele-se-inchid-complet-lista-cnair.html#restrictii-similare-si-pe-dn7-si-dn39-in-perioada-minivacantei\">Restric\u021bii similare \u0219i pe DN7 \u0219i DN39 \u00een perioada minivacan\u021bei<\/a><\/li>\n\n\n\n<li><a href=\"https:\/\/www.capital.ro\/restrictii-de-circulatie-in-bucuresti-si-pe-autostrada-inainte-de-1-mai-mai-multe-sosele-se-inchid-complet-lista-cnair.html#nerespectarea-restrictiilor-poate-aduce-amenzi-pentru-transportatori\">Nerespectarea restric\u021biilor poate aduce amenzi pentru transportatori<\/a><\/li>\n<\/ul>\n\n\n\n<h2 class=\"wp-block-heading\" id=\"brigada-rutiera-strazile-paleologul-si-vasile-lascar-se-inchid-complet-pentru-lucrari-de-modernizare\"><a href=\"https:\/\/www.capital.ro\/restrictii-de-circulatie-in-bucuresti-si-pe-autostrada-inainte-de-1-mai-mai-multe-sosele-se-inchid-complet-lista-cnair.html#brigada-rutiera-strazile-paleologul-si-vasile-lascar-se-inchid-complet-pentru-lucrari-de-modernizare\">Brigada Rutier\u0103: Str\u0103zile Paleologul \u0219i Vasile Lasc\u0103r se \u00eenchid complet pentru lucr\u0103ri de modernizare<\/a><\/h2>\n\n\n\n<p>De luni, 4 mai 2026, de la ora 10:00, circula\u021bia ma\u0219inilor va fi complet \u00eenchis\u0103 pe strada Paleologul \u0219i pe strada Vasile Lasc\u0103r, potrivit informa\u021biilor transmise de Brigada Rutier\u0103. Restric\u021biile sunt necesare pentru efectuarea unor lucr\u0103ri de modernizare a liniei de&nbsp;<a href=\"https:\/\/www.capital.ro\/apanova-anunta-investitii-in-retelele-de-apa-din-bucuresti-49-de-milioane-de-euro-pentru-modernizarea-retelelor-de-apa-si-canalizare.html\">tramvai<\/a>.<\/p>\n\n\n\n<p>P\u00e2n\u0103 \u00een acest moment, autorit\u0103\u021bile nu au anun\u021bat perioada exact\u0103 \u00een care aceste restric\u021bii vor r\u0103m\u00e2ne \u00een vigoare.<\/p>\n\n\n\n<p>Tot din s\u0103pt\u0103m\u00e2na viitoare vor \u00eencepe lucr\u0103ri \u0219i pe strada Armand C\u0103linescu, unde circula\u021bia va fi afectat\u0103 par\u021bial. Pe anumite segmente, traficul va fi asigurat pe o singur\u0103 band\u0103.<\/p>\n\n\n\n<figure class=\"wp-block-image\"><img decoding=\"async\" src=\"https:\/\/ib.adnxs.com\/getuid?https%3A%2F%2Fv6.truvidplayer.com%2Flive%2Fusersync.php%3Fprovider_id%3Dxandr%26user_id%3D%24UID%26agreed%3Dtrue%26gdpr%3D1%26gdprApplies%3D1%26gdpr_consent%3DCQjbOQAQjbOQAAKA9AROCcFsAP_gAEPgACJwMYtR_G__bWlr-bb3abtkeYxP9_hr7sQxBgbJk24FzLvW7JwHx2E5NAzatqIKmRIAu3TBIQNlHJDURUCgKIgFryDMaE2U4TNKJ6BkiFMZA2tYCFxvm4tjWQCY4ur_9kc1mB-t7dr82dzyy6hHn3a5fmS1UJCdIYetDfv8ZBOT-9IEd-x8v4v4_EbpEm8eS1n_pGtp4jd6YnM_dBmxt-Tyff7Pn__rl_e7X_ve_n3zv8oXn7rr____f_-7___2b_-___b-__7J_zIMYAAmGh0QRlkQKBAoCEECABQVhABQIAgAASBogIATBgQ5AwAXWEyAEAKAAYIAQAAgwABAAAJAAhEAEABAIAQIBAoAAwAIAgIAGBgADABYiAQAAgOgYpgQQCBYAJEZUBpgQgAJBAS2VCCUDAgrhCkWOAQQIiYKAAAEAAoAAEB8LAQklBKxIIAuILoAEAAAAKIEWBFIWYAgqDNFoKwJOAyNMASPMEySnQRAEwQkZBkQmqCQeKYohQQ5AbFLMAdPEFADLtZIQ_1AswAA.IMYtR_G__bXlv-bb36btkeYxf9_hr7sQxBgbJs24FzLvW7JwH32E7NEzatqYKmRIAu3TBIQNtHJjURUChKIgVrzDsaE2U4TtKJ-BkiHMZY2tYCFxvm4tjWQCZ4ur_90d9mR-t7dr-2dzy27hnv3a9fuS1UJidKYetHfv8ZBOT-_IU9_x-_4v4_MbpEm8eS1v_tWtt43d64vP_dpuxt-Tyff7fv__73_e7X__e__33_-qX3_r7____________f__________9__4.YAAAAAAAAAAA\" alt=\"\"\/><\/figure>\n\n\n\n<figure class=\"wp-block-image\"><img decoding=\"async\" src=\"https:\/\/image8.pubmatic.com\/AdServer\/ImgSync?p=167031&amp;gdpr=1&amp;gdpr_consent=CQjbOQAQjbOQAAKA9AROCcFsAP_gAEPgACJwMYtR_G__bWlr-bb3abtkeYxP9_hr7sQxBgbJk24FzLvW7JwHx2E5NAzatqIKmRIAu3TBIQNlHJDURUCgKIgFryDMaE2U4TNKJ6BkiFMZA2tYCFxvm4tjWQCY4ur_9kc1mB-t7dr82dzyy6hHn3a5fmS1UJCdIYetDfv8ZBOT-9IEd-x8v4v4_EbpEm8eS1n_pGtp4jd6YnM_dBmxt-Tyff7Pn__rl_e7X_ve_n3zv8oXn7rr____f_-7___2b_-___b-__7J_zIMYAAmGh0QRlkQKBAoCEECABQVhABQIAgAASBogIATBgQ5AwAXWEyAEAKAAYIAQAAgwABAAAJAAhEAEABAIAQIBAoAAwAIAgIAGBgADABYiAQAAgOgYpgQQCBYAJEZUBpgQgAJBAS2VCCUDAgrhCkWOAQQIiYKAAAEAAoAAEB8LAQklBKxIIAuILoAEAAAAKIEWBFIWYAgqDNFoKwJOAyNMASPMEySnQRAEwQkZBkQmqCQeKYohQQ5AbFLMAdPEFADLtZIQ_1AswAA.IMYtR_G__bXlv-bb36btkeYxf9_hr7sQxBgbJs24FzLvW7JwH32E7NEzatqYKmRIAu3TBIQNtHJjURUChKIgVrzDsaE2U4TtKJ-BkiHMZY2tYCFxvm4tjWQCZ4ur_90d9mR-t7dr-2dzy27hnv3a9fuS1UJidKYetHfv8ZBOT-_IU9_x-_4v4_MbpEm8eS1v_tWtt43d64vP_dpuxt-Tyff7fv__73_e7X__e__33_-qX3_r7____________f__________9__4.YAAAAAAAAAAA&amp;pu=https%3A%2F%2Fv6.truvidplayer.com%2Flive%2Fusersync.php%3Fprovider_id%3Dpubmatic%26user_id%3D%23PMUID%26agreed%3Dtrue%26gdprApplies%3D1\" alt=\"\"\/><\/figure>\n\n\n\n<figure class=\"wp-block-image\"><img decoding=\"async\" src=\"https:\/\/ad.360yield.com\/server_match?partner_id=N&amp;gdpr=1&amp;gdpr_consent=CQjbOQAQjbOQAAKA9AROCcFsAP_gAEPgACJwMYtR_G__bWlr-bb3abtkeYxP9_hr7sQxBgbJk24FzLvW7JwHx2E5NAzatqIKmRIAu3TBIQNlHJDURUCgKIgFryDMaE2U4TNKJ6BkiFMZA2tYCFxvm4tjWQCY4ur_9kc1mB-t7dr82dzyy6hHn3a5fmS1UJCdIYetDfv8ZBOT-9IEd-x8v4v4_EbpEm8eS1n_pGtp4jd6YnM_dBmxt-Tyff7Pn__rl_e7X_ve_n3zv8oXn7rr____f_-7___2b_-___b-__7J_zIMYAAmGh0QRlkQKBAoCEECABQVhABQIAgAASBogIATBgQ5AwAXWEyAEAKAAYIAQAAgwABAAAJAAhEAEABAIAQIBAoAAwAIAgIAGBgADABYiAQAAgOgYpgQQCBYAJEZUBpgQgAJBAS2VCCUDAgrhCkWOAQQIiYKAAAEAAoAAEB8LAQklBKxIIAuILoAEAAAAKIEWBFIWYAgqDNFoKwJOAyNMASPMEySnQRAEwQkZBkQmqCQeKYohQQ5AbFLMAdPEFADLtZIQ_1AswAA.IMYtR_G__bXlv-bb36btkeYxf9_hr7sQxBgbJs24FzLvW7JwH32E7NEzatqYKmRIAu3TBIQNtHJjURUChKIgVrzDsaE2U4TtKJ-BkiHMZY2tYCFxvm4tjWQCZ4ur_90d9mR-t7dr-2dzy27hnv3a9fuS1UJidKYetHfv8ZBOT-_IU9_x-_4v4_MbpEm8eS1v_tWtt43d64vP_dpuxt-Tyff7fv__73_e7X__e__33_-qX3_r7____________f__________9__4.YAAAAAAAAAAA&amp;us_privacy=1---&amp;r=https%3A%2F%2Fv6.truvidplayer.com%2Flive%2Fusersync.php%3Fprovider_id%3Dazerion%26user_id%3D%7BPUB_USER_ID%7D%26agreed%3Dtrue%26gdprApplies%3D1\" alt=\"\"\/><\/figure>\n\n\n\n<figure class=\"wp-block-image\"><img decoding=\"async\" src=\"https:\/\/sync.smartadserver.com\/getuid?url=https%3A%2F%2Fv6.truvidplayer.com%2Flive%2Fusersync.php%3Fprovider_id%3Dequative%26gdprApplies%3D1%26user_id%3D[sas_uid]%26agreed%3Dtrue&amp;gdpr_consent=CQjbOQAQjbOQAAKA9AROCcFsAP_gAEPgACJwMYtR_G__bWlr-bb3abtkeYxP9_hr7sQxBgbJk24FzLvW7JwHx2E5NAzatqIKmRIAu3TBIQNlHJDURUCgKIgFryDMaE2U4TNKJ6BkiFMZA2tYCFxvm4tjWQCY4ur_9kc1mB-t7dr82dzyy6hHn3a5fmS1UJCdIYetDfv8ZBOT-9IEd-x8v4v4_EbpEm8eS1n_pGtp4jd6YnM_dBmxt-Tyff7Pn__rl_e7X_ve_n3zv8oXn7rr____f_-7___2b_-___b-__7J_zIMYAAmGh0QRlkQKBAoCEECABQVhABQIAgAASBogIATBgQ5AwAXWEyAEAKAAYIAQAAgwABAAAJAAhEAEABAIAQIBAoAAwAIAgIAGBgADABYiAQAAgOgYpgQQCBYAJEZUBpgQgAJBAS2VCCUDAgrhCkWOAQQIiYKAAAEAAoAAEB8LAQklBKxIIAuILoAEAAAAKIEWBFIWYAgqDNFoKwJOAyNMASPMEySnQRAEwQkZBkQmqCQeKYohQQ5AbFLMAdPEFADLtZIQ_1AswAA.IMYtR_G__bXlv-bb36btkeYxf9_hr7sQxBgbJs24FzLvW7JwH32E7NEzatqYKmRIAu3TBIQNtHJjURUChKIgVrzDsaE2U4TtKJ-BkiHMZY2tYCFxvm4tjWQCZ4ur_90d9mR-t7dr-2dzy27hnv3a9fuS1UJidKYetHfv8ZBOT-_IU9_x-_4v4_MbpEm8eS1v_tWtt43d64vP_dpuxt-Tyff7fv__73_e7X__e__33_-qX3_r7____________f__________9__4.YAAAAAAAAAAA&amp;nwid=3356\" alt=\"\"\/><\/figure>\n\n\n\n<figure class=\"wp-block-image\"><img decoding=\"async\" src=\"https:\/\/fast.nexx360.io\/usermatchredir\/redirect?gdpr=1&amp;gdpr_consent=CQjbOQAQjbOQAAKA9AROCcFsAP_gAEPgACJwMYtR_G__bWlr-bb3abtkeYxP9_hr7sQxBgbJk24FzLvW7JwHx2E5NAzatqIKmRIAu3TBIQNlHJDURUCgKIgFryDMaE2U4TNKJ6BkiFMZA2tYCFxvm4tjWQCY4ur_9kc1mB-t7dr82dzyy6hHn3a5fmS1UJCdIYetDfv8ZBOT-9IEd-x8v4v4_EbpEm8eS1n_pGtp4jd6YnM_dBmxt-Tyff7Pn__rl_e7X_ve_n3zv8oXn7rr____f_-7___2b_-___b-__7J_zIMYAAmGh0QRlkQKBAoCEECABQVhABQIAgAASBogIATBgQ5AwAXWEyAEAKAAYIAQAAgwABAAAJAAhEAEABAIAQIBAoAAwAIAgIAGBgADABYiAQAAgOgYpgQQCBYAJEZUBpgQgAJBAS2VCCUDAgrhCkWOAQQIiYKAAAEAAoAAEB8LAQklBKxIIAuILoAEAAAAKIEWBFIWYAgqDNFoKwJOAyNMASPMEySnQRAEwQkZBkQmqCQeKYohQQ5AbFLMAdPEFADLtZIQ_1AswAA.IMYtR_G__bXlv-bb36btkeYxf9_hr7sQxBgbJs24FzLvW7JwH32E7NEzatqYKmRIAu3TBIQNtHJjURUChKIgVrzDsaE2U4TtKJ-BkiHMZY2tYCFxvm4tjWQCZ4ur_90d9mR-t7dr-2dzy27hnv3a9fuS1UJidKYetHfv8ZBOT-_IU9_x-_4v4_MbpEm8eS1v_tWtt43d64vP_dpuxt-Tyff7fv__73_e7X__e__33_-qX3_r7____________f__________9__4.YAAAAAAAAAAA&amp;redir=https%3A%2F%2Fv6.truvidplayer.com%2Flive%2Fusersync.php%3Fprovider_id%3Dunruly%26user_id%3D%24UID%26agreed%3Dtrue%26gdprApplies%3D1\" alt=\"\"\/><\/figure>\n\n\n\n<p>Poli\u021bi\u0219tii rutieri recomand\u0103 \u0219oferilor s\u0103 circule cu aten\u021bie sporit\u0103 \u00een aceste zone, s\u0103 p\u0103streze distan\u021ba de siguran\u021b\u0103 \u00eentre vehicule \u0219i s\u0103 respecte indica\u021biile agen\u021bilor afla\u021bi \u00een teren.<\/p>\n\n\n\n<h3 class=\"wp-block-heading\" id=\"vehiculele-de-peste-75-tone-vor-avea-interdictie-pe-a2-bucuresti-constanta\"><a href=\"https:\/\/www.capital.ro\/restrictii-de-circulatie-in-bucuresti-si-pe-autostrada-inainte-de-1-mai-mai-multe-sosele-se-inchid-complet-lista-cnair.html#vehiculele-de-peste-75-tone-vor-avea-interdictie-pe-a2-bucuresti-constanta\">Vehiculele de peste 7,5 tone vor avea interdic\u021bie pe A2 Bucure\u0219ti \u2013 Constan\u021ba<\/a><\/h3>\n\n\n\n<p>CNAIR&nbsp;<a href=\"https:\/\/cnadnr.ro\/ro\/comunicare\/comunicate-de-presa\/interes-general\/restric%C8%9Bii-de-circula%C8%9Bie-75-t-%C3%AEn-zilele-de-30-aprilie\" target=\"_blank\" rel=\"noreferrer noopener\">a anun\u021bat<\/a>&nbsp;restric\u021bii speciale pentru vehiculele cu masa total\u0103 maxim\u0103 autorizat\u0103 mai mare de 7,5 tone, altele dec\u00e2t cele destinate exclusiv transportului de persoane. M\u0103sura se aplic\u0103 \u00een zilele de 30 aprilie \u0219i 1 mai 2026, \u00een baza Ordinului MT-MAI nr. 1249-132\/2018.<\/p>\n\n\n\n<blockquote class=\"wp-block-quote is-layout-flow wp-block-quote-is-layout-flow\">\n<p>\u201eCNAIR informeaz\u0103 participan\u021bii la trafic c\u0103, potrivit prevederilor Ordinului MT-MAI nr. 1249-132\/2018, circula\u021bia vehiculelor rutiere cu masa total\u0103 maxim\u0103 autorizat\u0103 mai mare de 7,5 tone, altele dec\u00e2t cele destinate exclusiv transportului de persoane, este interzis\u0103 \u00een zilele de joi, 30 aprilie (ziua premerg\u0103toare zilei de s\u0103rb\u0103toare legal\u0103) \u0219i vineri, 1 mai (Ziua Muncii), pe unele sectoare de autostr\u0103zi \u0219i drumuri na\u021bionale europene (E)\u201d, transmite CNAIR.<\/p>\n<\/blockquote>\n\n\n\n<p>Pe autostrada A2 Bucure\u0219ti \u2013 Constan\u021ba, pe tronsonul dintre intersec\u021bia cu DNCB \u0219i intersec\u021bia cu A4,&nbsp;<a href=\"https:\/\/www.capital.ro\/permis-auto-2026-situatia-in-care-soferii-trebuie-sa-dea-din-nou-examen-legislatia-europeana-prevede-clar-cand-trebuie-reluata-procedura-de-la-zero.html\">restric\u021biile<\/a>&nbsp;vor fi valabile pe ambele sensuri. \u00cen data de 30 aprilie, circula\u021bia va fi interzis\u0103 \u00eentre orele 16:00 \u0219i 22:00, iar \u00een data de 1 mai \u00eentre orele 06:00 \u0219i 22:00.<\/p>\n\n\n\n<p>Aceast\u0103 m\u0103sur\u0103 vizeaz\u0103 fluidizarea traficului \u00een minivacan\u021ba de&nbsp;<a href=\"https:\/\/www.capital.ro\/magazinele-inchise-de-1-mai-cum-functioneaza-supermarketurile-si-mall-urile-program-special-si-la-ppc-energie.html\">1 Mai<\/a>, c\u00e2nd num\u0103rul ma\u0219inilor care se deplaseaz\u0103 spre litoral cre\u0219te semnificativ.<\/p>\n\n\n\n<figure class=\"wp-block-image\" id=\"attachment_1481282\"><a href=\"https:\/\/i1.wp.com\/media.capital.ro\/wp-content\/uploads\/2025\/05\/autostrada-masini-camioane-trafic.jpg?ssl=1\"><img decoding=\"async\" src=\"https:\/\/i1.wp.com\/media.capital.ro\/wp-content\/uploads\/2025\/05\/autostrada-masini-camioane-trafic.jpg?w=800&#038;ssl=1\" alt=\"autostrada, masini, camioane, trafic\" class=\"wp-image-1481282\" data-recalc-dims=\"1\"\/><\/a><figcaption class=\"wp-element-caption\">SURSA FOTO: Dreamstime \u2013 Autostrada, trafic, camioane<\/figcaption><\/figure>\n\n\n\n<h3 class=\"wp-block-heading\" id=\"restrictii-similare-si-pe-dn7-si-dn39-in-perioada-minivacantei\"><a href=\"https:\/\/www.capital.ro\/restrictii-de-circulatie-in-bucuresti-si-pe-autostrada-inainte-de-1-mai-mai-multe-sosele-se-inchid-complet-lista-cnair.html#restrictii-similare-si-pe-dn7-si-dn39-in-perioada-minivacantei\">Restric\u021bii similare \u0219i pe DN7 \u0219i DN39 \u00een perioada minivacan\u021bei<\/a><\/h3>\n\n\n\n<p>Pe DN7, pe traseul Pite\u0219ti \u2013 R\u00e2mnicu V\u00e2lcea \u2013 Ve\u0219tem, restric\u021biile pentru vehiculele de mare tonaj vor fi aplicate tot pe ambele sensuri. \u00cen 30 aprilie, intervalul de interdic\u021bie este \u00eentre orele 18:00 \u0219i 22:00, iar \u00een 1 mai \u00eentre orele 06:00 \u0219i 22:00.<\/p>\n\n\n\n<p>Pe DN39, \u00eentre Agigea \u0219i limita municipiului Mangalia, circula\u021bia va fi restric\u021bionat\u0103 \u00een acelea\u0219i intervale ca pe A2: \u00eentre 16:00 \u0219i 22:00 \u00een 30 aprilie \u0219i \u00eentre 06:00 \u0219i 22:00 \u00een 1 mai.<\/p>\n\n\n\n<p>Autorit\u0103\u021bile precizeaz\u0103 c\u0103 aceste m\u0103suri sunt luate pentru a reduce aglomera\u021bia \u0219i pentru a asigura condi\u021bii mai bune de trafic \u00een perioada s\u0103rb\u0103torii legale.<\/p>\n\n\n\n<h4 class=\"wp-block-heading\" id=\"nerespectarea-restrictiilor-poate-aduce-amenzi-pentru-transportatori\"><a href=\"https:\/\/www.capital.ro\/restrictii-de-circulatie-in-bucuresti-si-pe-autostrada-inainte-de-1-mai-mai-multe-sosele-se-inchid-complet-lista-cnair.html#nerespectarea-restrictiilor-poate-aduce-amenzi-pentru-transportatori\">Nerespectarea restric\u021biilor poate aduce amenzi pentru transportatori<\/a><\/h4>\n\n\n\n<p>CNAIR avertizeaz\u0103 c\u0103 \u00eenc\u0103lcarea prevederilor Ordinului MT-MAI nr. 1249-132\/2018 constituie contraven\u021bie \u0219i se sanc\u021bioneaz\u0103 cu amend\u0103.<\/p>\n\n\n\n<p>Transportatorii sunt sf\u0103tui\u021bi s\u0103 \u00ee\u0219i planifice din timp traseele \u0219i s\u0103 \u021bin\u0103 cont de aceste restric\u021bii pentru a evita blocajele \u0219i sanc\u021biunile.<\/p>\n","protected":false},"excerpt":{"rendered":"<p>\u0218oferii din Bucure\u0219ti trebuie s\u0103 se preg\u0103teasc\u0103 pentru mai multe restric\u021bii de circula\u021bie \u00eencep\u00e2nd cu finalul lunii aprilie \u0219i \u00eenceputul<\/p>\n","protected":false},"author":1,"featured_media":109804,"comment_status":"open","ping_status":"closed","sticky":false,"template":"","format":"standard","meta":{"spay_email":"","footnotes":"","jetpack_publicize_message":""},"categories":[54],"tags":[],"class_list":["post-136225","post","type-post","status-publish","format-standard","has-post-thumbnail","hentry","category-informatii-rutiere"],"jetpack_featured_media_url":"https:\/\/i0.wp.com\/realitatearutiera.ro\/wp-content\/uploads\/2024\/04\/120757-trafic-restrictionat-macheta_XL.jpg?fit=900%2C473&ssl=1","jetpack_publicize_connections":[],"jetpack_sharing_enabled":true,"jetpack_shortlink":"https:\/\/wp.me\/p61naM-zrb","jetpack-related-posts":[],"_links":{"self":[{"href":"https:\/\/realitatearutiera.ro\/index.php?rest_route=\/wp\/v2\/posts\/136225","targetHints":{"allow":["GET"]}}],"collection":[{"href":"https:\/\/realitatearutiera.ro\/index.php?rest_route=\/wp\/v2\/posts"}],"about":[{"href":"https:\/\/realitatearutiera.ro\/index.php?rest_route=\/wp\/v2\/types\/post"}],"author":[{"embeddable":true,"href":"https:\/\/realitatearutiera.ro\/index.php?rest_route=\/wp\/v2\/users\/1"}],"replies":[{"embeddable":true,"href":"https:\/\/realitatearutiera.ro\/index.php?rest_route=%2Fwp%2Fv2%2Fcomments&post=136225"}],"version-history":[{"count":1,"href":"https:\/\/realitatearutiera.ro\/index.php?rest_route=\/wp\/v2\/posts\/136225\/revisions"}],"predecessor-version":[{"id":136226,"href":"https:\/\/realitatearutiera.ro\/index.php?rest_route=\/wp\/v2\/posts\/136225\/revisions\/136226"}],"wp:featuredmedia":[{"embeddable":true,"href":"https:\/\/realitatearutiera.ro\/index.php?rest_route=\/wp\/v2\/media\/109804"}],"wp:attachment":[{"href":"https:\/\/realitatearutiera.ro\/index.php?rest_route=%2Fwp%2Fv2%2Fmedia&parent=136225"}],"wp:term":[{"taxonomy":"category","embeddable":true,"href":"https:\/\/realitatearutiera.ro\/index.php?rest_route=%2Fwp%2Fv2%2Fcategories&post=136225"},{"taxonomy":"post_tag","embeddable":true,"href":"https:\/\/realitatearutiera.ro\/index.php?rest_route=%2Fwp%2Fv2%2Ftags&post=136225"}],"curies":[{"name":"wp","href":"https:\/\/api.w.org\/{rel}","templated":true}]}}