{"id":136232,"date":"2026-04-30T09:08:46","date_gmt":"2026-04-30T06:08:46","guid":{"rendered":"http:\/\/realitatearutiera.ro\/?p=136232"},"modified":"2026-04-30T09:08:48","modified_gmt":"2026-04-30T06:08:48","slug":"minunea-ascunsa-a-romaniei-formatiuni-stancoase-create-de-vant-si-ploi","status":"publish","type":"post","link":"https:\/\/realitatearutiera.ro\/?p=136232","title":{"rendered":"Minunea ascuns\u0103 a Rom\u00e2niei: forma\u021biuni st\u00e2ncoase create de v\u00e2nt \u0219i ploi"},"content":{"rendered":"\n<p>Unul dintre cele mai spectaculoase locuri din Rom\u00e2nia se afl\u0103 \u00een inima Bucovinei, acolo unde natura a modelat, de-a lungul a milioane de ani, unele dintre cele mai impresionante forma\u021biuni st\u00e2ncoase din \u021bar\u0103.<img loading=\"lazy\" decoding=\"async\" src=\"https:\/\/i0.wp.com\/cdn.adh.reperio.news\/image-5\/544ebd2e-ce24-4c9b-8ed3-80e80978c4d4\/index.jpeg?resize=800%2C429&#038;ssl=1\" alt=\"Rezerva\u021bia Pietrele Doamnei \/ foto: discoverbucovina\" width=\"800\" height=\"429\"  data-recalc-dims=\"1\"><\/p>\n\n\n\n<p>Rezerva\u021bia Pietrele Doamnei \/ foto: discoverbucovina<\/p>\n\n\n\n<p>Este vorba despre Rezerva\u021bia Pietrele Doamnei, un loc care a devenit tot mai popular \u00een r\u00e2ndul turi\u0219tilor datorit\u0103 peisajelor dramatice, accesului relativ facil \u0219i pove\u0219tilor care \u00eei sporesc farmecul.<\/p>\n\n\n\n<p>Situat\u0103 \u00een Mun\u021bii Rar\u0103u, \u00een jude\u021bul Suceava, rezerva\u021bia se remarc\u0103 prin st\u00e2ncile sale impun\u0103toare, care se ridic\u0103 la peste 1.600 de metri altitudine \u0219i creeaz\u0103 un decor natural spectaculos.<\/p>\n\n\n\n<p>Aceste forma\u021biuni calcaroase, modelate de v\u00e2nt, ploi \u0219i varia\u021bii de temperatur\u0103, au ajuns s\u0103 capete forme neobi\u0219nuite, ceea ce le face unice \u00een peisajul montan din Rom\u00e2nia. Zona este ideal\u0103 at\u00e2t pentru drume\u021bii u\u0219oare, c\u00e2t \u0219i pentru explor\u0103ri mai ample, oferind \u00een acela\u0219i timp priveli\u0219ti care \u00ee\u021bi r\u0103m\u00e2n \u00een memorie mult timp.<\/p>\n\n\n\n<h2 class=\"wp-block-heading\">Istorie \u0219i legende care dau farmec locului<\/h2>\n\n\n\n<p>Rezerva\u021bia Pietrele Doamnei\u2013<a href=\"https:\/\/click.ro\/actualitate\/fapt-divers\/tunelul-misterios-din-muntii-retezat-a-fost-sapat-2442382.html\">Rar\u0103u<\/a>&nbsp;nu impresioneaz\u0103 doar prin peisaje, ci \u0219i prin pove\u0219tile care s-au transmis din genera\u021bie \u00een genera\u021bie. Una dintre cele mai cunoscute legende este legat\u0103 de Elena Rare\u0219, care s-ar fi refugiat \u00een aceste locuri \u00een timpul unei invazii otomane, al\u0103turi de familia sa \u0219i de apropia\u021bi, potrivit&nbsp;<a href=\"https:\/\/www.lapensiuni.ro\/ro\/extra\/pietrele-doamnei-din-muntii-rarau---mit-si-realitate-295\">lapensiuni.ro.&nbsp;<\/a><\/p>\n\n\n\n<p>Legenda spune c\u0103, \u00een momentul \u00een care atacatorii s-au apropiat de ascunz\u0103toare, st\u00e2nci uria\u0219e s-ar fi desprins \u0219i s-ar fi pr\u0103bu\u0219it peste ace\u0219tia, salv\u00e2ndu-i pe cei ascun\u0219i. Tot atunci, se spune c\u0103 o parte din averea domneasc\u0103 ar fi r\u0103mas \u00eengropat\u0103 \u00een zon\u0103, contribuind la misterul care \u00eenv\u0103luie \u0219i ast\u0103zi aceste locuri.<\/p>\n\n\n\n<p>Video<a href=\"https:\/\/click.ro\/actualitate\/fapt-divers\/unde-se-afla-stancile-cu-forme-unice-din-romania-2526113.html\"> aici<\/a><\/p>\n\n\n\n<p>Dincolo de aceste pove\u0219ti, exist\u0103 \u0219i explica\u021bii \u0219tiin\u021bifice solide: forma\u021biunile sunt alc\u0103tuite din calcare ce con\u021bin fosile marine, precum corali sau amoni\u021bi, semn c\u0103 \u00een urm\u0103 cu peste 140 de milioane de ani zona era acoperit\u0103 de mare. Ulterior, mi\u0219c\u0103rile tectonice au dus la ridicarea acestor forma\u021biuni, iar eroziunea le-a modelat \u00een formele spectaculoase pe care le vedem ast\u0103zi.<\/p>\n\n\n\n<h2 class=\"wp-block-heading\">Unde se afl\u0103 \u0219i cum ajungi<\/h2>\n\n\n\n<p>Accesul c\u0103tre aceast\u0103 zon\u0103 spectaculoas\u0103 este mai simplu dec\u00e2t ai crede, ceea ce o face o destina\u021bie potrivit\u0103 pentru o excursie de weekend.<\/p>\n\n\n\n<p>Cel mai frecvent traseu porne\u0219te din comuna Pojor\u00e2ta, de unde se poate ajunge cu ma\u0219ina p\u00e2n\u0103 la Cabana Rar\u0103u, situat\u0103 la o altitudine de aproximativ 1.538 de metri.<\/p>\n\n\n\n<p>De aici, turi\u0219tii mai au de parcurs un traseu marcat de aproximativ un kilometru, accesibil \u0219i pentru cei f\u0103r\u0103 experien\u021b\u0103 montan\u0103.<\/p>\n\n\n\n<p>O alt\u0103 variant\u0103 popular\u0103 pleac\u0103 din C\u00e2mpulung Moldovenesc, urm\u00e2nd Valea Izvorului Alb, un traseu de aproximativ 14 kilometri care poate fi parcurs fie cu ma\u0219ina, fie pe jos, \u00een 3\u20134 ore. Exist\u0103 \u0219i alte rute marcate, inclusiv prin Valea Caselor sau din satul Chiril, fiecare oferind perspective diferite asupra masivului \u0219i peisajelor din jur.<\/p>\n\n\n\n<p>Sursa:click       Rezerva\u021bia Pietrele Doamnei \/ Foto: discoverbucovina<\/p>\n","protected":false},"excerpt":{"rendered":"<p>Unul dintre cele mai spectaculoase locuri din Rom\u00e2nia se afl\u0103 \u00een inima Bucovinei, acolo unde natura a modelat, de-a lungul<\/p>\n","protected":false},"author":1,"featured_media":136233,"comment_status":"open","ping_status":"closed","sticky":false,"template":"","format":"standard","meta":{"spay_email":"","footnotes":"","jetpack_publicize_message":""},"categories":[53],"tags":[],"class_list":["post-136232","post","type-post","status-publish","format-standard","has-post-thumbnail","hentry","category-periplu-prin-romania"],"jetpack_featured_media_url":"https:\/\/realitatearutiera.ro\/wp-content\/uploads\/2026\/04\/index-7.webp","jetpack_publicize_connections":[],"jetpack_sharing_enabled":true,"jetpack_shortlink":"https:\/\/wp.me\/p61naM-zri","jetpack-related-posts":[],"_links":{"self":[{"href":"https:\/\/realitatearutiera.ro\/index.php?rest_route=\/wp\/v2\/posts\/136232","targetHints":{"allow":["GET"]}}],"collection":[{"href":"https:\/\/realitatearutiera.ro\/index.php?rest_route=\/wp\/v2\/posts"}],"about":[{"href":"https:\/\/realitatearutiera.ro\/index.php?rest_route=\/wp\/v2\/types\/post"}],"author":[{"embeddable":true,"href":"https:\/\/realitatearutiera.ro\/index.php?rest_route=\/wp\/v2\/users\/1"}],"replies":[{"embeddable":true,"href":"https:\/\/realitatearutiera.ro\/index.php?rest_route=%2Fwp%2Fv2%2Fcomments&post=136232"}],"version-history":[{"count":1,"href":"https:\/\/realitatearutiera.ro\/index.php?rest_route=\/wp\/v2\/posts\/136232\/revisions"}],"predecessor-version":[{"id":136234,"href":"https:\/\/realitatearutiera.ro\/index.php?rest_route=\/wp\/v2\/posts\/136232\/revisions\/136234"}],"wp:featuredmedia":[{"embeddable":true,"href":"https:\/\/realitatearutiera.ro\/index.php?rest_route=\/wp\/v2\/media\/136233"}],"wp:attachment":[{"href":"https:\/\/realitatearutiera.ro\/index.php?rest_route=%2Fwp%2Fv2%2Fmedia&parent=136232"}],"wp:term":[{"taxonomy":"category","embeddable":true,"href":"https:\/\/realitatearutiera.ro\/index.php?rest_route=%2Fwp%2Fv2%2Fcategories&post=136232"},{"taxonomy":"post_tag","embeddable":true,"href":"https:\/\/realitatearutiera.ro\/index.php?rest_route=%2Fwp%2Fv2%2Ftags&post=136232"}],"curies":[{"name":"wp","href":"https:\/\/api.w.org\/{rel}","templated":true}]}}