{"id":136235,"date":"2026-04-30T09:13:43","date_gmt":"2026-04-30T06:13:43","guid":{"rendered":"http:\/\/realitatearutiera.ro\/?p=136235"},"modified":"2026-04-30T09:13:46","modified_gmt":"2026-04-30T06:13:46","slug":"amenzile-de-circulatie-in-2026-cand-se-prescriu-si-cum-le-poti-contesta-legal","status":"publish","type":"post","link":"https:\/\/realitatearutiera.ro\/?p=136235","title":{"rendered":"Amenzile de circula\u021bie \u00een 2026: c\u00e2nd se prescriu \u0219i cum le po\u021bi contesta legal"},"content":{"rendered":"\n<p>Amenda de circula\u021bie primit\u0103 \u00een 2026 se poate prescrie \u00een doar dou\u0103 luni sau poate r\u0103m\u00e2ne valabil\u0103 p\u00e2n\u0103 la \u00eenceputul urm\u0103torului deceniu. Legea stabile\u0219te mai multe termene de prescrip\u021bie, \u00een func\u021bie de fiecare situa\u021bie \u00een parte. Iar \u00een unele cazuri \u0219oferii pot sc\u0103pa chiar \u0219i de r\u0103spundere pentru fapta comis\u0103.<\/p>\n\n\n\n<p>Comiterea unei abateri rutiere poate fi constatat\u0103 \u00een mai multe moduri, \u00een func\u021bie de situa\u021bie \u0219i de mijloacele prin care fapta este observat\u0103 sau probat\u0103.<\/p>\n\n\n\n<p>Cel mai des, contraven\u021bia este constatat\u0103 direct de&nbsp;<a href=\"https:\/\/www.promotor.ro\/stiri-auto\/mit-sau-realitate-amenda-de-radar-se-prescrie-in-2-luni-daca-nu-primesti-sanctiunea-prin-posta-19437785\">poli\u021bistul rutie<\/a>r, aflat \u00een trafic sau \u00eentr-un punct de control.<\/p>\n\n\n\n<p>De asemenea, o abatere poate fi \u00eenregistrat\u0103 \u0219i cu ajutorul aparatelor radar, atunci c\u00e2nd este vorba despre dep\u0103\u0219irea vitezei legale. \u00cen acest caz, viteza vehiculului este m\u0103surat\u0103 cu un dispozitiv omologat, iar datele pot fi folosite pentru \u00eentocmirea procesului verbal.<\/p>\n\n\n\n<p>\u00cen anumite situa\u021bii, faptele pot fi surprinse de camere de supraveghere, camere de monitorizare a traficului sau alte sisteme video instalate pe drumurile publice. Imaginile pot ajuta la identificarea vehiculului \u0219i la stabilirea \u00eemprejur\u0103rilor \u00een care a fost comis\u0103 abaterea.<\/p>\n\n\n\n<p>De asemenea, poli\u021bia poate primi imagini, sesiz\u0103ri sau \u00eenregistr\u0103ri de la alte persoane, institu\u021bii ori autorit\u0103\u021bi. Acestea pot fi analizate de poli\u021bi\u0219ti, \u00eens\u0103 sanc\u021biunea nu se aplic\u0103 automat doar pe baza unei film\u0103ri. Agentul constatator trebuie s\u0103 verifice datele, s\u0103 stabileasc\u0103 identitatea persoanei responsabile \u0219i s\u0103 \u00eentocmeasc\u0103 actele conform procedurii legale.<\/p>\n\n\n\n<h2 class=\"wp-block-heading\">C\u00e2nd se prescrie fapta<\/h2>\n\n\n\n<p>\u00cen cazul contraven\u021biilor rutiere, regula general\u0103 este c\u0103 aplicarea sanc\u021biunii se prescrie \u00een termen de 6 luni de la data s\u0103v\u00e2r\u0219irii faptei. Asta \u00eenseamn\u0103 c\u0103 Poli\u021bia trebuie s\u0103 aplice sanc\u021biunea \u00een acest interval.<\/p>\n\n\n\n<p>A\u0219adar, dac\u0103 fapta a fost comis\u0103 pe 10 februarie 2026, sanc\u021biunea poate fi aplicat\u0103 p\u00e2n\u0103 pe 9 august 2026. Dup\u0103 aceast\u0103 dat\u0103, fapta se prescrie.<\/p>\n\n\n\n<p>Dar, mai exist\u0103 o situa\u021bie \u00een care intervine&nbsp;<a href=\"https:\/\/www.promotor.ro\/stiri-auto\/cat-este-amenda-minima-de-radar-in-2026-dupa-cat-timp-se-prescrie-fapta-19443675\">prescrip\u021bia<\/a>, numai c\u0103 \u00een aceast\u0103 situa\u021bie depinde de termenul \u00een care este comunicat \u0219oferului amendat c\u0103 a primit o sanc\u021biune.<\/p>\n\n\n\n<h2 class=\"wp-block-heading\">Cum po\u021bi sc\u0103pa de sanc\u021biunea rutier\u0103 \u00een 2 luni<\/h2>\n\n\n\n<p>O amend\u0103 rutier\u0103 poate fi aplicat\u0103 \u0219i f\u0103r\u0103 a opri \u0219oferul. De exemplu, dac\u0103 ai fost \u00eenregistrat de radarul fix sau mobil, po\u021bi primi amenda acas\u0103, prin po\u0219t\u0103.<\/p>\n\n\n\n<p>\u00cens\u0103, potrivit regimului general al contraven\u021biilor, executarea sanc\u021biunii amenzii se prescrie dac\u0103 procesul verbal nu este comunicat \u00een termen de cel mult 2 luni de la data aplic\u0103rii sanc\u021biunii.<\/p>\n\n\n\n<p>Ceea ce \u00eenseamn\u0103 c\u0103 dac\u0103 poli\u021bistul a \u00eentocmit&nbsp;<a href=\"https:\/\/www.promotor.ro\/stiri-auto\/2025-dupa-cat-timp-se-sterge-o-amenda-de-circulatie-din-evidente-19363661\">procesul verbal<\/a>&nbsp;de sanc\u021bionare pe 10 februarie, dar notificarea privind aplicarea sanc\u021biunii nu a ajuns la tine p\u00e2n\u0103 pe 10 aprilie, sanc\u021biunea se prescrie. Aceast\u0103 situa\u021bie poate fi invocat\u0103 doar dac\u0103 Poli\u021bia nu a trimis amenda. Dac\u0103 serviciile de curierat sau Po\u0219t\u0103 au preluat coresponden\u021ba, dar au r\u0103t\u0103cit sau au \u00eentr\u00e2ziat livrarea notific\u0103rii, nu se poate considera c\u0103 autorit\u0103\u021bile nu \u0219i-au \u00eendeplinit obliga\u021biile.<\/p>\n\n\n\n<p>De asemenea, dac\u0103 persoana sanc\u021bionat\u0103 nu a ridicat notificarea de la Poli\u021bie, nu va fi scutit de plata amenzii.<\/p>\n\n\n\n<p>\u00cen afar\u0103 de aceste dou\u0103 situa\u021bii, mai exist\u0103 \u00eenc\u0103 un termen \u00een care intervine prescrip\u021bia.<\/p>\n\n\n\n<h2 class=\"wp-block-heading\">Dup\u0103 c\u00e2t timp se prescrie amenda de circula\u021bie primit\u0103 \u00een 2026<\/h2>\n\n\n\n<p>Teoretic,&nbsp;<a href=\"https:\/\/www.promotor.ro\/stiri-auto\/2024-cum-anulezi-punctele-de-penalizare-ce-trebuie-sa-faca-soferii-timp-de-6-luni-19249165\">amenda rutier\u0103<\/a>&nbsp;se prescrie \u00een termen de 5 ani, dac\u0103 nu a fost pl\u0103tit\u0103 sau executat\u0103 silit \u00een aceast\u0103 perioad\u0103.<\/p>\n\n\n\n<p>Astfel, dac\u0103 amenda a fost aplicat\u0103 pe 10 februarie 2026 \u0219i comunicat\u0103 la timp, executarea sanc\u021biunii se poate face p\u00e2n\u0103 cel t\u00e2rziu pe 31 decembrie 2031.<\/p>\n\n\n\n<p>Pentru c\u0103 \u00een Codul de procedur\u0103 fiscal\u0103 se stabile\u0219te c\u0103 termenul de 5 ani \u00eencepe s\u0103 curg\u0103 de la data de 1 ianuarie a anului urm\u0103tor celui \u00een care a fost aplicat\u0103 sanc\u021biunea.<\/p>\n\n\n\n<p>Iar dac\u0103 autorit\u0103\u021bile au \u00eenceput procedura de executare a sanc\u021biunii \u00een acest r\u0103stimp, nu se mai aplic\u0103 prescrip\u021bia.<\/p>\n\n\n\n<p>Sursa:promotor<\/p>\n","protected":false},"excerpt":{"rendered":"<p>Amenda de circula\u021bie primit\u0103 \u00een 2026 se poate prescrie \u00een doar dou\u0103 luni sau poate r\u0103m\u00e2ne valabil\u0103 p\u00e2n\u0103 la \u00eenceputul<\/p>\n","protected":false},"author":1,"featured_media":108046,"comment_status":"open","ping_status":"closed","sticky":false,"template":"","format":"standard","meta":{"spay_email":"","footnotes":"","jetpack_publicize_message":""},"categories":[82],"tags":[],"class_list":["post-136235","post","type-post","status-publish","format-standard","has-post-thumbnail","hentry","category-auto"],"jetpack_featured_media_url":"https:\/\/i0.wp.com\/realitatearutiera.ro\/wp-content\/uploads\/2024\/02\/masini-politie-politia-2-3ldz.jpg?fit=1224%2C816&ssl=1","jetpack_publicize_connections":[],"jetpack_sharing_enabled":true,"jetpack_shortlink":"https:\/\/wp.me\/p61naM-zrl","jetpack-related-posts":[],"_links":{"self":[{"href":"https:\/\/realitatearutiera.ro\/index.php?rest_route=\/wp\/v2\/posts\/136235","targetHints":{"allow":["GET"]}}],"collection":[{"href":"https:\/\/realitatearutiera.ro\/index.php?rest_route=\/wp\/v2\/posts"}],"about":[{"href":"https:\/\/realitatearutiera.ro\/index.php?rest_route=\/wp\/v2\/types\/post"}],"author":[{"embeddable":true,"href":"https:\/\/realitatearutiera.ro\/index.php?rest_route=\/wp\/v2\/users\/1"}],"replies":[{"embeddable":true,"href":"https:\/\/realitatearutiera.ro\/index.php?rest_route=%2Fwp%2Fv2%2Fcomments&post=136235"}],"version-history":[{"count":1,"href":"https:\/\/realitatearutiera.ro\/index.php?rest_route=\/wp\/v2\/posts\/136235\/revisions"}],"predecessor-version":[{"id":136236,"href":"https:\/\/realitatearutiera.ro\/index.php?rest_route=\/wp\/v2\/posts\/136235\/revisions\/136236"}],"wp:featuredmedia":[{"embeddable":true,"href":"https:\/\/realitatearutiera.ro\/index.php?rest_route=\/wp\/v2\/media\/108046"}],"wp:attachment":[{"href":"https:\/\/realitatearutiera.ro\/index.php?rest_route=%2Fwp%2Fv2%2Fmedia&parent=136235"}],"wp:term":[{"taxonomy":"category","embeddable":true,"href":"https:\/\/realitatearutiera.ro\/index.php?rest_route=%2Fwp%2Fv2%2Fcategories&post=136235"},{"taxonomy":"post_tag","embeddable":true,"href":"https:\/\/realitatearutiera.ro\/index.php?rest_route=%2Fwp%2Fv2%2Ftags&post=136235"}],"curies":[{"name":"wp","href":"https:\/\/api.w.org\/{rel}","templated":true}]}}