{"id":136237,"date":"2026-04-30T09:18:55","date_gmt":"2026-04-30T06:18:55","guid":{"rendered":"http:\/\/realitatearutiera.ro\/?p=136237"},"modified":"2026-04-30T09:18:58","modified_gmt":"2026-04-30T06:18:58","slug":"autobuzele-din-alba-iulia-program-special-de-1-mai-anuntul-stp-alba-iulia","status":"publish","type":"post","link":"https:\/\/realitatearutiera.ro\/?p=136237","title":{"rendered":"Autobuzele din Alba Iulia, program special de 1 Mai. Anun\u021bul STP Alba Iulia"},"content":{"rendered":"\n<figure class=\"wp-block-image size-large is-resized\"><img loading=\"lazy\" decoding=\"async\" width=\"800\" height=\"480\" data-attachment-id=\"136238\" data-permalink=\"https:\/\/realitatearutiera.ro\/?attachment_id=136238\" data-orig-file=\"https:\/\/i1.wp.com\/realitatearutiera.ro\/wp-content\/uploads\/2026\/04\/image-169.png?fit=1200%2C720&amp;ssl=1\" data-orig-size=\"1200,720\" data-comments-opened=\"1\" data-image-meta=\"{&quot;aperture&quot;:&quot;0&quot;,&quot;credit&quot;:&quot;&quot;,&quot;camera&quot;:&quot;&quot;,&quot;caption&quot;:&quot;&quot;,&quot;created_timestamp&quot;:&quot;0&quot;,&quot;copyright&quot;:&quot;&quot;,&quot;focal_length&quot;:&quot;0&quot;,&quot;iso&quot;:&quot;0&quot;,&quot;shutter_speed&quot;:&quot;0&quot;,&quot;title&quot;:&quot;&quot;,&quot;orientation&quot;:&quot;0&quot;}\" data-image-title=\"image\" data-image-description=\"\" data-medium-file=\"https:\/\/i1.wp.com\/realitatearutiera.ro\/wp-content\/uploads\/2026\/04\/image-169.png?fit=300%2C180&amp;ssl=1\" data-large-file=\"https:\/\/i1.wp.com\/realitatearutiera.ro\/wp-content\/uploads\/2026\/04\/image-169.png?fit=800%2C480&amp;ssl=1\" src=\"https:\/\/i1.wp.com\/realitatearutiera.ro\/wp-content\/uploads\/2026\/04\/image-169.png?resize=800%2C480\" alt=\"\" class=\"wp-image-136238\" style=\"width:541px;height:auto\" srcset=\"https:\/\/i1.wp.com\/realitatearutiera.ro\/wp-content\/uploads\/2026\/04\/image-169.png?resize=1024%2C614&amp;ssl=1 1024w, https:\/\/i1.wp.com\/realitatearutiera.ro\/wp-content\/uploads\/2026\/04\/image-169.png?resize=300%2C180&amp;ssl=1 300w, https:\/\/i1.wp.com\/realitatearutiera.ro\/wp-content\/uploads\/2026\/04\/image-169.png?resize=768%2C461&amp;ssl=1 768w, https:\/\/i1.wp.com\/realitatearutiera.ro\/wp-content\/uploads\/2026\/04\/image-169.png?w=1200&amp;ssl=1 1200w\" sizes=\"auto, (max-width: 800px) 100vw, 800px\" data-recalc-dims=\"1\" \/><\/figure>\n\n\n\n<p id=\"p-1\"><strong>Cum circul\u0103 autobuzele STP Alba de 1 Mai. Potrivit reprezentan\u021bilor STP Alba, programul zilei de 1 mai 2026 va fi similar cu cel al unei zile de duminic\u0103.&nbsp;<\/strong><\/p>\n\n\n\n<p id=\"p-2\">Sunt vizate zonele Metropolitane 1-7. De asemenea, autobuzele programate s\u0103 transporte angaja\u021bii societ\u0103\u021bilor comerciale vor circula normal, \u00een func\u021bie de programul de lucru stabilit anterior.<\/p>\n\n\n\n<p id=\"p-3\">Informa\u021biile referitoare la&nbsp; programul de circula\u021bie \u00een zona tarifar\u0103 1 (Alba Iulia, Mice\u0219ti, B\u0103r\u0103ban\u021b, Oarda, P\u00e2cli\u0219a) se pot ob\u021bine de la dispeceratul STP, la num\u0103rul de telefon 0258\/812826.<\/p>\n\n\n\n<p id=\"p-4\">Pentru informa\u021bii legate de programul de circula\u021bie \u00een zonele tarifare 2-7 (Dr\u00e2mbar, Teleac, Limba, S\u00eentimbru, Ciugud,&nbsp; \u0218ard, H\u0103pria, Totoi, \u0218eu\u0219a, Oiejdea, Ighiu, Lunca Ampoi\u021bei, Ampoi\u021ba, Lunca Mete\u0219ului, Remetea, Galtiu, \u021aelna, Bucerdea Vinoas\u0103, Craiva, Ighiel, Galda de Jos, Dumitra,&nbsp; Mesentea, Co\u0219lariu, Henig, Teiu\u0219, Cric\u0103u, Benic, Tibru, Galda de Sus, Mihal\u021b, Obreja, Poiana Galdei, Strem\u021b, Cetea, Geomal, Geoagiu de Sus, \u00centregalde, Valea M\u0103n\u0103stirii, Berghin, Ghirbom, Vingard) c\u0103l\u0103torii pot apela Autogara STP, la num\u0103rul de telefon 0258\/812967 sau 0258\/810588.<\/p>\n\n\n\n<p>Sursa:alba24    Foto:alba24<\/p>\n\n\n\n<p><\/p>\n","protected":false},"excerpt":{"rendered":"<p>Cum circul\u0103 autobuzele STP Alba de 1 Mai. Potrivit reprezentan\u021bilor STP Alba, programul zilei de 1 mai 2026 va fi<\/p>\n","protected":false},"author":1,"featured_media":136238,"comment_status":"open","ping_status":"closed","sticky":false,"template":"","format":"standard","meta":{"spay_email":"","footnotes":"","jetpack_publicize_message":""},"categories":[54],"tags":[],"class_list":["post-136237","post","type-post","status-publish","format-standard","has-post-thumbnail","hentry","category-informatii-rutiere"],"jetpack_featured_media_url":"https:\/\/i1.wp.com\/realitatearutiera.ro\/wp-content\/uploads\/2026\/04\/image-169.png?fit=1200%2C720&ssl=1","jetpack_publicize_connections":[],"jetpack_sharing_enabled":true,"jetpack_shortlink":"https:\/\/wp.me\/p61naM-zrn","jetpack-related-posts":[],"_links":{"self":[{"href":"https:\/\/realitatearutiera.ro\/index.php?rest_route=\/wp\/v2\/posts\/136237","targetHints":{"allow":["GET"]}}],"collection":[{"href":"https:\/\/realitatearutiera.ro\/index.php?rest_route=\/wp\/v2\/posts"}],"about":[{"href":"https:\/\/realitatearutiera.ro\/index.php?rest_route=\/wp\/v2\/types\/post"}],"author":[{"embeddable":true,"href":"https:\/\/realitatearutiera.ro\/index.php?rest_route=\/wp\/v2\/users\/1"}],"replies":[{"embeddable":true,"href":"https:\/\/realitatearutiera.ro\/index.php?rest_route=%2Fwp%2Fv2%2Fcomments&post=136237"}],"version-history":[{"count":1,"href":"https:\/\/realitatearutiera.ro\/index.php?rest_route=\/wp\/v2\/posts\/136237\/revisions"}],"predecessor-version":[{"id":136239,"href":"https:\/\/realitatearutiera.ro\/index.php?rest_route=\/wp\/v2\/posts\/136237\/revisions\/136239"}],"wp:featuredmedia":[{"embeddable":true,"href":"https:\/\/realitatearutiera.ro\/index.php?rest_route=\/wp\/v2\/media\/136238"}],"wp:attachment":[{"href":"https:\/\/realitatearutiera.ro\/index.php?rest_route=%2Fwp%2Fv2%2Fmedia&parent=136237"}],"wp:term":[{"taxonomy":"category","embeddable":true,"href":"https:\/\/realitatearutiera.ro\/index.php?rest_route=%2Fwp%2Fv2%2Fcategories&post=136237"},{"taxonomy":"post_tag","embeddable":true,"href":"https:\/\/realitatearutiera.ro\/index.php?rest_route=%2Fwp%2Fv2%2Ftags&post=136237"}],"curies":[{"name":"wp","href":"https:\/\/api.w.org\/{rel}","templated":true}]}}