{"id":136254,"date":"2026-04-30T10:17:25","date_gmt":"2026-04-30T07:17:25","guid":{"rendered":"http:\/\/realitatearutiera.ro\/?p=136254"},"modified":"2026-04-30T10:17:27","modified_gmt":"2026-04-30T07:17:27","slug":"amenzi-si-permise-retinute-in-galati-dupa-o-razie-la-calea-ferata","status":"publish","type":"post","link":"https:\/\/realitatearutiera.ro\/?p=136254","title":{"rendered":"Amenzi \u0219i permise re\u021binute \u00een Gala\u021bi dup\u0103 o razie la calea ferat\u0103"},"content":{"rendered":"\n<figure class=\"wp-block-image size-large is-resized\"><img loading=\"lazy\" decoding=\"async\" width=\"800\" height=\"370\" data-attachment-id=\"136255\" data-permalink=\"https:\/\/realitatearutiera.ro\/?attachment_id=136255\" data-orig-file=\"https:\/\/i2.wp.com\/realitatearutiera.ro\/wp-content\/uploads\/2026\/04\/image-173.png?fit=1536%2C710&amp;ssl=1\" data-orig-size=\"1536,710\" data-comments-opened=\"1\" data-image-meta=\"{&quot;aperture&quot;:&quot;0&quot;,&quot;credit&quot;:&quot;&quot;,&quot;camera&quot;:&quot;&quot;,&quot;caption&quot;:&quot;&quot;,&quot;created_timestamp&quot;:&quot;0&quot;,&quot;copyright&quot;:&quot;&quot;,&quot;focal_length&quot;:&quot;0&quot;,&quot;iso&quot;:&quot;0&quot;,&quot;shutter_speed&quot;:&quot;0&quot;,&quot;title&quot;:&quot;&quot;,&quot;orientation&quot;:&quot;0&quot;}\" data-image-title=\"image\" data-image-description=\"\" data-medium-file=\"https:\/\/i2.wp.com\/realitatearutiera.ro\/wp-content\/uploads\/2026\/04\/image-173.png?fit=300%2C139&amp;ssl=1\" data-large-file=\"https:\/\/i2.wp.com\/realitatearutiera.ro\/wp-content\/uploads\/2026\/04\/image-173.png?fit=800%2C370&amp;ssl=1\" src=\"https:\/\/i2.wp.com\/realitatearutiera.ro\/wp-content\/uploads\/2026\/04\/image-173.png?resize=800%2C370\" alt=\"\" class=\"wp-image-136255\" style=\"width:538px;height:auto\" srcset=\"https:\/\/i2.wp.com\/realitatearutiera.ro\/wp-content\/uploads\/2026\/04\/image-173.png?resize=1024%2C473&amp;ssl=1 1024w, https:\/\/i2.wp.com\/realitatearutiera.ro\/wp-content\/uploads\/2026\/04\/image-173.png?resize=300%2C139&amp;ssl=1 300w, https:\/\/i2.wp.com\/realitatearutiera.ro\/wp-content\/uploads\/2026\/04\/image-173.png?resize=768%2C355&amp;ssl=1 768w, https:\/\/i2.wp.com\/realitatearutiera.ro\/wp-content\/uploads\/2026\/04\/image-173.png?w=1536&amp;ssl=1 1536w\" sizes=\"auto, (max-width: 800px) 100vw, 800px\" data-recalc-dims=\"1\" \/><\/figure>\n\n\n\n<h3 class=\"wp-block-heading\">Poli\u0163i\u015ftii g\u0103l\u0103\u0163eni au desf\u0103\u015furat o ac\u0163iune de amploare pentru prevenirea accidentelor grave \u00een zonele de risc feroviar. \u00centr-o singur\u0103 zi, zeci de \u015foferi au fost sanc\u0163iona\u0163i, iar peste 180 de persoane au primit recomand\u0103ri preventive sub sloganul \u201eAlege via\u0163a!\u201d.<\/h3>\n\n\n\n<p>Siguran\u0163a la trecerile la nivel cu calea ferat\u0103 a fost prioritatea zero a poli\u0163i\u015ftilor g\u0103l\u0103\u0163eni \u00een data de 28 aprilie. \u00centr-o ac\u0163iune de tip \u201esistem integrat\u201d, agen\u0163ii Sec\u0163iei Regionale de Poli\u0163ie Transporturi Gala\u0163i, \u00eempreun\u0103 cu efective din cadrul IPJ Gala\u0163i, au \u201eperiat\u201d 13 puncte critice din jude\u0163 unde drumul rutier se intersecteaz\u0103 cu \u015finele de tren.<\/p>\n\n\n\n<h2 class=\"wp-block-heading\">Sanc\u0163iuni \u015fi m\u0103suri ferme<\/h2>\n\n\n\n<p>Bilan\u0163ul ac\u0163iunii arat\u0103 c\u0103, \u00een ciuda riscurilor mortale, mul\u0163i conduc\u0103tori auto continu\u0103 s\u0103 ignore regulile de baz\u0103. \u00cen urma verific\u0103rii a aproximativ 165 de vehicule \u015fi a legitim\u0103rii a peste 170 de persoane, poli\u0163i\u015ftii au aplicat 32 de sanc\u0163iuni contraven\u0163ionale. Valoarea total\u0103 a amenzilor dep\u0103\u015fe\u015fte 11.700 de lei.<\/p>\n\n\n\n<p>Pe l\u00e2ng\u0103 componenta financiar\u0103, oamenii legii au luat \u015fi m\u0103suri administrative pentru a scoate din trafic pericolele imediate:<\/p>\n\n\n\n<ul class=\"wp-block-list\">\n<li>Un permis de conducere a fost re\u0163inut (pentru nerespectarea regulilor de trecere sau manevre riscante);<\/li>\n\n\n\n<li>Trei certificate de \u00eenmatriculare au fost retrase pentru diverse nereguli tehnice sau lipsa documentelor obligatorii.<\/li>\n<\/ul>\n\n\n\n<h2 class=\"wp-block-heading\">\u201eAlege via\u0163a!\u201d \u2013 Campanie de con\u015ftientizare<\/h2>\n\n\n\n<p>Dincolo de amenzi, poli\u0163i\u015ftii au pus accent pe educa\u0163ie. Peste 180 de participan\u0163i la trafic au fost opri\u0163i pentru a primi materiale informative \u015fi sfaturi preventive. Mesajul central al campaniei, \u201cALEGE VIA\u0162A! Trenul nu acord\u0103 prioritate!\u201d, a servit drept avertisment dur cu privire la for\u0163a de impact a unui convoi feroviar, care nu poate opri instantaneu \u00een fa\u0163a unui obstacol.<\/p>\n\n\n\n<h2 class=\"wp-block-heading\">Recomand\u0103rile Poli\u0163iei pentru evitarea tragediilor<\/h2>\n\n\n\n<p>Reprezentan\u0163ii IPJ Gala\u0163i fac un apel la responsabilitate \u015fi reamintesc regulile vitale:<\/p>\n\n\n\n<ul class=\"wp-block-list\">\n<li>Stop obligatoriu: Opri\u0163i \u00eentotdeauna la semnalele luminoase \u015fi acustice. Nu \u00eencerca\u0163i s\u0103 \u201efenta\u0163i\u201d barierele care coboar\u0103.<\/li>\n\n\n\n<li>Asigurare temeinic\u0103: Chiar dac\u0103 trecerea nu are semnalizare activ\u0103, opri\u0163i \u015fi uita\u0163i-v\u0103 \u00een ambele direc\u0163ii.<\/li>\n\n\n\n<li>R\u0103bdare \u00een coloan\u0103: Este strict interzis\u0103 dep\u0103\u015firea vehiculelor care a\u015fteapt\u0103 la trecerea c\u0103ii ferate.<\/li>\n\n\n\n<li>Respecta\u0163i personalul: Indica\u0163iile agen\u0163ilor de poli\u0163ie sau ale barieristului sunt prioritare.<\/li>\n<\/ul>\n\n\n\n<p>Poli\u0163ia Rutier\u0103 avertizeaz\u0103 c\u0103 astfel de controale vor continua \u015fi \u00een perioada urm\u0103toare, jude\u0163ul Gala\u0163i fiind monitorizat constant pentru a reduce num\u0103rul accidentelor la intersec\u0163ia cu calea ferat\u0103.<\/p>\n\n\n\n<p>Sursa: monitoruldegalati   Sursa foto: monitoruldegalati<a href=\"https:\/\/www.monitoruldegalati.ro\/stirea-zilei\/trenul-nu-acorda-prioritate-peste-30-de-amenzi-si-permise-retinute-in-urma-unei-razii-de-amploare-la-trecerile-de-cale-ferata-din-galati.html#\"><\/a><\/p>\n\n\n\n<p><\/p>\n","protected":false},"excerpt":{"rendered":"<p>Poli\u0163i\u015ftii g\u0103l\u0103\u0163eni au desf\u0103\u015furat o ac\u0163iune de amploare pentru prevenirea accidentelor grave \u00een zonele de risc feroviar. \u00centr-o singur\u0103 zi,<\/p>\n","protected":false},"author":1,"featured_media":136255,"comment_status":"open","ping_status":"closed","sticky":false,"template":"","format":"standard","meta":{"spay_email":"","footnotes":"","jetpack_publicize_message":""},"categories":[6],"tags":[],"class_list":["post-136254","post","type-post","status-publish","format-standard","has-post-thumbnail","hentry","category-social"],"jetpack_featured_media_url":"https:\/\/i2.wp.com\/realitatearutiera.ro\/wp-content\/uploads\/2026\/04\/image-173.png?fit=1536%2C710&ssl=1","jetpack_publicize_connections":[],"jetpack_sharing_enabled":true,"jetpack_shortlink":"https:\/\/wp.me\/p61naM-zrE","jetpack-related-posts":[],"_links":{"self":[{"href":"https:\/\/realitatearutiera.ro\/index.php?rest_route=\/wp\/v2\/posts\/136254","targetHints":{"allow":["GET"]}}],"collection":[{"href":"https:\/\/realitatearutiera.ro\/index.php?rest_route=\/wp\/v2\/posts"}],"about":[{"href":"https:\/\/realitatearutiera.ro\/index.php?rest_route=\/wp\/v2\/types\/post"}],"author":[{"embeddable":true,"href":"https:\/\/realitatearutiera.ro\/index.php?rest_route=\/wp\/v2\/users\/1"}],"replies":[{"embeddable":true,"href":"https:\/\/realitatearutiera.ro\/index.php?rest_route=%2Fwp%2Fv2%2Fcomments&post=136254"}],"version-history":[{"count":1,"href":"https:\/\/realitatearutiera.ro\/index.php?rest_route=\/wp\/v2\/posts\/136254\/revisions"}],"predecessor-version":[{"id":136256,"href":"https:\/\/realitatearutiera.ro\/index.php?rest_route=\/wp\/v2\/posts\/136254\/revisions\/136256"}],"wp:featuredmedia":[{"embeddable":true,"href":"https:\/\/realitatearutiera.ro\/index.php?rest_route=\/wp\/v2\/media\/136255"}],"wp:attachment":[{"href":"https:\/\/realitatearutiera.ro\/index.php?rest_route=%2Fwp%2Fv2%2Fmedia&parent=136254"}],"wp:term":[{"taxonomy":"category","embeddable":true,"href":"https:\/\/realitatearutiera.ro\/index.php?rest_route=%2Fwp%2Fv2%2Fcategories&post=136254"},{"taxonomy":"post_tag","embeddable":true,"href":"https:\/\/realitatearutiera.ro\/index.php?rest_route=%2Fwp%2Fv2%2Ftags&post=136254"}],"curies":[{"name":"wp","href":"https:\/\/api.w.org\/{rel}","templated":true}]}}