{"id":136264,"date":"2026-04-30T12:47:38","date_gmt":"2026-04-30T09:47:38","guid":{"rendered":"http:\/\/realitatearutiera.ro\/?p=136264"},"modified":"2026-04-30T12:47:40","modified_gmt":"2026-04-30T09:47:40","slug":"surpriza-de-1-mai-ninsori-pe-drumuri-din-romania-interventii-ale-utilajelor-de-deszapezire","status":"publish","type":"post","link":"https:\/\/realitatearutiera.ro\/?p=136264","title":{"rendered":"Surpriz\u0103 de 1 Mai: ninsori pe drumuri din Rom\u00e2nia, interven\u021bii ale utilajelor de desz\u0103pezire"},"content":{"rendered":"\n<p>Autorit\u0103\u021bile anun\u021b\u0103 c\u0103 pe mai multe \u0219osele din centrul Rom\u00e2niei a nins. De\u0219i este finalul lunii aprilie, utilajele de desz\u0103pezire au fost scoase pe traseu.<\/p>\n\n\n\n<figure class=\"wp-block-image is-resized\"><img decoding=\"async\" src=\"https:\/\/i1.wp.com\/cdn.adh.reperio.news\/image-6\/68f7e4c1-2b81-42a0-8b56-85b2abd9dfbf\/index.jpeg?w=800&#038;ssl=1\" alt=\"3 deszapezire utilaje drum 0 jpeg\" style=\"width:455px;height:auto\" data-recalc-dims=\"1\"\/><\/figure>\n\n\n\n<p>Compania Na\u021bional\u0103 de Administrare a Infrastructurii Rutiere anun\u021b\u0103 c\u0103 \u00een noaptea de miercuri spre joi a nins pe mai multe \u0219osele din jude\u021bele Bra\u0219ov \u0219i Covasna.<\/p>\n\n\n\n<p>Este vorba despre drumurile aflate \u00een zonele montane. Autorit\u0103\u021bile au fost nevoite s\u0103 trimit\u0103 utilajele de desz\u0103pezire \u00een misiune.<\/p>\n\n\n\n<p><em>\u201eIarna s-a \u00eentors \u00een zona montan\u0103 din centrul \u021b\u0103rii! \u00cen acest moment ninge \u00een zonele alpine din jude\u021bele Bra\u0219ov \u0219i Covasna, iar utilajele de desz\u0103pezire sunt pe traseu. Circula\u021bi cu pruden\u021b\u0103\u201d,<\/em>&nbsp;a transmis CNAIR pe Facebook.<\/p>\n\n\n\n<p><a href=\"https:\/\/adevarul.ro\/stiri-locale\/craiova\/iarna-in-toata-regula-pe-transalpina-circulatia-2524356.html\">Rom\u00e2nia se confrunt\u0103 cu un episod de vreme rea<\/a>&nbsp;la finalul lunii aprilie \u0219i la \u00eenceputul lunii mai.<\/p>\n\n\n\n<p>Temperaturile sunt mai sc\u0103zute fa\u021b\u0103 de mediile normale ale perioadei \u00een \u00eentreaga \u021bar\u0103, iar \u00een unele zone sunt<a href=\"https:\/\/adevarul.ro\/stiri-locale\/sibiu\/imagini-spectaculoase-de-pe-transalpina-in-plina-2523532.html\">&nbsp;precipita\u021bii mixte, ploi, lapovi\u021b\u0103 \u0219i ninsoare.<\/a><\/p>\n\n\n\n<p>Administra\u021bia Na\u021bional\u0103 de Meteorologie (ANM) anun\u021b\u0103 c\u0103, \u00een intervalul 1 mai, ora 09:00 \u2013 2 mai, ora 09:00, vremea va r\u0103m\u00e2ne deosebit de rece pentru \u00eenceput de lun\u0103. De\u0219i \u00een sud valorile termice vor cre\u0219te u\u0219or fa\u021b\u0103 de ziua precedent\u0103, \u00een restul \u021b\u0103rii temperaturile vor r\u0103m\u00e2ne sc\u0103zute.<\/p>\n\n\n\n<p>Cerul va fi variabil \u00een vest, iar \u00een celelalte regiuni vor ap\u0103rea \u00eennor\u0103ri temporare. Ploi slabe, de scurt\u0103 durat\u0103, sunt a\u0219teptate local \u00een sud \u0219i est \u0219i izolat \u00een centru. La munte, \u00een special \u00een Carpa\u021bii Orientali \u0219i Meridionali, la altitudini de peste 1500 m, vor ap\u0103rea precipita\u021bii mixte, sub form\u0103 de lapovi\u021b\u0103 \u0219i ninsoare.<\/p>\n\n\n\n<p>Temperaturile maxime se vor \u00eencadra \u00eentre 7 \u0219i 16 grade, cu cele mai ridicate valori \u00een vest \u0219i nord-vest, \u00een timp ce minimele vor cobor\u00ee p\u00e2n\u0103 la -1 grad \u00een depresiunile din estul Transilvaniei. Izolat, la finalul nop\u021bii, se va produce brum\u0103.&nbsp;&nbsp;<\/p>\n\n\n\n<p>Potrivit ANM, \u00een intervalul 2 mai, ora 09:00 -3 mai, ora 09:00, vremea r\u0103m\u00e2ne rece \u00een sud, est \u0219i centru, unde temperaturile vor fi \u00een continuare sub normalul perioadei. Norii se vor accentua temporar, iar pe arii locale vor ap\u0103rea averse de ploaie, uneori \u00eenso\u021bite izolat de desc\u0103rc\u0103ri electrice \u0219i cantit\u0103\u021bi mai \u00eensemnate de ap\u0103.<\/p>\n\n\n\n<p>Sursa: adevarul   Sursa foto: adevarul<\/p>\n","protected":false},"excerpt":{"rendered":"<p>Autorit\u0103\u021bile anun\u021b\u0103 c\u0103 pe mai multe \u0219osele din centrul Rom\u00e2niei a nins. De\u0219i este finalul lunii aprilie, utilajele de desz\u0103pezire<\/p>\n","protected":false},"author":1,"featured_media":136265,"comment_status":"open","ping_status":"closed","sticky":false,"template":"","format":"standard","meta":{"spay_email":"","footnotes":"","jetpack_publicize_message":""},"categories":[6],"tags":[],"class_list":["post-136264","post","type-post","status-publish","format-standard","has-post-thumbnail","hentry","category-social"],"jetpack_featured_media_url":"https:\/\/realitatearutiera.ro\/wp-content\/uploads\/2026\/04\/index-3-2.webp","jetpack_publicize_connections":[],"jetpack_sharing_enabled":true,"jetpack_shortlink":"https:\/\/wp.me\/p61naM-zrO","jetpack-related-posts":[],"_links":{"self":[{"href":"https:\/\/realitatearutiera.ro\/index.php?rest_route=\/wp\/v2\/posts\/136264","targetHints":{"allow":["GET"]}}],"collection":[{"href":"https:\/\/realitatearutiera.ro\/index.php?rest_route=\/wp\/v2\/posts"}],"about":[{"href":"https:\/\/realitatearutiera.ro\/index.php?rest_route=\/wp\/v2\/types\/post"}],"author":[{"embeddable":true,"href":"https:\/\/realitatearutiera.ro\/index.php?rest_route=\/wp\/v2\/users\/1"}],"replies":[{"embeddable":true,"href":"https:\/\/realitatearutiera.ro\/index.php?rest_route=%2Fwp%2Fv2%2Fcomments&post=136264"}],"version-history":[{"count":1,"href":"https:\/\/realitatearutiera.ro\/index.php?rest_route=\/wp\/v2\/posts\/136264\/revisions"}],"predecessor-version":[{"id":136266,"href":"https:\/\/realitatearutiera.ro\/index.php?rest_route=\/wp\/v2\/posts\/136264\/revisions\/136266"}],"wp:featuredmedia":[{"embeddable":true,"href":"https:\/\/realitatearutiera.ro\/index.php?rest_route=\/wp\/v2\/media\/136265"}],"wp:attachment":[{"href":"https:\/\/realitatearutiera.ro\/index.php?rest_route=%2Fwp%2Fv2%2Fmedia&parent=136264"}],"wp:term":[{"taxonomy":"category","embeddable":true,"href":"https:\/\/realitatearutiera.ro\/index.php?rest_route=%2Fwp%2Fv2%2Fcategories&post=136264"},{"taxonomy":"post_tag","embeddable":true,"href":"https:\/\/realitatearutiera.ro\/index.php?rest_route=%2Fwp%2Fv2%2Ftags&post=136264"}],"curies":[{"name":"wp","href":"https:\/\/api.w.org\/{rel}","templated":true}]}}