{"id":136267,"date":"2026-04-30T12:53:14","date_gmt":"2026-04-30T09:53:14","guid":{"rendered":"http:\/\/realitatearutiera.ro\/?p=136267"},"modified":"2026-04-30T12:53:16","modified_gmt":"2026-04-30T09:53:16","slug":"a-lovit-un-gard-in-baltatesti-fara-permis-la-volan","status":"publish","type":"post","link":"https:\/\/realitatearutiera.ro\/?p=136267","title":{"rendered":"A lovit un gard \u00een B\u0103l\u021b\u0103te\u0219ti: f\u0103r\u0103 permis la volan"},"content":{"rendered":"\n<figure class=\"wp-block-image size-large is-resized\"><img loading=\"lazy\" decoding=\"async\" width=\"800\" height=\"450\" data-attachment-id=\"136268\" data-permalink=\"https:\/\/realitatearutiera.ro\/?attachment_id=136268\" data-orig-file=\"https:\/\/i0.wp.com\/realitatearutiera.ro\/wp-content\/uploads\/2026\/04\/image-176.png?fit=1480%2C832&amp;ssl=1\" data-orig-size=\"1480,832\" data-comments-opened=\"1\" data-image-meta=\"{&quot;aperture&quot;:&quot;0&quot;,&quot;credit&quot;:&quot;&quot;,&quot;camera&quot;:&quot;&quot;,&quot;caption&quot;:&quot;&quot;,&quot;created_timestamp&quot;:&quot;0&quot;,&quot;copyright&quot;:&quot;&quot;,&quot;focal_length&quot;:&quot;0&quot;,&quot;iso&quot;:&quot;0&quot;,&quot;shutter_speed&quot;:&quot;0&quot;,&quot;title&quot;:&quot;&quot;,&quot;orientation&quot;:&quot;0&quot;}\" data-image-title=\"image\" data-image-description=\"\" data-medium-file=\"https:\/\/i0.wp.com\/realitatearutiera.ro\/wp-content\/uploads\/2026\/04\/image-176.png?fit=300%2C169&amp;ssl=1\" data-large-file=\"https:\/\/i0.wp.com\/realitatearutiera.ro\/wp-content\/uploads\/2026\/04\/image-176.png?fit=800%2C450&amp;ssl=1\" src=\"https:\/\/i0.wp.com\/realitatearutiera.ro\/wp-content\/uploads\/2026\/04\/image-176.png?resize=800%2C450\" alt=\"\" class=\"wp-image-136268\" style=\"aspect-ratio:1.7788954700373911;width:574px;height:auto\" srcset=\"https:\/\/i0.wp.com\/realitatearutiera.ro\/wp-content\/uploads\/2026\/04\/image-176.png?resize=1024%2C576&amp;ssl=1 1024w, https:\/\/i0.wp.com\/realitatearutiera.ro\/wp-content\/uploads\/2026\/04\/image-176.png?resize=300%2C169&amp;ssl=1 300w, https:\/\/i0.wp.com\/realitatearutiera.ro\/wp-content\/uploads\/2026\/04\/image-176.png?resize=768%2C432&amp;ssl=1 768w, https:\/\/i0.wp.com\/realitatearutiera.ro\/wp-content\/uploads\/2026\/04\/image-176.png?w=1480&amp;ssl=1 1480w\" sizes=\"auto, (max-width: 800px) 100vw, 800px\" data-recalc-dims=\"1\" \/><\/figure>\n\n\n\n<p><strong>F\u0103r\u0103 permis la volan: t\u00e2n\u0103r\u0103 oprit\u0103 de un gard la B\u0103l\u021b\u0103te\u0219ti \u2013 poli\u021bi\u0219tii au intervenit dup\u0103 ce o t\u00e2n\u0103r\u0103 a pierdut controlul autoturismului \u0219i a intrat \u00een coliziune cu un gard, \u00een localitatea B\u0103l\u021b\u0103te\u0219ti.<\/strong><\/p>\n\n\n\n<h3 class=\"wp-block-heading\">F\u0103r\u0103 permis la volan: t\u00e2n\u0103r\u0103 oprit\u0103 de un gard la B\u0103l\u021b\u0103te\u0219ti<\/h3>\n\n\n\n<p>La data de 30 aprilie a.c., \u00een jurul orei 03.30, poli\u021bi\u0219tii din cadrul Sec\u021biei de Poli\u021bie Rural\u0103 Cr\u0103c\u0103oani au fost sesiza\u021bi cu privire la producerea unui eveniment rutier \u00een localitatea B\u0103l\u021b\u0103te\u0219ti.<\/p>\n\n\n\n<p>\u00cen urma verific\u0103rilor efectuate de poli\u021bi\u0219ti, s-a stabilit faptul c\u0103, \u00een timp ce o t\u00e2n\u0103r\u0103 \u00een v\u00e2rst\u0103 de 21 de ani, din Piatra \u0218oimului, conducea un autoturism \u00een localitatea B\u0103l\u021b\u0103te\u0219ti, ar fi pierdut controlul asupra direc\u021biei de deplasare, intr\u00e2nd \u00een coliziune cu un gard.<\/p>\n\n\n\n<h3 class=\"wp-block-heading\">Doar pagube materiale<\/h3>\n\n\n\n<p>\u00cen urma evenimentului rutier au rezultat doar pagube materiale.<\/p>\n\n\n\n<p>T\u00e2n\u0103ra a fost testat\u0103 cu aparatul etilotest, rezultatul fiind negativ.<\/p>\n\n\n\n<h3 class=\"wp-block-heading\">F\u0103r\u0103 permis de conducere<\/h3>\n\n\n\n<p>\u00cen urma verific\u0103rilor efectuate de poli\u021bi\u0219ti s-a stabilit faptul c\u0103 aceasta nu de\u021binea permis de conducere pentru nicio categorie de vehicule.<\/p>\n\n\n\n<h3 class=\"wp-block-heading\">Dosar penal \u00eentocmit de poli\u021bi\u0219ti<\/h3>\n\n\n\n<p>\u00cen cauz\u0103 s-a \u00eentocmit dosar penal sub aspectul s\u0103v\u00e2r\u0219irii infrac\u021biunii de conducerea pe drumurile publice a unui autovehicul de c\u0103tre o persoan\u0103 care nu posed\u0103 permis de conducere.<\/p>\n\n\n\n<p>Sursa:monitorulneamt<a href=\"https:\/\/pinterest.com\/pin\/create\/bookmarklet\/?url=https:\/\/monitorulneamt.ro\/fara-permis-volan-tanara-gard-baltatesti\/&amp;media=https:\/\/i0.wp.com\/monitorulneamt.ro\/wp-content\/uploads\/2025\/07\/11c0de12-44a0-4fca-84c6-b9a0f458d329.jpeg?fit=740%2C416&amp;ssl=1\" target=\"_blank\" rel=\"noreferrer noopener\"><\/a><\/p>\n\n\n\n<p><a href=\"mailto:?subject=F%C4%83r%C4%83%20permis%20la%20volan%3A%20t%C3%A2n%C4%83r%C4%83%20oprit%C4%83%20de%20un%20gard%20la%20B%C4%83l%C8%9B%C4%83te%C8%99ti&amp;body=F%C4%83r%C4%83%20permis%20la%20volan%3A%20t%C3%A2n%C4%83r%C4%83%20oprit%C4%83%20de%20un%20gard%20la%20B%C4%83l%C8%9B%C4%83te%C8%99ti%20https:\/\/monitorulneamt.ro\/fara-permis-volan-tanara-gard-baltatesti\/\" target=\"_blank\" rel=\"noreferrer noopener\"><\/a><\/p>\n\n\n\n<p><\/p>\n","protected":false},"excerpt":{"rendered":"<p>F\u0103r\u0103 permis la volan: t\u00e2n\u0103r\u0103 oprit\u0103 de un gard la B\u0103l\u021b\u0103te\u0219ti \u2013 poli\u021bi\u0219tii au intervenit dup\u0103 ce o t\u00e2n\u0103r\u0103 a<\/p>\n","protected":false},"author":1,"featured_media":121916,"comment_status":"open","ping_status":"closed","sticky":false,"template":"","format":"standard","meta":{"spay_email":"","footnotes":"","jetpack_publicize_message":""},"categories":[1],"tags":[],"class_list":["post-136267","post","type-post","status-publish","format-standard","has-post-thumbnail","hentry","category-uncategorized"],"jetpack_featured_media_url":"https:\/\/i2.wp.com\/realitatearutiera.ro\/wp-content\/uploads\/2025\/03\/accident-rutier-cu-victima.jpg?fit=1191%2C568&ssl=1","jetpack_publicize_connections":[],"jetpack_sharing_enabled":true,"jetpack_shortlink":"https:\/\/wp.me\/p61naM-zrR","jetpack-related-posts":[],"_links":{"self":[{"href":"https:\/\/realitatearutiera.ro\/index.php?rest_route=\/wp\/v2\/posts\/136267","targetHints":{"allow":["GET"]}}],"collection":[{"href":"https:\/\/realitatearutiera.ro\/index.php?rest_route=\/wp\/v2\/posts"}],"about":[{"href":"https:\/\/realitatearutiera.ro\/index.php?rest_route=\/wp\/v2\/types\/post"}],"author":[{"embeddable":true,"href":"https:\/\/realitatearutiera.ro\/index.php?rest_route=\/wp\/v2\/users\/1"}],"replies":[{"embeddable":true,"href":"https:\/\/realitatearutiera.ro\/index.php?rest_route=%2Fwp%2Fv2%2Fcomments&post=136267"}],"version-history":[{"count":1,"href":"https:\/\/realitatearutiera.ro\/index.php?rest_route=\/wp\/v2\/posts\/136267\/revisions"}],"predecessor-version":[{"id":136269,"href":"https:\/\/realitatearutiera.ro\/index.php?rest_route=\/wp\/v2\/posts\/136267\/revisions\/136269"}],"wp:featuredmedia":[{"embeddable":true,"href":"https:\/\/realitatearutiera.ro\/index.php?rest_route=\/wp\/v2\/media\/121916"}],"wp:attachment":[{"href":"https:\/\/realitatearutiera.ro\/index.php?rest_route=%2Fwp%2Fv2%2Fmedia&parent=136267"}],"wp:term":[{"taxonomy":"category","embeddable":true,"href":"https:\/\/realitatearutiera.ro\/index.php?rest_route=%2Fwp%2Fv2%2Fcategories&post=136267"},{"taxonomy":"post_tag","embeddable":true,"href":"https:\/\/realitatearutiera.ro\/index.php?rest_route=%2Fwp%2Fv2%2Ftags&post=136267"}],"curies":[{"name":"wp","href":"https:\/\/api.w.org\/{rel}","templated":true}]}}