{"id":13709,"date":"2016-10-04T10:30:42","date_gmt":"2016-10-04T07:30:42","guid":{"rendered":"http:\/\/realitatearutiera.ro\/?p=13709"},"modified":"2016-10-04T09:05:19","modified_gmt":"2016-10-04T06:05:19","slug":"ziua-internationala-a-animalelor","status":"publish","type":"post","link":"https:\/\/realitatearutiera.ro\/?p=13709","title":{"rendered":"Ziua interna\u021bional\u0103 a animalelor"},"content":{"rendered":"<p>Ziua interna\u021bional\u0103 a animalelor (World Animal Day) este s\u0103rb\u0103torit\u0103, \u00een fiecare an, la 4 octombrie.<\/p>\n<p><img loading=\"lazy\" decoding=\"async\" class=\"\" src=\"https:\/\/i1.wp.com\/www.codrosu.ro\/wp-content\/uploads\/2009\/04\/poze_animale_caprioara-cu-pui.jpg?resize=243%2C182\" alt=\"Imagini pentru imagini caprioara\" width=\"243\" height=\"182\" data-recalc-dims=\"1\" \/><\/p>\n<p>\u00cen 1931, cu prilejul unei conven\u021bii a ecologi\u0219tilor care a avut loc la Floren\u021ba, ziua de 4 octombrie a fost proclamat\u0103 oficial de c\u0103tre Organiza\u021bia Interna\u021bional\u0103 pentru Protec\u021bia Animalelor ca Ziua interna\u021bional\u0103 a animalelor. Tot \u00eentr-o zi de 4 octombrie, \u00een 1228, a fost canonizat Sf\u00e2ntul Francisc de Assisi (1182-1226), protectorul animalelor.<\/p>\n<p><img loading=\"lazy\" decoding=\"async\" class=\"\" src=\"https:\/\/i2.wp.com\/www.enational.ro\/wp-content\/uploads\/2013\/03\/sf-francisc.jpg?resize=158%2C221\" alt=\"Imagini pentru imagini sfantul francisc assisi\" width=\"158\" height=\"221\" data-recalc-dims=\"1\" \/><\/p>\n<p>Instituirea Zilei interna\u021bionale a animalelor a fost, la acel moment, un mod de a face cunoscut\u0103 situa\u021bia speciilor de animale aflate \u00een pericol de dispari\u021bie. Cu timpul a devenit ziua \u00een care se aduce un omagiu tuturor animalelor, din toate \u021b\u0103rile lumii.<\/p>\n<p>Primele lucr\u0103ri privind drepturile \u0219i protec\u021bia animalelor au fost publicate \u00een secolul al XVIII-lea, iar prima lege pentru protec\u021bia animalelor s-a numit &#8220;Martin&#8217;s Act&#8221; \u0219i a fost votat\u0103 de Parlamentul britanic la 22 iulie 1822. Textul Declara\u021biei Universale a Drepturilor Animalelor a fost adoptat de Liga Interna\u021bional\u0103 a Drepturilor Animalelor \u0219i de Ligile Na\u021bionale Afiliate, \u00een cadrul \u00cent\u00e2lnirii Interna\u021bionale pe tema Drepturile Animalelor, desf\u0103\u0219urat\u0103 la Londra \u00eentre 21-23 septembrie 1977. Declara\u021bia Universal\u0103 a Drepturilor Animalelor a fost proclamat\u0103 \u00een mod solemn, la sediul UNESCO din Paris, la 15 octombrie 1978.<\/p>\n<p>Ziua interna\u021bional\u0103 a animalelor este menit\u0103 s\u0103 celebreze via\u021ba animalelor, \u00een toate formele ei, s\u0103 contribuie la con\u0219tientizarea diverselor roluri pe care animalele le au \u00een via\u021ba oamenilor, la manifestarea recuno\u0219tin\u021bei fa\u021b\u0103 de modul \u00een care animalele ne \u00eenfrumuse\u021beaz\u0103 via\u021ba. Nu \u00een ultimul r\u00e2nd, este adus un omagiu at\u00e2t tuturor necuv\u00e2nt\u0103toarelor, c\u00e2t \u0219i oamenilor care le iubesc \u0219i le respect\u0103. Marcarea acestei zile prilejuie\u0219te \u0219i o rememorare a drepturilor animalelor.<\/p>\n<p>Conform cercet\u0103rilor, prezen\u021ba unor animale de companie este benefic\u0103, poate stimula s\u0103n\u0103tatea fizic\u0103 \u0219i mental\u0103 a omului, ajut\u00e2ndu-l adesea din punct de vedere emo\u021bional, psihologic \u0219i social.<\/p>\n<p><img loading=\"lazy\" decoding=\"async\" class=\"\" src=\"https:\/\/i1.wp.com\/scms.machteamsoft.ro\/uploads\/photos\/652x450\/652x450_101580-bella-cel-mai-popular-nume-pentru-animale-de-companie-in-2012.jpg?resize=320%2C221\" alt=\"Imagini pentru imagini animale de companie\" width=\"320\" height=\"221\" data-recalc-dims=\"1\" \/>\u00a0 \u00a0 \u00a0 \u00a0 \u00a0<img loading=\"lazy\" decoding=\"async\" class=\"\" src=\"https:\/\/i0.wp.com\/caplimpede.ro\/wp-content\/uploads\/2014\/05\/IMAGINI-EMOTIONANTE-care-demonstreaza-cat-de-mult-au-nevoie-copii-de-ANIMALE-DE-COMPANIE17.jpg?resize=325%2C216\" alt=\"Imagini pentru imagini animale de companie\" width=\"325\" height=\"216\" data-recalc-dims=\"1\" \/>\u00a0 \u00a0 \u00a0 \u00a0 \u00a0 \u00a0 <img loading=\"lazy\" decoding=\"async\" class=\"\" src=\"https:\/\/i1.wp.com\/adevarul.ro\/assets\/adevarul.ro\/MRImage\/2011\/06\/26\/50a823027c42d5a6636a6786\/978x0.jpg?resize=321%2C214\" alt=\"Imagini pentru imagini manji\" width=\"321\" height=\"214\" data-recalc-dims=\"1\" \/>\u00a0 \u00a0 \u00a0 \u00a0\u00a0<img loading=\"lazy\" decoding=\"async\" class=\"\" src=\"https:\/\/animaleledinlume.files.wordpress.com\/2011\/01\/tigrul-dresat.jpg?resize=326%2C231\" alt=\"Imagini pentru imagini animale dresate\" width=\"326\" height=\"231\" data-recalc-dims=\"1\" \/><\/p>\n<p>Ziua interna\u021bional\u0103 a animalelor este o ocazie special\u0103 de a celebra dragostea \u0219i respectul nostru fa\u021b\u0103 de animale prin activit\u0103\u021bi speciale care s\u0103 eviden\u021bieze importan\u021ba lor \u00een lume.<\/p>\n<p>Astfel, cu prilejul Zilei interna\u021bionale a animalelor, \u00een lume sunt organizate o serie de evenimente, precum: ac\u021biuni de educare \u0219i informare, inclusiv \u00een \u0219coli, ac\u021biuni de voluntariat \u00een ad\u0103posturi, campanii de sterilizare \u0219i de adop\u021bie, evenimente de str\u00e2ngere de fonduri, diverse competi\u021bii pentru sus\u021binerea cauzei animalelor, conferin\u021be, emisiuni de radio \u0219i televiziune, ceremonii de binecuv\u00e2ntare a animalelor. De asemenea, iubitorii de animale pot face dona\u021bii (m\u00e2ncare, medicamente) pentru ad\u0103posturile de animale. Nu \u00een ultimul r\u00e2nd, pot fi organizate mar\u0219uri de protest pa\u0219nice, spre exemplu pentru cre\u0219terea gradului de con\u0219tientizare asupra unei probleme specifice privind bun\u0103starea animalelor, pentru legi privind protec\u021bia animalelor etc. Multe manifest\u0103ri pun accentul pe faptul c\u0103 educa\u021bia copiilor trebuie s\u0103 cultive respectul \u0219i dragostea fa\u021b\u0103 de animale.<\/p>\n<p>Num\u0103rul evenimentelor de acest gen, organizate de diverse institu\u021bii, organiza\u021bii de protec\u021bie a animalelor etc., este \u00een cre\u0219tere de la an la an. Dac\u0103 \u00een 2003, spre exemplu, s-au \u00eenregistrat 44 de evenimente organizate \u00een 13 \u021b\u0103ri, \u00een prezent s-a ajuns la aproximativ 1.000 de evenimente organizate \u00een aproximativ 100 de \u021b\u0103ri.<\/p>\n<p>\u0218i anul acesta sunt programate \u00een \u00eentreaga lume numeroase manifest\u0103ri, dintre care amintim, spre exemplu, ceremonia de binecuv\u00e2ntare pentru animalele de la ad\u0103postul Sarawak SPCA, din Kuching, Sarawak, Malaezia (4 octombrie),promovarea pe Facebook a c\u00e2inilor c\u0103rora trebuie s\u0103 li se g\u0103seasc\u0103 un st\u0103p\u00e2n (1-4 octombrie, Marea Britanie), concursuri pe Instagram \u0219i Twitter intitulate &#8220;De ce sus\u021bin Ziua interna\u021bional\u0103 a animalelor&#8221; (1-4 octombrie, Marea Britanie) etc.<\/p>\n<p>La 2 octombrie 2016, a avut loc \u00een Pia\u021ba Victoriei din Bucure\u0219ti un eveniment organizat de Federa\u021bia pentru Protec\u021bia Animalelor \u0219i Mediului (FPAM) pentru promovarea \u0219i sus\u021binerea drepturilor animalelor din Rom\u00e2nia. La eveniment au fost avute \u00een vedere toate formele de cruzime fa\u021b\u0103 de animale, \u00eencep\u00e2nd cu abuzurile asupra animalelor s\u0103lbatice \u0219i continu\u00e2nd cu cele comise \u00een strad\u0103, ecarisaje, laboratoare, circuri, gr\u0103dini zoologice, abatoare, ferme etc.<\/p>\n<p>Sursa:agerpres.ro<\/p>\n","protected":false},"excerpt":{"rendered":"<p>Ziua interna\u021bional\u0103 a animalelor (World Animal Day) este s\u0103rb\u0103torit\u0103, \u00een fiecare an, la 4 octombrie. \u00cen 1931, cu prilejul unei<\/p>\n","protected":false},"author":1,"featured_media":13720,"comment_status":"closed","ping_status":"closed","sticky":false,"template":"","format":"standard","meta":{"spay_email":"","footnotes":"","jetpack_publicize_message":""},"categories":[6],"tags":[],"class_list":["post-13709","post","type-post","status-publish","format-standard","has-post-thumbnail","hentry","category-social"],"jetpack_featured_media_url":"https:\/\/i1.wp.com\/realitatearutiera.ro\/wp-content\/uploads\/2016\/10\/animale.jpg?fit=300%2C212&ssl=1","jetpack_publicize_connections":[],"jetpack_sharing_enabled":true,"jetpack_shortlink":"https:\/\/wp.me\/p61naM-3z7","jetpack-related-posts":[],"_links":{"self":[{"href":"https:\/\/realitatearutiera.ro\/index.php?rest_route=\/wp\/v2\/posts\/13709","targetHints":{"allow":["GET"]}}],"collection":[{"href":"https:\/\/realitatearutiera.ro\/index.php?rest_route=\/wp\/v2\/posts"}],"about":[{"href":"https:\/\/realitatearutiera.ro\/index.php?rest_route=\/wp\/v2\/types\/post"}],"author":[{"embeddable":true,"href":"https:\/\/realitatearutiera.ro\/index.php?rest_route=\/wp\/v2\/users\/1"}],"replies":[{"embeddable":true,"href":"https:\/\/realitatearutiera.ro\/index.php?rest_route=%2Fwp%2Fv2%2Fcomments&post=13709"}],"version-history":[{"count":1,"href":"https:\/\/realitatearutiera.ro\/index.php?rest_route=\/wp\/v2\/posts\/13709\/revisions"}],"predecessor-version":[{"id":13724,"href":"https:\/\/realitatearutiera.ro\/index.php?rest_route=\/wp\/v2\/posts\/13709\/revisions\/13724"}],"wp:featuredmedia":[{"embeddable":true,"href":"https:\/\/realitatearutiera.ro\/index.php?rest_route=\/wp\/v2\/media\/13720"}],"wp:attachment":[{"href":"https:\/\/realitatearutiera.ro\/index.php?rest_route=%2Fwp%2Fv2%2Fmedia&parent=13709"}],"wp:term":[{"taxonomy":"category","embeddable":true,"href":"https:\/\/realitatearutiera.ro\/index.php?rest_route=%2Fwp%2Fv2%2Fcategories&post=13709"},{"taxonomy":"post_tag","embeddable":true,"href":"https:\/\/realitatearutiera.ro\/index.php?rest_route=%2Fwp%2Fv2%2Ftags&post=13709"}],"curies":[{"name":"wp","href":"https:\/\/api.w.org\/{rel}","templated":true}]}}