{"id":137504,"date":"2026-06-03T08:41:30","date_gmt":"2026-06-03T05:41:30","guid":{"rendered":"https:\/\/realitatearutiera.ro\/?p=137504"},"modified":"2026-06-03T08:41:33","modified_gmt":"2026-06-03T05:41:33","slug":"ce-au-facut-doi-soferi-pe-plaja-din-olimp-unul-a-ajuns-cu-masina-in-valuri","status":"publish","type":"post","link":"https:\/\/realitatearutiera.ro\/?p=137504","title":{"rendered":"Ce au f\u0103cut doi \u0219oferi pe plaja din Olimp: unul a ajuns cu ma\u0219ina \u00een valuri"},"content":{"rendered":"\n<figure class=\"wp-block-image size-full\"><img loading=\"lazy\" decoding=\"async\" width=\"294\" height=\"171\" data-attachment-id=\"137505\" data-permalink=\"https:\/\/realitatearutiera.ro\/?attachment_id=137505\" data-orig-file=\"https:\/\/i0.wp.com\/realitatearutiera.ro\/wp-content\/uploads\/2026\/06\/image-14.png?fit=294%2C171&amp;ssl=1\" data-orig-size=\"294,171\" data-comments-opened=\"1\" data-image-meta=\"{&quot;aperture&quot;:&quot;0&quot;,&quot;credit&quot;:&quot;&quot;,&quot;camera&quot;:&quot;&quot;,&quot;caption&quot;:&quot;&quot;,&quot;created_timestamp&quot;:&quot;0&quot;,&quot;copyright&quot;:&quot;&quot;,&quot;focal_length&quot;:&quot;0&quot;,&quot;iso&quot;:&quot;0&quot;,&quot;shutter_speed&quot;:&quot;0&quot;,&quot;title&quot;:&quot;&quot;,&quot;orientation&quot;:&quot;0&quot;}\" data-image-title=\"image\" data-image-description=\"\" data-medium-file=\"https:\/\/i0.wp.com\/realitatearutiera.ro\/wp-content\/uploads\/2026\/06\/image-14.png?fit=294%2C171&amp;ssl=1\" data-large-file=\"https:\/\/i0.wp.com\/realitatearutiera.ro\/wp-content\/uploads\/2026\/06\/image-14.png?fit=294%2C171&amp;ssl=1\" src=\"https:\/\/i0.wp.com\/realitatearutiera.ro\/wp-content\/uploads\/2026\/06\/image-14.png?resize=294%2C171&#038;ssl=1\" alt=\"\" class=\"wp-image-137505\" data-recalc-dims=\"1\"\/><\/figure>\n\n\n\n<p>\u00cen sta\u0163iunea Olimp de pe litoral, doi b\u0103rba\u0163i, de 46 \u015fi 51 de ani, au ajuns cu ma\u015finile pe plaj\u0103, \u00eentr-o zon\u0103 unde accesul era, evident, interzis.<\/p>\n\n\n\n<p>Una dintre ele a fost surprins\u0103 chiar la marginea apei, cu ro\u0163ile sc\u0103ldate \u00een apa m\u0103rii. Imaginile au atras imediat aten\u0163ia turi\u015ftilor, dar \u015fi a poli\u0163i\u015ftilor.&nbsp;<\/p>\n\n\n\n<p>\u015ei, cum era de a\u015fteptat, excursia neobi\u015fnuit\u0103 s-a \u00eencheiat cu un avertisment.<\/p>\n\n\n\n<p>Video <a href=\"https:\/\/www.google.com\/search?q=Doi+b%C4%83rba%C5%A3i+au+ajuns+cu+ma%C5%9Finile+pe+nisip%2C+la+Olimp%2C+iar+unul+a+oprit+chiar+%C3%AEn+valuri&amp;rlz=1C1GCEA_enRO1192RO1192&amp;oq=Doi+b%C4%83rba%C5%A3i+au+ajuns+cu+ma%C5%9Finile+pe+nisip%2C+la+Olimp%2C+iar+unul+a+oprit+chiar+%C3%AEn+valuri&amp;gs_lcrp=EgZjaHJvbWUyBggAEEUYOTIGCAEQRRg80gEJMzY0OGowajE1qAIAsAIA&amp;sourceid=chrome&amp;ie=UTF-8#fpstate=ive&amp;vld=cid:abc38e02,vid:MtW0tq46AY0,st:0\">aici<\/a><\/p>\n\n\n\n<p>Sursa: observatornews     Sursa foto: observatornews<\/p>\n\n\n\n<p><\/p>\n","protected":false},"excerpt":{"rendered":"<p>\u00cen sta\u0163iunea Olimp de pe litoral, doi b\u0103rba\u0163i, de 46 \u015fi 51 de ani, au ajuns cu ma\u015finile pe plaj\u0103,<\/p>\n","protected":false},"author":1,"featured_media":137505,"comment_status":"open","ping_status":"closed","sticky":false,"template":"","format":"standard","meta":{"spay_email":"","footnotes":"","jetpack_publicize_message":""},"categories":[6],"tags":[],"class_list":["post-137504","post","type-post","status-publish","format-standard","has-post-thumbnail","hentry","category-social"],"jetpack_featured_media_url":"https:\/\/i0.wp.com\/realitatearutiera.ro\/wp-content\/uploads\/2026\/06\/image-14.png?fit=294%2C171&ssl=1","jetpack_publicize_connections":[],"jetpack_sharing_enabled":true,"jetpack_shortlink":"https:\/\/wp.me\/p61naM-zLO","jetpack-related-posts":[],"_links":{"self":[{"href":"https:\/\/realitatearutiera.ro\/index.php?rest_route=\/wp\/v2\/posts\/137504","targetHints":{"allow":["GET"]}}],"collection":[{"href":"https:\/\/realitatearutiera.ro\/index.php?rest_route=\/wp\/v2\/posts"}],"about":[{"href":"https:\/\/realitatearutiera.ro\/index.php?rest_route=\/wp\/v2\/types\/post"}],"author":[{"embeddable":true,"href":"https:\/\/realitatearutiera.ro\/index.php?rest_route=\/wp\/v2\/users\/1"}],"replies":[{"embeddable":true,"href":"https:\/\/realitatearutiera.ro\/index.php?rest_route=%2Fwp%2Fv2%2Fcomments&post=137504"}],"version-history":[{"count":1,"href":"https:\/\/realitatearutiera.ro\/index.php?rest_route=\/wp\/v2\/posts\/137504\/revisions"}],"predecessor-version":[{"id":137506,"href":"https:\/\/realitatearutiera.ro\/index.php?rest_route=\/wp\/v2\/posts\/137504\/revisions\/137506"}],"wp:featuredmedia":[{"embeddable":true,"href":"https:\/\/realitatearutiera.ro\/index.php?rest_route=\/wp\/v2\/media\/137505"}],"wp:attachment":[{"href":"https:\/\/realitatearutiera.ro\/index.php?rest_route=%2Fwp%2Fv2%2Fmedia&parent=137504"}],"wp:term":[{"taxonomy":"category","embeddable":true,"href":"https:\/\/realitatearutiera.ro\/index.php?rest_route=%2Fwp%2Fv2%2Fcategories&post=137504"},{"taxonomy":"post_tag","embeddable":true,"href":"https:\/\/realitatearutiera.ro\/index.php?rest_route=%2Fwp%2Fv2%2Ftags&post=137504"}],"curies":[{"name":"wp","href":"https:\/\/api.w.org\/{rel}","templated":true}]}}