{"id":13847,"date":"2016-10-06T12:00:30","date_gmt":"2016-10-06T09:00:30","guid":{"rendered":"http:\/\/realitatearutiera.ro\/?p=13847"},"modified":"2016-10-06T15:05:40","modified_gmt":"2016-10-06T12:05:40","slug":"noi-restrictii-impotriva-tutunului-au-fost-adoptate-de-parlament","status":"publish","type":"post","link":"https:\/\/realitatearutiera.ro\/?p=13847","title":{"rendered":"Noi restric\u0163ii \u00eempotriva tutunului au fost adoptate de Parlament"},"content":{"rendered":"<p>Deputa\u0163ii au aprobat Directiva european\u0103 care interzice \u0163ig\u0103rile aromate \u015fi mentolate. Legea va fi publicat\u0103 \u00een Monitorul Oficial dup\u0103 ce va fi promulgat\u0103 de pre\u015fedintele Klaus Iohannis.<\/p>\n<p>Plenul Camerei Deputa\u0163ilor a aprobat, \u00een sf\u00e2r\u015fit, Directiva european\u0103 2014\/40\/UE cu privire \u0163ig\u0103rile cu arome, pe care ar fi trebuit s\u0103 o voteze din luna mai.<\/p>\n<p>Astfel,<strong> \u0163ig\u0103rile cu altfel de arome dec\u00e2t mentolul vor disp\u0103rea de pe pia\u0163\u0103<\/strong> la 30 de zile dup\u0103 ce Directiva va fi publicat\u0103 \u00een Monitorul Oficial.<\/p>\n<p><img loading=\"lazy\" decoding=\"async\" class=\"\" src=\"https:\/\/i1.wp.com\/lh5.ggpht.com\/_yrRtysF58F4\/ShwT_GpUmxI\/AAAAAAAAABU\/ZUszgr4WZcA\/MORE%2001.jpg?resize=185%2C173\" alt=\"Imagini pentru imagini tigari cu mentol\" width=\"185\" height=\"173\" data-recalc-dims=\"1\" \/>\u00a0 \u00a0 \u00a0 \u00a0 \u00a0 \u00a0 \u00a0 \u00a0<img decoding=\"async\" src=\"https:\/\/encrypted-tbn2.gstatic.com\/images?q=tbn:ANd9GcRrSR7KtT-Dqo-aZi3totYF_dci3tR-mBGh5lJpTehV4F_2oprh0A\" alt=\"Imagini pentru imagini tigarete mentolate\" \/><\/p>\n<p>Fum\u0103torii nu se vor mai bucura mult nici de \u0163igaretele mentolate pentru c\u0103 \u015fi acestea vor disp\u0103rea de la v\u00e2nzare p\u00e2n\u0103 \u00een 2019. Ba mai mult, ei vor avea parte de pachete de \u0163ig\u0103ri mult mai \u201eneprietenoase\u201d ca cele de acum cu imagini antifumat mult mai dure care vor fi schimbate anual.<\/p>\n<p><img loading=\"lazy\" decoding=\"async\" class=\"\" src=\"https:\/\/i0.wp.com\/www.click.ro\/sites\/default\/files\/medias\/2016\/02\/03\/tigari_mentolate_si_slim.jpg?resize=299%2C142\" alt=\"Imagini pentru imagini tigarete mentolate\" width=\"299\" height=\"142\" data-recalc-dims=\"1\" \/>\u00a0 \u00a0 \u00a0 \u00a0 \u00a0 \u00a0\u00a0<img loading=\"lazy\" decoding=\"async\" class=\"\" src=\"https:\/\/i2.wp.com\/1.bp.blogspot.com\/_QUXDk6aZNKU\/TNqDwddjA-I\/AAAAAAAADSA\/bML_COSKRD0\/s1600\/Picture%2B1369.jpg?resize=135%2C180\" alt=\"Imagini pentru imagini tigarete mentolate\" width=\"135\" height=\"180\" data-recalc-dims=\"1\" \/>\u00a0 \u00a0 \u00a0\u00a0<img loading=\"lazy\" decoding=\"async\" class=\"\" src=\"https:\/\/i2.wp.com\/www.contraboli.ro\/stuff\/p\/virginia-slims-vogue-dunhill.jpg?resize=237%2C179\" alt=\"virginia slims, vogue, dunhill\" width=\"237\" height=\"179\" data-recalc-dims=\"1\" \/><\/p>\n<p>Mai exact, de la 1 ianuarie 2017, produc\u0103torii de tutun vor fi obliga\u0163i s\u0103 schimbe avertismentele \u015fi imaginile cu unele care vor ocupa 65 la sut\u0103 din suprafa\u0163\u0103 pachetului \u015fi care vor ap\u0103rea pe ambele p\u0103r\u0163i. Vor disp\u0103rea \u00een schimb datele referitoare la concentra\u0163iile de gudron, nicotin\u0103 \u015fi monoxid de carbon, potrivit modific\u0103rilor adoptate la Legea nr. 349\/2002 pentru prevenirea \u015fi combaterea efectelor consumului produselor din tutun.<\/p>\n<p>\u201eAceste imagini vor fi pe ambele fe\u0163e pentru a nu fi posibil s\u0103 ascunzi imaginea \u00een raftul de prezentare a produselor din tutun. \u00cen plus, imaginile vor trebui schimbate la fiecare 1 ianuarie de acum \u00eencolo, \u00een a\u015fa fel \u00eenc\u00e2t oamenii s\u0103 nu se mai obi\u015fnuiasc\u0103 cu imagiile \u015fi s\u0103 fie surprin\u015fi de alte imagini.<\/p>\n<p>Pachetele inscrip\u0163ionate conform vechilor reguli pot fi comercializate p\u00e2n\u0103 la 20 mai 2017\u201d, a explicat Magdalena Ciobanu, expert \u00een Ministerul S\u0103n\u0103t\u0103\u0163ii pentru Controlul Tutunului.<\/p>\n<p>Parlamentarii sunt pruden\u0163i \u00een estim\u0103ri, de\u015fi spun c\u0103 modific\u0103rile legislative vor contribui la descurajarea fumatului. \u201eEste de a\u015fteptat o sc\u0103dere a consumului produselor din tutun pe termen mediu, estimat\u0103 la 2% \u00een urm\u0103torii 5 ani. Pe termen scurt, sc\u0103derea consumului se poate datora scoaterii de pe pia\u0163\u0103 a \u0163igaretelor cu arom\u0103 caracteristic\u0103 \u015fi a celor cu arome \u00een componen\u0163a lor (capsule \u00een filtru)\u201c, se arat\u0103 \u00een expunerea de motive a proiectului legislativ.<\/p>\n<p><strong>\u0162ig\u0103rile cu arome cresc riscul de cancer pulmonar<\/strong><\/p>\n<p><img loading=\"lazy\" decoding=\"async\" class=\"\" src=\"https:\/\/i1.wp.com\/image.stirileprotv.ro\/media\/images\/600x375\/Nov2008\/60199061.jpg?resize=274%2C172\" alt=\"Imagini pentru imagini portretul unui fumator\" width=\"274\" height=\"172\" data-recalc-dims=\"1\" \/><\/p>\n<p>Speciali\u015ftii afirm\u0103 c\u0103 \u0163ig\u0103rile cu arome sunt chiar mai periculoase dec\u00e2t cele \u201eclasice\u201c. Asta pentru c\u0103 creeaz\u0103 dependen\u0163\u0103 mult mai repede. \u00cen plus, mul\u0163i fum\u0103tori cred c\u0103 \u0163ig\u0103rile mentolate se numesc \u201elight\u201c deoarece con\u0163in mai pu\u0163in\u0103 nicotin\u0103. \u00cens\u0103 denumirea se refer\u0103 strict la efectul anestezic \u015fi de r\u0103corire produs de mentol, care te face s\u0103 nu mai sim\u0163i t\u0103ria nicotinei \u015fi s\u0103 inhalezi fumul \u015fi mai profund.<\/p>\n<p>Cercet\u0103torii au stabilit c\u0103, din acest motiv, fum\u0103torii de \u0163igarete light inhaleaz\u0103, \u00een medie, de \u015fase-\u015fapte ori mai mult gudron dec\u00e2t fum\u0103torii de \u0163ig\u0103ri clasice. Faptul c\u0103 femeile prefer\u0103, \u00een general, \u0163igaret\u0103 mentolat\u0103, explic\u0103 de ce sunt \u015fi principalele victime ale cancerului pulmonar.<\/p>\n<p><strong>C\u00e2\u0163i fum\u0103tori sunt \u00een Rom\u00e2nia<\/strong><\/p>\n<p>Potrivit celui mai recent studiu Eurobarometru, din anul 2015, 27% dintre rom\u00e2ni (peste 5 milioane de persoane) fumeaz\u0103 regulat (33% dintre b\u0103rba\u0163i \u015fi 22% dintre femei), procent aflat pu\u0163in peste media european\u0103 de 26%. 95% din fum\u0103tori folosesc zilnic pachetele de \u0163ig\u0103ri preambalate (fa\u0163\u0103 de media UE de 76%), iar restul prefer\u0103 \u0163ig\u0103rile rulate (comparativ cu media european\u0103 de 24%).<\/p>\n<p>\u015ei mai \u00eengrijor\u0103toare este situa\u0163ia tinerilor care fumeaz\u0103.<\/p>\n<p><img loading=\"lazy\" decoding=\"async\" class=\"\" src=\"https:\/\/i1.wp.com\/alba24.ro\/wp-content\/uploads\/2015\/05\/fumat-tineri.jpg?resize=255%2C149\" alt=\"Imagini pentru imagini portretul unui fumator\" width=\"255\" height=\"149\" data-recalc-dims=\"1\" \/>\u00a0 \u00a0 \u00a0 \u00a0 \u00a0 \u00a0 \u00a0 \u00a0 \u00a0 \u00a0 \u00a0 \u00a0<img loading=\"lazy\" decoding=\"async\" class=\"\" src=\"https:\/\/i0.wp.com\/4.bp.blogspot.com\/-OUO5FiWmJU0\/TuPBFYiJsHI\/AAAAAAAAABM\/v6BrHrZFoas\/s1600\/fete-la-fumat.jpg?resize=221%2C147\" alt=\"Imagini pentru imagini portretul unui fumator\" width=\"221\" height=\"147\" data-recalc-dims=\"1\" \/><\/p>\n<p>Potrivit statiscilor, peste jum\u0103tate din adolescen\u0163ii rom\u00e2ni de 16 ani consum\u0103 tutun. Datele, care \u00eei \u00eengrijoreaz\u0103 pe speciali\u015fti, se desprind din cel mai recent studiu ESPAD, prezentat de Agen\u0163ia Na\u0163ional\u0103 Antidrog \u00een 2016.<\/p>\n<p>Studiul, care se desf\u0103\u015foar\u0103 la intervale de patru ani, a fost realizat pe un e\u015fantion de 3.500 de elevi, selecta\u0163i din 170 de \u015fcoli, datele fiind colectate \u00een perioada 11 &#8211; 29 mai 2015.<\/p>\n<p>Potrivit cercet\u0103rii, de\u015fi consumul de tutun \u00een r\u00e2ndul adolescen\u0163ilor s-a \u00eenscris pe o linie descendent\u0103 \u00eencep\u00e2nd cu 2003, el se men\u0163ine peste media european\u0103 de 45,6%. \u00cen ceea ce prive\u015fte reparti\u0163ia pe sexe, se observ\u0103 valori mai mari ale consumului de tutun \u00een r\u00e2ndul b\u0103ie\u0163ilor dec\u00e2t \u00een cel al fetelor.<\/p>\n<p><strong>Portretul fum\u0103torului rom\u00e2n<\/strong><\/p>\n<p><img loading=\"lazy\" decoding=\"async\" class=\"\" src=\"https:\/\/i2.wp.com\/www.rasputin.md\/files\/2014\/12\/12\/4bb18f9d399fe0a44df0d805ceee3d0e\/collage.jpg?resize=400%2C180\" alt=\"Imagini pentru imagini portretul unui fumator\" width=\"400\" height=\"180\" data-recalc-dims=\"1\" \/><\/p>\n<p>Potrivit unui studiu al Instututului Na\u0163ional de Statistic\u0103, cei mai aprigi fum\u0103tori locuiesc la ora\u015f, sunt b\u0103rba\u0163i, salaria\u0163i (cheltuiesc mai mult de 150 de lei lunar pe gospod\u0103rie) cu v\u00e2rsta cuprins\u0103 \u00eentre 25 \u015fi 34 de ani \u015fi fac parte din gospod\u0103rii cu pu\u0163ine persoane, situate \u00een Bucure\u015fti sau \u00een vestul \u0163\u0103rii. La polul opus, cei mai pruden\u0163i fum\u0103tori locuiesc \u00een mediul rural, sunt pensionari sau agricultori (cheltuiesc mai pu\u0163in de 70 de lei lunar pe gospod\u0103rie), au v\u00e2rsta de peste 65 de ani \u015fi fac parte din gospod\u0103rii cu multe persoane, situate \u00een Moldova sau Oltenia.<\/p>\n<p><strong>Fumatul afecteaz\u0103 nivelul celular <\/strong><\/p>\n<p>Conform unor noi cercet\u0103ri asupra problemelor provocate de tutun, pe termen lung, fumatul are un puternic efect asupra ADN-ului. Cercet\u0103torii au analizat mai multe puncte de metila\u0163ie a ADN-ului dup\u0103 ce au colectat probe de s\u00e2nge de la aproximativ 16.000 de persoane din 16 grupuri de studiu. Unul dintre aceste grupuri este studiat de c\u0103tre cercet\u0103torii de la Framingham Heart Study \u00eenc\u0103 din 1971.<\/p>\n<p>Cercet\u0103torii au comparat metila\u0163ia genomului la fum\u0103tori activi, la fo\u015fti fum\u0103tori dar \u015fi la nefum\u0103tori \u015fi au f\u0103cut o serie de descoperiri. Punctele de metila\u0163ie asociate cu fumatul sunt asociate cu peste 7.000 de gene, adic\u0103 o treime din num\u0103rul cunoscut de gene umane.<\/p>\n<p>Cei ce s-au l\u0103sat de fumat au avut o reducere a nivelurilor de metila\u0163ie a ADN-ului la un nivel comparabil cu cel al nefum\u0103torilor la 5 ani dup\u0103 ce s-au l\u0103sat de fumat. Cu toate acestea, unele urme r\u0103m\u00e2n chiar \u015fi mai bine de 30 de ani \u00een ADN, dup\u0103 ce un individ se las\u0103 de fumat. Mai mult, cele mai importante puncte de metila\u0163ie apar \u00een zonele asociate cu predispozi\u0163ia la boli cauzate de fumat, precum bolile cardiovasculare sau cancerul.<\/p>\n<p><strong>Amendamentele la Legea antifumat, respinse<\/strong><\/p>\n<p>Tot s\u0103pt\u0103m\u00e2na aceasta, deputa\u0163ii din Comisia Juridic\u0103 \u015fi din cea de S\u0103n\u0103tate au decis c\u0103\u00a0<strong>fumatul r\u0103m\u00e2ne \u00een continuare interzis \u00een spa\u0163iile<\/strong>\u00a0<strong>publice<\/strong>\u00a0<strong>inchise.<\/strong> Parlamentarii au respins toate amendamentele la Legea antifumat \u015fi au trimis actul normativ la votul final \u00een forma promovat\u0103 de Guvern, cu mici modific\u0103ri.<\/p>\n<p>Printre modific\u0103rile respinse de deputa\u0163i se num\u0103r\u0103 redefinirea spa\u0163iului \u00eenchis, interzicerea fumatului \u00een autovehicule \u00een prezen\u0163a copiilor sau a femeilor gravide ori amenajarea unor spa\u0163iile speciale pentru fumat \u00een unit\u0103\u0163ile spitalice\u015fti de psihiatrie. Motivul pentru care aceste amendamente au fost respinse a fost faptul c\u0103 modific\u0103rile au fost introduse pe legea care transpune \u00een Rom\u00e2nia Directiva European\u0103 40\/2014 privind fabricarea, prezentarea \u015fi v\u00e2nzarea produselor de tutun.<br \/>\nSursa:adevarul.ro<\/p>\n","protected":false},"excerpt":{"rendered":"<p>Deputa\u0163ii au aprobat Directiva european\u0103 care interzice \u0163ig\u0103rile aromate \u015fi mentolate. Legea va fi publicat\u0103 \u00een Monitorul Oficial dup\u0103 ce<\/p>\n","protected":false},"author":1,"featured_media":0,"comment_status":"closed","ping_status":"closed","sticky":false,"template":"","format":"standard","meta":{"spay_email":"","footnotes":"","jetpack_publicize_message":""},"categories":[1],"tags":[],"class_list":["post-13847","post","type-post","status-publish","format-standard","hentry","category-uncategorized"],"jetpack_featured_media_url":"","jetpack_publicize_connections":[],"jetpack_sharing_enabled":true,"jetpack_shortlink":"https:\/\/wp.me\/p61naM-3Bl","jetpack-related-posts":[],"_links":{"self":[{"href":"https:\/\/realitatearutiera.ro\/index.php?rest_route=\/wp\/v2\/posts\/13847","targetHints":{"allow":["GET"]}}],"collection":[{"href":"https:\/\/realitatearutiera.ro\/index.php?rest_route=\/wp\/v2\/posts"}],"about":[{"href":"https:\/\/realitatearutiera.ro\/index.php?rest_route=\/wp\/v2\/types\/post"}],"author":[{"embeddable":true,"href":"https:\/\/realitatearutiera.ro\/index.php?rest_route=\/wp\/v2\/users\/1"}],"replies":[{"embeddable":true,"href":"https:\/\/realitatearutiera.ro\/index.php?rest_route=%2Fwp%2Fv2%2Fcomments&post=13847"}],"version-history":[{"count":3,"href":"https:\/\/realitatearutiera.ro\/index.php?rest_route=\/wp\/v2\/posts\/13847\/revisions"}],"predecessor-version":[{"id":13877,"href":"https:\/\/realitatearutiera.ro\/index.php?rest_route=\/wp\/v2\/posts\/13847\/revisions\/13877"}],"wp:attachment":[{"href":"https:\/\/realitatearutiera.ro\/index.php?rest_route=%2Fwp%2Fv2%2Fmedia&parent=13847"}],"wp:term":[{"taxonomy":"category","embeddable":true,"href":"https:\/\/realitatearutiera.ro\/index.php?rest_route=%2Fwp%2Fv2%2Fcategories&post=13847"},{"taxonomy":"post_tag","embeddable":true,"href":"https:\/\/realitatearutiera.ro\/index.php?rest_route=%2Fwp%2Fv2%2Ftags&post=13847"}],"curies":[{"name":"wp","href":"https:\/\/api.w.org\/{rel}","templated":true}]}}