{"id":139358,"date":"2026-07-17T11:44:41","date_gmt":"2026-07-17T08:44:41","guid":{"rendered":"http:\/\/realitatearutiera.ro\/?p=139358"},"modified":"2026-07-17T11:44:45","modified_gmt":"2026-07-17T08:44:45","slug":"circulatie-restrictionata-pe-autostrada-a2-bucuresti-constanta","status":"publish","type":"post","link":"https:\/\/realitatearutiera.ro\/?p=139358","title":{"rendered":"CIRCULA\u021aIE RESTRIC\u021aIONAT\u0102 PE AUTOSTRADA A2 BUCURE\u0218TI &#8211; CONSTAN\u021aA"},"content":{"rendered":"\n<p><strong>Centrul INFOTRAFIC din Inspectoratul General al Poli\u021biei Rom\u00e2ne&nbsp;<\/strong>informeaz\u0103 c\u0103 pe autostrada A2 Bucure\u0219ti &#8211; Constan\u021ba, la kilometrul 157, pe sensul de mers spre Constan\u021ba, \u00een zona localit\u0103\u021bii Fete\u0219ti, jude\u021bul Ialomi\u021ba, s-a produs un accident rutier produs \u00eentre trei autovehicule, soldat doar cu pagube materiale. \u00cen urma coliziunii, dou\u0103 autovehicule sunt imobilizate pe a doua band\u0103, traficul desf\u0103\u0219ur\u00e2ndu-se pe banda nr.1.<\/p>\n\n\n\n<p>Se estimeaz\u0103 reluarea normal\u0103 a circula\u021biei \u00een 20 de minute.<\/p>\n","protected":false},"excerpt":{"rendered":"<p>Centrul INFOTRAFIC din Inspectoratul General al Poli\u021biei Rom\u00e2ne&nbsp;informeaz\u0103 c\u0103 pe autostrada A2 Bucure\u0219ti &#8211; Constan\u021ba, la kilometrul 157, pe sensul<\/p>\n","protected":false},"author":1,"featured_media":101639,"comment_status":"open","ping_status":"closed","sticky":false,"template":"","format":"standard","meta":{"spay_email":"","footnotes":"","jetpack_publicize_message":""},"categories":[54],"tags":[],"class_list":["post-139358","post","type-post","status-publish","format-standard","has-post-thumbnail","hentry","category-informatii-rutiere"],"jetpack_featured_media_url":"https:\/\/i0.wp.com\/realitatearutiera.ro\/wp-content\/uploads\/2023\/08\/infotrafic-e1535778443522.jpg?fit=332%2C231&ssl=1","jetpack_publicize_connections":[],"jetpack_sharing_enabled":true,"jetpack_shortlink":"https:\/\/wp.me\/p61naM-AfI","jetpack-related-posts":[],"_links":{"self":[{"href":"https:\/\/realitatearutiera.ro\/index.php?rest_route=\/wp\/v2\/posts\/139358","targetHints":{"allow":["GET"]}}],"collection":[{"href":"https:\/\/realitatearutiera.ro\/index.php?rest_route=\/wp\/v2\/posts"}],"about":[{"href":"https:\/\/realitatearutiera.ro\/index.php?rest_route=\/wp\/v2\/types\/post"}],"author":[{"embeddable":true,"href":"https:\/\/realitatearutiera.ro\/index.php?rest_route=\/wp\/v2\/users\/1"}],"replies":[{"embeddable":true,"href":"https:\/\/realitatearutiera.ro\/index.php?rest_route=%2Fwp%2Fv2%2Fcomments&post=139358"}],"version-history":[{"count":1,"href":"https:\/\/realitatearutiera.ro\/index.php?rest_route=\/wp\/v2\/posts\/139358\/revisions"}],"predecessor-version":[{"id":139359,"href":"https:\/\/realitatearutiera.ro\/index.php?rest_route=\/wp\/v2\/posts\/139358\/revisions\/139359"}],"wp:featuredmedia":[{"embeddable":true,"href":"https:\/\/realitatearutiera.ro\/index.php?rest_route=\/wp\/v2\/media\/101639"}],"wp:attachment":[{"href":"https:\/\/realitatearutiera.ro\/index.php?rest_route=%2Fwp%2Fv2%2Fmedia&parent=139358"}],"wp:term":[{"taxonomy":"category","embeddable":true,"href":"https:\/\/realitatearutiera.ro\/index.php?rest_route=%2Fwp%2Fv2%2Fcategories&post=139358"},{"taxonomy":"post_tag","embeddable":true,"href":"https:\/\/realitatearutiera.ro\/index.php?rest_route=%2Fwp%2Fv2%2Ftags&post=139358"}],"curies":[{"name":"wp","href":"https:\/\/api.w.org\/{rel}","templated":true}]}}