{"id":139384,"date":"2026-07-20T07:17:15","date_gmt":"2026-07-20T04:17:15","guid":{"rendered":"http:\/\/realitatearutiera.ro\/?p=139384"},"modified":"2026-07-20T07:17:18","modified_gmt":"2026-07-20T04:17:18","slug":"start-pentru-rabla-2026-persoanele-fizice-pot-depune-cererile-online-incepand-de-luni-dimineata","status":"publish","type":"post","link":"https:\/\/realitatearutiera.ro\/?p=139384","title":{"rendered":"Start pentru \u201eRabla 2026\u201d. Persoanele fizice pot depune cererile online \u00eencep\u00e2nd de luni diminea\u021b\u0103"},"content":{"rendered":"\n<p>Sesiunea din 2026 a programului &#8220;Rabla&#8221; pentru persoanele fizice debuteaz\u0103 luni diminea\u0163a, moment din care solicitan\u0163ii se pot \u00eenscrie online \u00een aplica\u0163ia dedicat\u0103.<img loading=\"lazy\" decoding=\"async\" src=\"https:\/\/i0.wp.com\/cdn.adh.reperio.news\/image-1\/12849582-d2de-4053-8e94-7b0054493322\/index.png?resize=800%2C450&#038;ssl=1\" alt=\"Ma\u0219inile vechi duse la fier vechi\" width=\"800\" height=\"450\"  data-recalc-dims=\"1\"><\/p>\n\n\n\n<p>Programul Rabla \u00eencepe luni FOTO: Adev\u0103rul<\/p>\n\n\n\n<p>Potrivit Administra\u0163iei Fondului pentru Mediu (AFM), \u00eenscrierile \u00eencep la ora 10:00.<\/p>\n\n\n\n<p>Pentru edi\u0163ia din acest an a programului&#8221;Rabla&#8221;, bugetul alocat este de 300 de milioane de lei iar valoarea ecotichetelor este urm\u0103toarea: 18.500 lei pentru achizi\u0163ionarea unui autovehicul nou pur electric sau cu pil\u0103 de combustie cu hidrogen; 15.000 lei pentru achizi\u0163ionarea unui autovehicul nou plug-in hibrid sau a unei motociclete electrice; 12.000 lei pentru achizi\u0163ionarea unui autovehicul nou cu sistem de propulsie hibrid; 10.000 lei pentru achizi\u0163ionarea unui autovehicul nou cu sistem de propulsie termic\u0103, inclusiv GPL\/GNC, sau a unei motociclete.<\/p>\n\n\n\n<p><a href=\"https:\/\/adevarul.ro\/economie\/incepe-rabla-2026-unde-se-depun-actele-si-ce-2544114.html\">\u00censcrierea solicitan\u0163ilor se realizeaz\u0103<\/a>&nbsp;prin \u00eenc\u0103rcarea \u00een aplica\u0163ie a urm\u0103toarelor documente: cererea de finan\u0163are, desc\u0103rcat\u0103 din aplica\u0163ie, completat\u0103 prin tehnoredactare \u015fi ulterior, \u00eenc\u0103rcat\u0103 f\u0103r\u0103 a fi semnat\u0103; actul de identitate, \u00een termen de valabilitate la momentul \u00eenscrierii; certificatul de atestare fiscal\u0103 privind obliga\u0163iile de plat\u0103 c\u0103tre bugetul de stat, emis pe numele solicitantului de c\u0103tre organul teritorial de specialitate al Ministerului Finan\u0163elor, nu mai vechi de 90 de zile la momentul \u00eenscrierii \u00een program; certificatul de atestare fiscal\u0103 privind impozitele \u015fi taxele locale \u015fi alte venituri ale bugetului local, emis pe numele solicitantului de c\u0103tre autoritatea public\u0103 local\u0103 \u00een a c\u0103rei raz\u0103 teritorial\u0103 \u00ee\u015fi are domiciliul\/re\u015fedin\u0163a, nu mai vechi de 30 de zile la momentul \u00eenscrierii \u00een program.<\/p>\n\n\n\n<p>AFM precizeaz\u0103 c\u0103 persoana fizic\u0103 poate solicita cel mult dou\u0103 ecotichete \u00een cadrul unei sesiuni de \u00eenscriere, c\u00e2te unul<a href=\"https:\/\/adevarul.ro\/economie\/tutorial-video-cu-pasii-pentru-inscrierea-in-2543377.html\">&nbsp;pentru fiecare autovehicul nou care urmeaz\u0103 a fi achizi\u0163ionat.<\/a><\/p>\n\n\n\n<p>Sursa: adevarul    FOTO: Adev\u0103rul<\/p>\n","protected":false},"excerpt":{"rendered":"<p>Sesiunea din 2026 a programului &#8220;Rabla&#8221; pentru persoanele fizice debuteaz\u0103 luni diminea\u0163a, moment din care solicitan\u0163ii se pot \u00eenscrie online<\/p>\n","protected":false},"author":1,"featured_media":139385,"comment_status":"open","ping_status":"closed","sticky":false,"template":"","format":"standard","meta":{"spay_email":"","footnotes":"","jetpack_publicize_message":""},"categories":[82],"tags":[],"class_list":["post-139384","post","type-post","status-publish","format-standard","has-post-thumbnail","hentry","category-auto"],"jetpack_featured_media_url":"https:\/\/realitatearutiera.ro\/wp-content\/uploads\/2026\/07\/index-1-3.webp","jetpack_publicize_connections":[],"jetpack_sharing_enabled":true,"jetpack_shortlink":"https:\/\/wp.me\/p61naM-Ag8","jetpack-related-posts":[],"_links":{"self":[{"href":"https:\/\/realitatearutiera.ro\/index.php?rest_route=\/wp\/v2\/posts\/139384","targetHints":{"allow":["GET"]}}],"collection":[{"href":"https:\/\/realitatearutiera.ro\/index.php?rest_route=\/wp\/v2\/posts"}],"about":[{"href":"https:\/\/realitatearutiera.ro\/index.php?rest_route=\/wp\/v2\/types\/post"}],"author":[{"embeddable":true,"href":"https:\/\/realitatearutiera.ro\/index.php?rest_route=\/wp\/v2\/users\/1"}],"replies":[{"embeddable":true,"href":"https:\/\/realitatearutiera.ro\/index.php?rest_route=%2Fwp%2Fv2%2Fcomments&post=139384"}],"version-history":[{"count":1,"href":"https:\/\/realitatearutiera.ro\/index.php?rest_route=\/wp\/v2\/posts\/139384\/revisions"}],"predecessor-version":[{"id":139386,"href":"https:\/\/realitatearutiera.ro\/index.php?rest_route=\/wp\/v2\/posts\/139384\/revisions\/139386"}],"wp:featuredmedia":[{"embeddable":true,"href":"https:\/\/realitatearutiera.ro\/index.php?rest_route=\/wp\/v2\/media\/139385"}],"wp:attachment":[{"href":"https:\/\/realitatearutiera.ro\/index.php?rest_route=%2Fwp%2Fv2%2Fmedia&parent=139384"}],"wp:term":[{"taxonomy":"category","embeddable":true,"href":"https:\/\/realitatearutiera.ro\/index.php?rest_route=%2Fwp%2Fv2%2Fcategories&post=139384"},{"taxonomy":"post_tag","embeddable":true,"href":"https:\/\/realitatearutiera.ro\/index.php?rest_route=%2Fwp%2Fv2%2Ftags&post=139384"}],"curies":[{"name":"wp","href":"https:\/\/api.w.org\/{rel}","templated":true}]}}