{"id":139411,"date":"2026-07-20T09:16:23","date_gmt":"2026-07-20T06:16:23","guid":{"rendered":"http:\/\/realitatearutiera.ro\/?p=139411"},"modified":"2026-07-20T09:16:27","modified_gmt":"2026-07-20T06:16:27","slug":"impact-intre-doua-motociclete-in-alba-doi-cetateni-straini-au-fost-raniti","status":"publish","type":"post","link":"https:\/\/realitatearutiera.ro\/?p=139411","title":{"rendered":"Impact \u00eentre dou\u0103 motociclete \u00een Alba. Doi cet\u0103\u021beni str\u0103ini au fost r\u0103ni\u021bi"},"content":{"rendered":"\n<p><img loading=\"lazy\" decoding=\"async\" src=\"https:\/\/img.observatornews.ro\/0\/2026\/7\/19\/660649\/moto-4acbfd19.webp?w=430&amp;f=2&amp;v=2\" alt=\"\" width=\"430\" height=\"320\"><\/p>\n\n\n\n<p>Un polonez \u015fi un maghiar s-au ciocnit cu motocicletele \u00een Alba. Ambii, transporta\u0163i la spital &#8211; Profimedia \/ imagine ilustrativ\u0103<\/p>\n\n\n\n<p>Doi motocicli\u015fti, un polonez \u015fi un maghiar, au intrat \u00een coliziune DN 107 K, pe raza localit\u0103\u0163ii Mogo\u015f, ambii necesit\u00e2nd spitalizare, a informat, duminic\u0103, serviciul de comunicare al IPJ Alba, citat de Agerpres.<\/p>\n\n\n\n<p>Poli\u0163ia ora\u015fului Abrud a fost sesizat\u0103 de accidentul produs prin SNUAU 112.&nbsp;<em>&#8220;Poli\u0163i\u015ftii s-au deplasat la fa\u0163a locului \u015fi au constatat faptul c\u0103 un cet\u0103\u0163ean polonez, \u00een v\u00e2rst\u0103 de 46 de ani, \u00een timp ce conducea o motociclet\u0103, la kilometrul 56+609 metri, pe direc\u0163ia de mers Mogo\u015f- Ponor, \u00eentr-o curb\u0103, nu ar fi adaptat viteza corespunz\u0103toare \u015fi ar fi pierdut controlul asupra direc\u0163iei de deplasare, intr\u00e2nd \u00een coliziune cu o motociclet\u0103 condus\u0103 de un cet\u0103\u0163ean maghiar, \u00een v\u00e2rst\u0103 de 56 de ani, care circula regulamentar pe sensul de mers Ponor-Mogo\u015f&#8221;<\/em>&nbsp;a precizat&nbsp;<strong>poli\u0163ia.<\/strong><\/p>\n\n\n\n<p>Conform sursei citate, \u00een urma evenimentului rutier, ambii conduc\u0103tori auto au suferit leziuni corporale ce au necesitat transportul la spital.&nbsp;<em>&#8220;Ace\u015ftia au fost testa\u0163i cu aparatul etilotest, rezultatele fiind negative. Cercet\u0103rile sunt continuate sub aspectul s\u0103v\u00e2r\u015firii infrac\u0163iunii de v\u0103t\u0103mare corporal\u0103 din culp\u0103&#8221;,<\/em>&nbsp;a precizat<strong>&nbsp;IPJ Alba.<\/strong><\/p>\n\n\n\n<p>Sursa: observatornews<\/p>\n","protected":false},"excerpt":{"rendered":"<p>Un polonez \u015fi un maghiar s-au ciocnit cu motocicletele \u00een Alba. Ambii, transporta\u0163i la spital &#8211; Profimedia \/ imagine ilustrativ\u0103<\/p>\n","protected":false},"author":1,"featured_media":116298,"comment_status":"open","ping_status":"closed","sticky":false,"template":"","format":"standard","meta":{"spay_email":"","footnotes":"","jetpack_publicize_message":""},"categories":[1],"tags":[],"class_list":["post-139411","post","type-post","status-publish","format-standard","has-post-thumbnail","hentry","category-uncategorized"],"jetpack_featured_media_url":"https:\/\/i1.wp.com\/realitatearutiera.ro\/wp-content\/uploads\/2024\/09\/semn-accident-850x560-1.jpg?fit=850%2C560&ssl=1","jetpack_publicize_connections":[],"jetpack_sharing_enabled":true,"jetpack_shortlink":"https:\/\/wp.me\/p61naM-Agz","jetpack-related-posts":[],"_links":{"self":[{"href":"https:\/\/realitatearutiera.ro\/index.php?rest_route=\/wp\/v2\/posts\/139411","targetHints":{"allow":["GET"]}}],"collection":[{"href":"https:\/\/realitatearutiera.ro\/index.php?rest_route=\/wp\/v2\/posts"}],"about":[{"href":"https:\/\/realitatearutiera.ro\/index.php?rest_route=\/wp\/v2\/types\/post"}],"author":[{"embeddable":true,"href":"https:\/\/realitatearutiera.ro\/index.php?rest_route=\/wp\/v2\/users\/1"}],"replies":[{"embeddable":true,"href":"https:\/\/realitatearutiera.ro\/index.php?rest_route=%2Fwp%2Fv2%2Fcomments&post=139411"}],"version-history":[{"count":1,"href":"https:\/\/realitatearutiera.ro\/index.php?rest_route=\/wp\/v2\/posts\/139411\/revisions"}],"predecessor-version":[{"id":139412,"href":"https:\/\/realitatearutiera.ro\/index.php?rest_route=\/wp\/v2\/posts\/139411\/revisions\/139412"}],"wp:featuredmedia":[{"embeddable":true,"href":"https:\/\/realitatearutiera.ro\/index.php?rest_route=\/wp\/v2\/media\/116298"}],"wp:attachment":[{"href":"https:\/\/realitatearutiera.ro\/index.php?rest_route=%2Fwp%2Fv2%2Fmedia&parent=139411"}],"wp:term":[{"taxonomy":"category","embeddable":true,"href":"https:\/\/realitatearutiera.ro\/index.php?rest_route=%2Fwp%2Fv2%2Fcategories&post=139411"},{"taxonomy":"post_tag","embeddable":true,"href":"https:\/\/realitatearutiera.ro\/index.php?rest_route=%2Fwp%2Fv2%2Ftags&post=139411"}],"curies":[{"name":"wp","href":"https:\/\/api.w.org\/{rel}","templated":true}]}}