{"id":139552,"date":"2026-07-22T13:53:41","date_gmt":"2026-07-22T10:53:41","guid":{"rendered":"http:\/\/realitatearutiera.ro\/?p=139552"},"modified":"2026-07-22T13:53:46","modified_gmt":"2026-07-22T10:53:46","slug":"accident-in-piatra-neamt-o-ambulanta-saj-si-un-autoturism-s-au-ciocnit-in-trafic","status":"publish","type":"post","link":"https:\/\/realitatearutiera.ro\/?p=139552","title":{"rendered":"Accident \u00een Piatra-Neam\u021b. O ambulan\u021b\u0103 SAJ \u0219i un autoturism s-au ciocnit \u00een trafic"},"content":{"rendered":"\n<figure class=\"wp-block-image size-full is-resized\"><img loading=\"lazy\" decoding=\"async\" width=\"770\" height=\"635\" data-attachment-id=\"139553\" data-permalink=\"https:\/\/realitatearutiera.ro\/?attachment_id=139553\" data-orig-file=\"https:\/\/i0.wp.com\/realitatearutiera.ro\/wp-content\/uploads\/2026\/07\/image-150.png?fit=770%2C635&amp;ssl=1\" data-orig-size=\"770,635\" data-comments-opened=\"1\" data-image-meta=\"{&quot;aperture&quot;:&quot;0&quot;,&quot;credit&quot;:&quot;&quot;,&quot;camera&quot;:&quot;&quot;,&quot;caption&quot;:&quot;&quot;,&quot;created_timestamp&quot;:&quot;0&quot;,&quot;copyright&quot;:&quot;&quot;,&quot;focal_length&quot;:&quot;0&quot;,&quot;iso&quot;:&quot;0&quot;,&quot;shutter_speed&quot;:&quot;0&quot;,&quot;title&quot;:&quot;&quot;,&quot;orientation&quot;:&quot;0&quot;}\" data-image-title=\"image\" data-image-description=\"\" data-medium-file=\"https:\/\/i0.wp.com\/realitatearutiera.ro\/wp-content\/uploads\/2026\/07\/image-150.png?fit=300%2C247&amp;ssl=1\" data-large-file=\"https:\/\/i0.wp.com\/realitatearutiera.ro\/wp-content\/uploads\/2026\/07\/image-150.png?fit=770%2C635&amp;ssl=1\" src=\"https:\/\/i0.wp.com\/realitatearutiera.ro\/wp-content\/uploads\/2026\/07\/image-150.png?resize=770%2C635\" alt=\"\" class=\"wp-image-139553\" style=\"width:477px;height:auto\" srcset=\"https:\/\/i0.wp.com\/realitatearutiera.ro\/wp-content\/uploads\/2026\/07\/image-150.png?w=770&amp;ssl=1 770w, https:\/\/i0.wp.com\/realitatearutiera.ro\/wp-content\/uploads\/2026\/07\/image-150.png?resize=300%2C247&amp;ssl=1 300w, https:\/\/i0.wp.com\/realitatearutiera.ro\/wp-content\/uploads\/2026\/07\/image-150.png?resize=768%2C633&amp;ssl=1 768w\" sizes=\"auto, (max-width: 770px) 100vw, 770px\" data-recalc-dims=\"1\" \/><\/figure>\n\n\n\n<p><strong>Un echipaj de pompieri intervine chiar \u00een aceste momente pentru asigurarea m\u0103surilor de prevenire \u0219i stingere a incendiilor.<\/strong><strong>&nbsp;Accidentul rutier s-a produs pe strada Progresului, la intersec\u021bia cu strada L\u0103m\u00e2i\u021bei.<\/strong><\/p>\n\n\n\n<h3 class=\"wp-block-heading\" id=\"patru-persoane-implicate-in-coliziune\">Patru persoane implicate \u00een coliziune<\/h3>\n\n\n\n<p><strong>\u00cen ambele vehicule implicate \u00een evenimentul rutier de ast\u0103zi se aflau c\u00e2te dou\u0103 persoane \u00een momentul impactului.<\/strong>&nbsp;Din fericire, primele informa\u021bii de la fa\u021ba locului arat\u0103 c\u0103 nicio persoan\u0103 nu a fost r\u0103nit\u0103 \u0219i nu necesit\u0103 \u00eengrijiri medicale.<\/p>\n\n\n\n<p>Sursa: monitorulneamt    FOTO generica<\/p>\n","protected":false},"excerpt":{"rendered":"<p>Un echipaj de pompieri intervine chiar \u00een aceste momente pentru asigurarea m\u0103surilor de prevenire \u0219i stingere a incendiilor.&nbsp;Accidentul rutier s-a<\/p>\n","protected":false},"author":1,"featured_media":116298,"comment_status":"open","ping_status":"closed","sticky":false,"template":"","format":"standard","meta":{"spay_email":"","footnotes":"","jetpack_publicize_message":""},"categories":[1],"tags":[],"class_list":["post-139552","post","type-post","status-publish","format-standard","has-post-thumbnail","hentry","category-uncategorized"],"jetpack_featured_media_url":"https:\/\/i1.wp.com\/realitatearutiera.ro\/wp-content\/uploads\/2024\/09\/semn-accident-850x560-1.jpg?fit=850%2C560&ssl=1","jetpack_publicize_connections":[],"jetpack_sharing_enabled":true,"jetpack_shortlink":"https:\/\/wp.me\/p61naM-AiQ","jetpack-related-posts":[],"_links":{"self":[{"href":"https:\/\/realitatearutiera.ro\/index.php?rest_route=\/wp\/v2\/posts\/139552","targetHints":{"allow":["GET"]}}],"collection":[{"href":"https:\/\/realitatearutiera.ro\/index.php?rest_route=\/wp\/v2\/posts"}],"about":[{"href":"https:\/\/realitatearutiera.ro\/index.php?rest_route=\/wp\/v2\/types\/post"}],"author":[{"embeddable":true,"href":"https:\/\/realitatearutiera.ro\/index.php?rest_route=\/wp\/v2\/users\/1"}],"replies":[{"embeddable":true,"href":"https:\/\/realitatearutiera.ro\/index.php?rest_route=%2Fwp%2Fv2%2Fcomments&post=139552"}],"version-history":[{"count":1,"href":"https:\/\/realitatearutiera.ro\/index.php?rest_route=\/wp\/v2\/posts\/139552\/revisions"}],"predecessor-version":[{"id":139554,"href":"https:\/\/realitatearutiera.ro\/index.php?rest_route=\/wp\/v2\/posts\/139552\/revisions\/139554"}],"wp:featuredmedia":[{"embeddable":true,"href":"https:\/\/realitatearutiera.ro\/index.php?rest_route=\/wp\/v2\/media\/116298"}],"wp:attachment":[{"href":"https:\/\/realitatearutiera.ro\/index.php?rest_route=%2Fwp%2Fv2%2Fmedia&parent=139552"}],"wp:term":[{"taxonomy":"category","embeddable":true,"href":"https:\/\/realitatearutiera.ro\/index.php?rest_route=%2Fwp%2Fv2%2Fcategories&post=139552"},{"taxonomy":"post_tag","embeddable":true,"href":"https:\/\/realitatearutiera.ro\/index.php?rest_route=%2Fwp%2Fv2%2Ftags&post=139552"}],"curies":[{"name":"wp","href":"https:\/\/api.w.org\/{rel}","templated":true}]}}