{"id":14003,"date":"2016-10-10T15:34:02","date_gmt":"2016-10-10T12:34:02","guid":{"rendered":"http:\/\/realitatearutiera.ro\/?p=14003"},"modified":"2016-10-10T15:34:02","modified_gmt":"2016-10-10T12:34:02","slug":"5-persoane-au-fost-grav-ranite-intr-un-accident-rutier","status":"publish","type":"post","link":"https:\/\/realitatearutiera.ro\/?p=14003","title":{"rendered":"5 PERSOANE au fost GRAV R\u0102NITE \u00eentr-un accident rutier"},"content":{"rendered":"<p>Cinci tineri din Alba au fost r\u0103ni\u0163i \u00eentr-un accident grav petrecut \u00een noaptea de s\u00e2mb\u0103t\u0103 spre duminic\u0103 \u00een jude\u0163ul Mure\u015f. Un t\u00e2n\u0103r de 21 de ani din \u015eona a intrat cu ma\u015fina \u00eentr-un cap\u0103t de pod, \u00een afara localit\u0103\u0163ii Corne\u015fti.<br \/>\nPotrivit IPJ Mure\u015f, accidentul s-a petrecut \u00een jurul orei 2.00, \u00een noaptea de s\u00e2mb\u0103t\u0103 spre duminic\u0103 (8\/9 octombrie), pe DJ 107, \u00een afara localit\u0103\u0163ii Corne\u015fti.<\/p>\n<p>Un t\u00e2n\u0103r de 21 de ani din \u015eona, aflat la volanul unui autoturism, a pierdut controlul ma\u015finii, din cauza vitezei, \u00eentr-o curb\u0103 la st\u00e2nga, a ie\u015fit \u00een afara carosabilului \u015fi a lovit un cap de pod. \u00a0 Cinci persoane au fost r\u0103nite \u00een accident. \u015eoferul \u015fi al\u0163i trei minori au suferit leziuni grave, iar al cincilea pasager a fost r\u0103nit u\u015for.<\/p>\n<p>La fa\u0163a locului au intervenit echipaje de la Ambulan\u0163\u0103 \u015fi ISU Tg. Mure\u015f (SMURD), pentru scoaterea r\u0103ni\u0163ilor din ma\u015fin\u0103 \u015fi primele \u00eengrijiri medicale. \u00a0 Cel mai grav dintre r\u0103ni\u0163i a fost operat pe creier pentru \u00eendep\u0103rtarea unui cheag de s\u00e2nge \u015fi urmeaz\u0103 s\u0103 fie opera din nou la \u015fold mar\u0163i. Un alt t\u00e2n\u0103r r\u0103nit a fost operat la ficat \u015fi splin\u0103, are leziuni faciale \u015fi posibil coloana rupt\u0103. Al treilea r\u0103nit a fost operat la splin\u0103 \u015fi la o m\u00e2n\u0103 \u015fi urmeaz\u0103 s\u0103 fie operat \u015fi la cealalt\u0103 m\u00e2n\u0103 \u015fi la un picior. T\u00e2n\u0103rul r\u0103nit u\u015for a suferit c\u00e2teva r\u0103ni minore \u015fi nu se afl\u0103 \u00een pericol.<\/p>\n<p>Sursa:adevarul.ro<\/p>\n","protected":false},"excerpt":{"rendered":"<p>Cinci tineri din Alba au fost r\u0103ni\u0163i \u00eentr-un accident grav petrecut \u00een noaptea de s\u00e2mb\u0103t\u0103 spre duminic\u0103 \u00een jude\u0163ul Mure\u015f.<\/p>\n","protected":false},"author":1,"featured_media":13114,"comment_status":"closed","ping_status":"closed","sticky":false,"template":"","format":"standard","meta":{"spay_email":"","footnotes":"","jetpack_publicize_message":""},"categories":[1],"tags":[],"class_list":["post-14003","post","type-post","status-publish","format-standard","has-post-thumbnail","hentry","category-uncategorized"],"jetpack_featured_media_url":"https:\/\/i1.wp.com\/realitatearutiera.ro\/wp-content\/uploads\/2016\/09\/acc-pe-trece-re-pietoni.jpg?fit=284%2C177&ssl=1","jetpack_publicize_connections":[],"jetpack_sharing_enabled":true,"jetpack_shortlink":"https:\/\/wp.me\/p61naM-3DR","jetpack-related-posts":[],"_links":{"self":[{"href":"https:\/\/realitatearutiera.ro\/index.php?rest_route=\/wp\/v2\/posts\/14003","targetHints":{"allow":["GET"]}}],"collection":[{"href":"https:\/\/realitatearutiera.ro\/index.php?rest_route=\/wp\/v2\/posts"}],"about":[{"href":"https:\/\/realitatearutiera.ro\/index.php?rest_route=\/wp\/v2\/types\/post"}],"author":[{"embeddable":true,"href":"https:\/\/realitatearutiera.ro\/index.php?rest_route=\/wp\/v2\/users\/1"}],"replies":[{"embeddable":true,"href":"https:\/\/realitatearutiera.ro\/index.php?rest_route=%2Fwp%2Fv2%2Fcomments&post=14003"}],"version-history":[{"count":1,"href":"https:\/\/realitatearutiera.ro\/index.php?rest_route=\/wp\/v2\/posts\/14003\/revisions"}],"predecessor-version":[{"id":14004,"href":"https:\/\/realitatearutiera.ro\/index.php?rest_route=\/wp\/v2\/posts\/14003\/revisions\/14004"}],"wp:featuredmedia":[{"embeddable":true,"href":"https:\/\/realitatearutiera.ro\/index.php?rest_route=\/wp\/v2\/media\/13114"}],"wp:attachment":[{"href":"https:\/\/realitatearutiera.ro\/index.php?rest_route=%2Fwp%2Fv2%2Fmedia&parent=14003"}],"wp:term":[{"taxonomy":"category","embeddable":true,"href":"https:\/\/realitatearutiera.ro\/index.php?rest_route=%2Fwp%2Fv2%2Fcategories&post=14003"},{"taxonomy":"post_tag","embeddable":true,"href":"https:\/\/realitatearutiera.ro\/index.php?rest_route=%2Fwp%2Fv2%2Ftags&post=14003"}],"curies":[{"name":"wp","href":"https:\/\/api.w.org\/{rel}","templated":true}]}}