{"id":140548,"date":"2026-08-26T09:56:08","date_gmt":"2026-08-26T06:56:08","guid":{"rendered":"https:\/\/realitatearutiera.ro\/?p=140548"},"modified":"2026-08-26T09:56:12","modified_gmt":"2026-08-26T06:56:12","slug":"focsaniul-are-o-noua-centura-drumul-care-face-legatura-cu-autostrada-moldovei-a-fost-deschis","status":"publish","type":"post","link":"https:\/\/realitatearutiera.ro\/?p=140548","title":{"rendered":"Foc\u0219aniul are o nou\u0103 centur\u0103: drumul care face leg\u0103tura cu Autostrada Moldovei a fost deschis"},"content":{"rendered":"\n<figure class=\"wp-block-image size-large is-resized\"><img loading=\"lazy\" decoding=\"async\" width=\"800\" height=\"450\" data-attachment-id=\"140549\" data-permalink=\"https:\/\/realitatearutiera.ro\/?attachment_id=140549\" data-orig-file=\"https:\/\/i0.wp.com\/realitatearutiera.ro\/wp-content\/uploads\/2026\/08\/image-92.png?fit=1200%2C675&amp;ssl=1\" data-orig-size=\"1200,675\" data-comments-opened=\"1\" data-image-meta=\"{&quot;aperture&quot;:&quot;0&quot;,&quot;credit&quot;:&quot;&quot;,&quot;camera&quot;:&quot;&quot;,&quot;caption&quot;:&quot;&quot;,&quot;created_timestamp&quot;:&quot;0&quot;,&quot;copyright&quot;:&quot;&quot;,&quot;focal_length&quot;:&quot;0&quot;,&quot;iso&quot;:&quot;0&quot;,&quot;shutter_speed&quot;:&quot;0&quot;,&quot;title&quot;:&quot;&quot;,&quot;orientation&quot;:&quot;0&quot;}\" data-image-title=\"image\" data-image-description=\"\" data-medium-file=\"https:\/\/i0.wp.com\/realitatearutiera.ro\/wp-content\/uploads\/2026\/08\/image-92.png?fit=300%2C169&amp;ssl=1\" data-large-file=\"https:\/\/i0.wp.com\/realitatearutiera.ro\/wp-content\/uploads\/2026\/08\/image-92.png?fit=800%2C450&amp;ssl=1\" src=\"https:\/\/i0.wp.com\/realitatearutiera.ro\/wp-content\/uploads\/2026\/08\/image-92-1024x576.png?resize=800%2C450&#038;ssl=1\" alt=\"\" class=\"wp-image-140549\" style=\"width:430px;height:auto\" srcset=\"https:\/\/i0.wp.com\/realitatearutiera.ro\/wp-content\/uploads\/2026\/08\/image-92.png?resize=1024%2C576&amp;ssl=1 1024w, https:\/\/i0.wp.com\/realitatearutiera.ro\/wp-content\/uploads\/2026\/08\/image-92.png?resize=300%2C169&amp;ssl=1 300w, https:\/\/i0.wp.com\/realitatearutiera.ro\/wp-content\/uploads\/2026\/08\/image-92.png?resize=768%2C432&amp;ssl=1 768w, https:\/\/i0.wp.com\/realitatearutiera.ro\/wp-content\/uploads\/2026\/08\/image-92.png?w=1200&amp;ssl=1 1200w\" sizes=\"auto, (max-width: 800px) 100vw, 800px\" data-recalc-dims=\"1\" \/><\/figure>\n\n\n\n<p>Compania Na\u021bional\u0103 de Administrare a Infrastructurii Rutiere (CNAIR) anun\u021b\u0103 deschiderea Centurii de Nord a municipiului Foc\u0219ani. Circula\u021bia a fost deschis\u0103 ast\u0103zi, 25 august, la ora 14:00.<\/p>\n\n\n\n<p>Acest nou tronson, de\u0219i are o lungime de doar patru kilometri, asigur\u0103 o leg\u0103tur\u0103 strategic\u0103 \u00eentre drumul na\u021bional DN2D, care leag\u0103 Foc\u0219aniul de T\u00e2rgu Secuiesc, \u0219i Autostrada Moldovei (A7), dup\u0103 cum anun\u021b\u0103 CNAIR \u00eentr-un mesaj pe Facebook.<\/p>\n\n\n\n<h2 class=\"wp-block-heading\"><strong>Fluidizarea traficului \u0219i reducerea polu\u0103rii \u00een municipiu<\/strong><\/h2>\n\n\n\n<p>Compania Na\u021bional\u0103 de Administrare a Infrastructurii Rutiere a confirmat c\u0103 acest drum de leg\u0103tur\u0103 este func\u021bional, oferind participan\u021bilor la trafic o alternativ\u0103 direct\u0103 \u0219i rapid\u0103. P\u00e2n\u0103 \u00een prezent, \u0219oferii care tranzitau zona erau nevoi\u021bi s\u0103 traverseze ora\u0219ul, \u00eens\u0103 noua rut\u0103 fluidizeaz\u0103 semnificativ accesul dinspre DN2D c\u0103tre E85 \u0219i A7. Potrivit autorit\u0103\u021bilor jude\u021bene, citate de&nbsp;<a href=\"https:\/\/agerpres.ro\/comunicate\/2026\/08\/19\/comunicat-de-presa---consiliul-judetean-vrancea--1586149\" target=\"_blank\" rel=\"noreferrer noopener\">Agerpres<\/a>, beneficiile vor fi resim\u021bite imediat de locuitorii municipiului, prin diminuarea considerabil\u0103 a traficului de autotrenuri \u00een interiorul ora\u0219ului.<\/p>\n\n\n\n<p>Deschiderea drumului vine, \u00eens\u0103, dup\u0103 aproape un an de proceduri generate de o problem\u0103 care nu ar fi trebuit s\u0103 existe. Drumurile necesare asigur\u0103rii accesului la propriet\u0103\u021bile din zona drumului de leg\u0103tur\u0103 nu au fost cuprinse \u00een proiectul ini\u021bial, situa\u021bie care a impus ulterior parcurgerea procedurilor de expropriere, proiectare \u0219i execu\u021bie pentru realizarea acestora.<\/p>\n\n\n\n<h2 class=\"wp-block-heading\"><strong>Autorit\u0103\u021bile locale vor decongestionarea municipiului Foc\u0219ani<\/strong><\/h2>\n\n\n\n<p>Centura de Nord face parte din proiectul Autostr\u0103zii A7 \u0219i este considerat\u0103 important\u0103 pentru traficul din municipiul Foc\u0219ani, \u00een special pentru locuitorii din zona de nord a ora\u0219ului. Potrivit&nbsp;<a href=\"https:\/\/telem.ro\/centura-de-nord-a-focsaniului-aproape-de-deschidere\/\" target=\"_blank\" rel=\"noreferrer noopener\">TeleM<\/a>, punerea \u00een func\u021biune a centurii Foc\u0219aniului ar putea duce \u0219i la reducerea traficului greu din zona Obor.<\/p>\n\n\n\n<p>Autorit\u0103\u021bile locale iau \u00een calcul interzicerea accesului autovehiculelor cu masa mai mare de 3,5 tone pe str\u0103zile M\u0103r\u0103\u0219e\u0219ti \u0219i Cuza Vod\u0103, cu excep\u021bia celor care au puncte de \u00eenc\u0103rcare sau desc\u0103rcare \u00een zon\u0103.<\/p>\n\n\n\n<p>Inaugurarea de ast\u0103zi reprezint\u0103 a\u0219adar nu doar finalizarea unui simplu sector de drum, ci un pas fundamental spre un municipiu mai pu\u021bin sufocat de trafic \u0219i un jude\u021b mai bine integrat \u00een re\u021beaua rutier\u0103 na\u021bional\u0103. Prin conectarea direct\u0103 a zonelor de vest ale Vrancei la re\u021beaua de mare vitez\u0103 reprezentat\u0103 de&nbsp;<a href=\"https:\/\/www.promotor.ro\/stiri-auto\/exclusiv-surse-cnair-autostrada-moldovei-a7-se-va-deschide-complet-intre-focsani-si-bacau-la-finalul-lunii-august-19550813\">autostrada A7<\/a>, Foc\u0219ani devine un nod de tranzit mult mai eficient, oferind o rut\u0103 rapid\u0103 \u0219i sigur\u0103 pentru to\u021bi participan\u021bii la trafic.<\/p>\n\n\n\n<p>Sursa: promotor   Foto: promotor<\/p>\n","protected":false},"excerpt":{"rendered":"<p>Compania Na\u021bional\u0103 de Administrare a Infrastructurii Rutiere (CNAIR) anun\u021b\u0103 deschiderea Centurii de Nord a municipiului Foc\u0219ani. Circula\u021bia a fost deschis\u0103<\/p>\n","protected":false},"author":1,"featured_media":140549,"comment_status":"open","ping_status":"closed","sticky":false,"template":"","format":"standard","meta":{"spay_email":"","footnotes":"","jetpack_publicize_message":""},"categories":[82],"tags":[],"class_list":["post-140548","post","type-post","status-publish","format-standard","has-post-thumbnail","hentry","category-auto"],"jetpack_featured_media_url":"https:\/\/i0.wp.com\/realitatearutiera.ro\/wp-content\/uploads\/2026\/08\/image-92.png?fit=1200%2C675&ssl=1","jetpack_publicize_connections":[],"jetpack_sharing_enabled":true,"jetpack_shortlink":"https:\/\/wp.me\/p61naM-AyU","jetpack-related-posts":[],"_links":{"self":[{"href":"https:\/\/realitatearutiera.ro\/index.php?rest_route=\/wp\/v2\/posts\/140548","targetHints":{"allow":["GET"]}}],"collection":[{"href":"https:\/\/realitatearutiera.ro\/index.php?rest_route=\/wp\/v2\/posts"}],"about":[{"href":"https:\/\/realitatearutiera.ro\/index.php?rest_route=\/wp\/v2\/types\/post"}],"author":[{"embeddable":true,"href":"https:\/\/realitatearutiera.ro\/index.php?rest_route=\/wp\/v2\/users\/1"}],"replies":[{"embeddable":true,"href":"https:\/\/realitatearutiera.ro\/index.php?rest_route=%2Fwp%2Fv2%2Fcomments&post=140548"}],"version-history":[{"count":1,"href":"https:\/\/realitatearutiera.ro\/index.php?rest_route=\/wp\/v2\/posts\/140548\/revisions"}],"predecessor-version":[{"id":140550,"href":"https:\/\/realitatearutiera.ro\/index.php?rest_route=\/wp\/v2\/posts\/140548\/revisions\/140550"}],"wp:featuredmedia":[{"embeddable":true,"href":"https:\/\/realitatearutiera.ro\/index.php?rest_route=\/wp\/v2\/media\/140549"}],"wp:attachment":[{"href":"https:\/\/realitatearutiera.ro\/index.php?rest_route=%2Fwp%2Fv2%2Fmedia&parent=140548"}],"wp:term":[{"taxonomy":"category","embeddable":true,"href":"https:\/\/realitatearutiera.ro\/index.php?rest_route=%2Fwp%2Fv2%2Fcategories&post=140548"},{"taxonomy":"post_tag","embeddable":true,"href":"https:\/\/realitatearutiera.ro\/index.php?rest_route=%2Fwp%2Fv2%2Ftags&post=140548"}],"curies":[{"name":"wp","href":"https:\/\/api.w.org\/{rel}","templated":true}]}}