{"id":140551,"date":"2026-08-26T10:00:56","date_gmt":"2026-08-26T07:00:56","guid":{"rendered":"https:\/\/realitatearutiera.ro\/?p=140551"},"modified":"2026-08-26T10:00:58","modified_gmt":"2026-08-26T07:00:58","slug":"accident-pe-centura-valcele-apahida-o-masina-s-a-rasturnat-in-afara-soselei","status":"publish","type":"post","link":"https:\/\/realitatearutiera.ro\/?p=140551","title":{"rendered":"Accident pe centura V\u00e2lcele\u2013Apahida: o ma\u0219in\u0103 s-a r\u0103sturnat \u00een afara \u0219oselei"},"content":{"rendered":"\n<figure class=\"wp-block-image size-large is-resized\"><img loading=\"lazy\" decoding=\"async\" width=\"800\" height=\"370\" data-attachment-id=\"140552\" data-permalink=\"https:\/\/realitatearutiera.ro\/?attachment_id=140552\" data-orig-file=\"https:\/\/i1.wp.com\/realitatearutiera.ro\/wp-content\/uploads\/2026\/08\/image-93.png?fit=2000%2C924&amp;ssl=1\" data-orig-size=\"2000,924\" data-comments-opened=\"1\" data-image-meta=\"{&quot;aperture&quot;:&quot;0&quot;,&quot;credit&quot;:&quot;&quot;,&quot;camera&quot;:&quot;&quot;,&quot;caption&quot;:&quot;&quot;,&quot;created_timestamp&quot;:&quot;0&quot;,&quot;copyright&quot;:&quot;&quot;,&quot;focal_length&quot;:&quot;0&quot;,&quot;iso&quot;:&quot;0&quot;,&quot;shutter_speed&quot;:&quot;0&quot;,&quot;title&quot;:&quot;&quot;,&quot;orientation&quot;:&quot;0&quot;}\" data-image-title=\"image\" data-image-description=\"\" data-medium-file=\"https:\/\/i1.wp.com\/realitatearutiera.ro\/wp-content\/uploads\/2026\/08\/image-93.png?fit=300%2C139&amp;ssl=1\" data-large-file=\"https:\/\/i1.wp.com\/realitatearutiera.ro\/wp-content\/uploads\/2026\/08\/image-93.png?fit=800%2C370&amp;ssl=1\" src=\"https:\/\/i2.wp.com\/realitatearutiera.ro\/wp-content\/uploads\/2026\/08\/image-93-1024x473.png?resize=800%2C370&#038;ssl=1\" alt=\"\" class=\"wp-image-140552\" style=\"aspect-ratio:2.1645126222973787;width:563px;height:auto\" srcset=\"https:\/\/i1.wp.com\/realitatearutiera.ro\/wp-content\/uploads\/2026\/08\/image-93.png?resize=1024%2C473&amp;ssl=1 1024w, https:\/\/i1.wp.com\/realitatearutiera.ro\/wp-content\/uploads\/2026\/08\/image-93.png?resize=300%2C139&amp;ssl=1 300w, https:\/\/i1.wp.com\/realitatearutiera.ro\/wp-content\/uploads\/2026\/08\/image-93.png?resize=768%2C355&amp;ssl=1 768w, https:\/\/i1.wp.com\/realitatearutiera.ro\/wp-content\/uploads\/2026\/08\/image-93.png?resize=1536%2C710&amp;ssl=1 1536w, https:\/\/i1.wp.com\/realitatearutiera.ro\/wp-content\/uploads\/2026\/08\/image-93.png?w=2000&amp;ssl=1 2000w, https:\/\/i1.wp.com\/realitatearutiera.ro\/wp-content\/uploads\/2026\/08\/image-93.png?w=1600 1600w\" sizes=\"auto, (max-width: 800px) 100vw, 800px\" data-recalc-dims=\"1\" \/><\/figure>\n\n\n\n<p id=\"p-1\"><strong>Un accident rutier a avut loc mar\u021bi pe centura V\u00e2lcele\u2013Apahida, \u00een apropierea satului Pata. O ma\u0219in\u0103 a ie\u0219it de pe \u0219osea \u0219i s-a r\u0103sturnat, iar pompierii \u0219i un echipaj SMURD au intervenit la fa\u021ba locului.<\/strong><\/p>\n\n\n\n<p id=\"p-2\">Pompierii din cadrul Punctului de Lucru Jucu s-au deplasat la locul accidentului cu o autospecial\u0103 dotat\u0103 cu modul de descarcerare. \u00cen sprijin a intervenit \u0219i un echipaj SMURD.<\/p>\n\n\n\n<p id=\"p-3\">La sosirea salvatorilor, ma\u0219ina se afla r\u0103sturnat\u0103 \u00een afara p\u0103r\u021bii carosabile. Nicio persoan\u0103 nu era \u00eencarcerat\u0103, astfel c\u0103 nu a fost necesar\u0103 utilizarea echipamentelor de descarcerare.<\/p>\n\n\n\n<p id=\"p-4\">Un b\u0103rbat \u00een v\u00e2rst\u0103 de aproximativ 30 de ani a fost consultat de paramedicii SMURD, \u00eens\u0103 nu a necesitat transportul la spital. Nu au existat alte persoane care s\u0103 solicite \u00eengrijiri medicale.<\/p>\n\n\n\n<p id=\"p-5\">Pompierii au sprijinit acordarea primului ajutor calificat \u0219i au asigurat m\u0103surile de prevenire a incendiilor, precum \u0219i cele necesare pentru siguran\u021ba persoanelor implicate \u00een accident.<\/p>\n\n\n\n<p>Sursa\/ foto: cluj24<\/p>\n","protected":false},"excerpt":{"rendered":"<p>Un accident rutier a avut loc mar\u021bi pe centura V\u00e2lcele\u2013Apahida, \u00een apropierea satului Pata. O ma\u0219in\u0103 a ie\u0219it de pe<\/p>\n","protected":false},"author":1,"featured_media":140552,"comment_status":"open","ping_status":"closed","sticky":false,"template":"","format":"standard","meta":{"spay_email":"","footnotes":"","jetpack_publicize_message":""},"categories":[1],"tags":[],"class_list":["post-140551","post","type-post","status-publish","format-standard","has-post-thumbnail","hentry","category-uncategorized"],"jetpack_featured_media_url":"https:\/\/i1.wp.com\/realitatearutiera.ro\/wp-content\/uploads\/2026\/08\/image-93.png?fit=2000%2C924&ssl=1","jetpack_publicize_connections":[],"jetpack_sharing_enabled":true,"jetpack_shortlink":"https:\/\/wp.me\/p61naM-AyX","jetpack-related-posts":[],"_links":{"self":[{"href":"https:\/\/realitatearutiera.ro\/index.php?rest_route=\/wp\/v2\/posts\/140551","targetHints":{"allow":["GET"]}}],"collection":[{"href":"https:\/\/realitatearutiera.ro\/index.php?rest_route=\/wp\/v2\/posts"}],"about":[{"href":"https:\/\/realitatearutiera.ro\/index.php?rest_route=\/wp\/v2\/types\/post"}],"author":[{"embeddable":true,"href":"https:\/\/realitatearutiera.ro\/index.php?rest_route=\/wp\/v2\/users\/1"}],"replies":[{"embeddable":true,"href":"https:\/\/realitatearutiera.ro\/index.php?rest_route=%2Fwp%2Fv2%2Fcomments&post=140551"}],"version-history":[{"count":1,"href":"https:\/\/realitatearutiera.ro\/index.php?rest_route=\/wp\/v2\/posts\/140551\/revisions"}],"predecessor-version":[{"id":140553,"href":"https:\/\/realitatearutiera.ro\/index.php?rest_route=\/wp\/v2\/posts\/140551\/revisions\/140553"}],"wp:featuredmedia":[{"embeddable":true,"href":"https:\/\/realitatearutiera.ro\/index.php?rest_route=\/wp\/v2\/media\/140552"}],"wp:attachment":[{"href":"https:\/\/realitatearutiera.ro\/index.php?rest_route=%2Fwp%2Fv2%2Fmedia&parent=140551"}],"wp:term":[{"taxonomy":"category","embeddable":true,"href":"https:\/\/realitatearutiera.ro\/index.php?rest_route=%2Fwp%2Fv2%2Fcategories&post=140551"},{"taxonomy":"post_tag","embeddable":true,"href":"https:\/\/realitatearutiera.ro\/index.php?rest_route=%2Fwp%2Fv2%2Ftags&post=140551"}],"curies":[{"name":"wp","href":"https:\/\/api.w.org\/{rel}","templated":true}]}}