{"id":140559,"date":"2026-08-26T10:14:16","date_gmt":"2026-08-26T07:14:16","guid":{"rendered":"https:\/\/realitatearutiera.ro\/?p=140559"},"modified":"2026-08-26T10:14:19","modified_gmt":"2026-08-26T07:14:19","slug":"radarele-politiei-rutiere-galati-pe-sosele-in-aceasta-saptamana-unde-vor-fi-amplasate","status":"publish","type":"post","link":"https:\/\/realitatearutiera.ro\/?p=140559","title":{"rendered":"Radarele Poli\u021biei Rutiere Gala\u021bi, pe \u0219osele \u00een aceast\u0103 s\u0103pt\u0103m\u00e2n\u0103. Unde vor fi amplasate"},"content":{"rendered":"\n<figure class=\"wp-block-image size-large is-resized\"><img loading=\"lazy\" decoding=\"async\" width=\"800\" height=\"534\" data-attachment-id=\"140560\" data-permalink=\"https:\/\/realitatearutiera.ro\/?attachment_id=140560\" data-orig-file=\"https:\/\/i0.wp.com\/realitatearutiera.ro\/wp-content\/uploads\/2026\/08\/image-95.png?fit=1536%2C1024&amp;ssl=1\" data-orig-size=\"1536,1024\" data-comments-opened=\"1\" data-image-meta=\"{&quot;aperture&quot;:&quot;0&quot;,&quot;credit&quot;:&quot;&quot;,&quot;camera&quot;:&quot;&quot;,&quot;caption&quot;:&quot;&quot;,&quot;created_timestamp&quot;:&quot;0&quot;,&quot;copyright&quot;:&quot;&quot;,&quot;focal_length&quot;:&quot;0&quot;,&quot;iso&quot;:&quot;0&quot;,&quot;shutter_speed&quot;:&quot;0&quot;,&quot;title&quot;:&quot;&quot;,&quot;orientation&quot;:&quot;0&quot;}\" data-image-title=\"image\" data-image-description=\"\" data-medium-file=\"https:\/\/i0.wp.com\/realitatearutiera.ro\/wp-content\/uploads\/2026\/08\/image-95.png?fit=300%2C200&amp;ssl=1\" data-large-file=\"https:\/\/i0.wp.com\/realitatearutiera.ro\/wp-content\/uploads\/2026\/08\/image-95.png?fit=800%2C534&amp;ssl=1\" src=\"https:\/\/i0.wp.com\/realitatearutiera.ro\/wp-content\/uploads\/2026\/08\/image-95-1024x683.png?resize=800%2C534&#038;ssl=1\" alt=\"\" class=\"wp-image-140560\" style=\"width:492px;height:auto\" srcset=\"https:\/\/i0.wp.com\/realitatearutiera.ro\/wp-content\/uploads\/2026\/08\/image-95.png?resize=1024%2C683&amp;ssl=1 1024w, https:\/\/i0.wp.com\/realitatearutiera.ro\/wp-content\/uploads\/2026\/08\/image-95.png?resize=300%2C200&amp;ssl=1 300w, https:\/\/i0.wp.com\/realitatearutiera.ro\/wp-content\/uploads\/2026\/08\/image-95.png?resize=768%2C512&amp;ssl=1 768w, https:\/\/i0.wp.com\/realitatearutiera.ro\/wp-content\/uploads\/2026\/08\/image-95.png?w=1536&amp;ssl=1 1536w\" sizes=\"auto, (max-width: 800px) 100vw, 800px\" data-recalc-dims=\"1\" \/><\/figure>\n\n\n\n<p><strong>Poli\u021bia Rutier\u0103 Gala\u021bi a publicat calendarul controalelor radar pentru perioada 25 \u2013 31 august 2026<\/strong>, viz\u00e2nd monitorizarea principalelor artere din municipiu \u0219i a drumurilor na\u021bionale sau jude\u021bene cu risc crescut de accidente. Echipajele dotate cu dispozitive de m\u0103surare a vitezei vor ac\u021biona zilnic \u00een puncte cheie din jude\u021b pentru descurajarea vitezomanilor.<\/p>\n\n\n\n<p>Iat\u0103 programul complet al amplas\u0103rii radarelor, defalcat pe zile:<\/p>\n\n\n\n<ul class=\"wp-block-list\">\n<li><strong>Mar\u021bi, 25 august:<\/strong>\u00a0\u00cen municipiul Gala\u021bi (Marea Unire, Combinatului, Calea Prutului), pe D.J. 251 (Sm\u00e2rdan, Matca), D.N. 25 (\u0218endreni, Independen\u021ba), D.N. 26 (Tuluce\u0219ti, T\u0103m\u0103oani) \u0219i D.E. 581 (Cosme\u0219ti).<\/li>\n\n\n\n<li><strong>Miercuri, 26 august:<\/strong>\u00a0\u00cen municipiul Gala\u021bi (Gheorghe Asachi, Traian, Br\u0103ilei), pe D.J. 251 (Schela, Pechea), D.N. 25 (\u0218endreni, Independen\u021ba) \u0219i D.E. 581 (Berheci).<\/li>\n\n\n\n<li><strong>Joi, 27 august:<\/strong>\u00a0\u00cen municipiul Gala\u021bi (Frunzei, Tecuci, Calea Gala\u021bi), pe D.J. 251 (Slobozia Conachi, Cudalbi), D.N. 25 (\u0218endreni, Independen\u021ba) \u0219i D.E. 581 (Pripone\u0219ti).<\/li>\n\n\n\n<li><strong>Vineri, 28 august:<\/strong>\u00a0\u00cen municipiul Gala\u021bi (Basarabiei, Br\u0103ilei, Drumul de Centur\u0103), pe D.J. 251 (Cuza Vod\u0103, Costache Negri), D.N. 25 (\u0218endreni, Lie\u0219ti) \u0219i D.E. 581 (Munteni).<\/li>\n\n\n\n<li><strong>S\u00e2mb\u0103t\u0103, 29 august:<\/strong>\u00a0\u00cen municipiul Gala\u021bi (N. B\u0103lcescu, Macului, Calea Sm\u00e2rdan), pe D.J. 251 (Sm\u00e2rdan, Pechea), D.N. 25 (\u0218endreni, Lie\u0219ti), D.N. 26 (\u0218ivi\u021ba, Stoicani) \u0219i D.E. 581 (Berheci).<\/li>\n\n\n\n<li><strong>Duminic\u0103, 30 august:<\/strong>\u00a0\u00cen municipiul Gala\u021bi (Clo\u0219ca, Prelungirea Br\u0103ilei, Stadionului), pe D.J. 251 (Pechea, Cudalbi), D.N. 25 (\u0218endreni, Lie\u0219ti), D.N. 26 (V\u00e2n\u0103tori, T\u0103tarca) \u0219i D.E. 581 (Pripone\u0219ti).<\/li>\n\n\n\n<li><strong>Luni, 31 august:<\/strong>\u00a0\u00cen municipiul Gala\u021bi (Drumul de Centur\u0103, Br\u0103ilei, Traian), pe D.J. 251 (Schela, Slobozia Conachi), D.N. 25 (Piscu, Ive\u0219ti) \u0219i D.E. 581 (Munteni).<\/li>\n<\/ul>\n\n\n\n<p>Sursa\/ foto: monitoruldegalati<\/p>\n","protected":false},"excerpt":{"rendered":"<p>Poli\u021bia Rutier\u0103 Gala\u021bi a publicat calendarul controalelor radar pentru perioada 25 \u2013 31 august 2026, viz\u00e2nd monitorizarea principalelor artere din<\/p>\n","protected":false},"author":1,"featured_media":140560,"comment_status":"open","ping_status":"closed","sticky":false,"template":"","format":"standard","meta":{"spay_email":"","footnotes":"","jetpack_publicize_message":""},"categories":[82],"tags":[],"class_list":["post-140559","post","type-post","status-publish","format-standard","has-post-thumbnail","hentry","category-auto"],"jetpack_featured_media_url":"https:\/\/i0.wp.com\/realitatearutiera.ro\/wp-content\/uploads\/2026\/08\/image-95.png?fit=1536%2C1024&ssl=1","jetpack_publicize_connections":[],"jetpack_sharing_enabled":true,"jetpack_shortlink":"https:\/\/wp.me\/p61naM-Az5","jetpack-related-posts":[],"_links":{"self":[{"href":"https:\/\/realitatearutiera.ro\/index.php?rest_route=\/wp\/v2\/posts\/140559","targetHints":{"allow":["GET"]}}],"collection":[{"href":"https:\/\/realitatearutiera.ro\/index.php?rest_route=\/wp\/v2\/posts"}],"about":[{"href":"https:\/\/realitatearutiera.ro\/index.php?rest_route=\/wp\/v2\/types\/post"}],"author":[{"embeddable":true,"href":"https:\/\/realitatearutiera.ro\/index.php?rest_route=\/wp\/v2\/users\/1"}],"replies":[{"embeddable":true,"href":"https:\/\/realitatearutiera.ro\/index.php?rest_route=%2Fwp%2Fv2%2Fcomments&post=140559"}],"version-history":[{"count":1,"href":"https:\/\/realitatearutiera.ro\/index.php?rest_route=\/wp\/v2\/posts\/140559\/revisions"}],"predecessor-version":[{"id":140561,"href":"https:\/\/realitatearutiera.ro\/index.php?rest_route=\/wp\/v2\/posts\/140559\/revisions\/140561"}],"wp:featuredmedia":[{"embeddable":true,"href":"https:\/\/realitatearutiera.ro\/index.php?rest_route=\/wp\/v2\/media\/140560"}],"wp:attachment":[{"href":"https:\/\/realitatearutiera.ro\/index.php?rest_route=%2Fwp%2Fv2%2Fmedia&parent=140559"}],"wp:term":[{"taxonomy":"category","embeddable":true,"href":"https:\/\/realitatearutiera.ro\/index.php?rest_route=%2Fwp%2Fv2%2Fcategories&post=140559"},{"taxonomy":"post_tag","embeddable":true,"href":"https:\/\/realitatearutiera.ro\/index.php?rest_route=%2Fwp%2Fv2%2Ftags&post=140559"}],"curies":[{"name":"wp","href":"https:\/\/api.w.org\/{rel}","templated":true}]}}