{"id":140604,"date":"2026-08-27T09:27:22","date_gmt":"2026-08-27T06:27:22","guid":{"rendered":"https:\/\/realitatearutiera.ro\/?p=140604"},"modified":"2026-08-27T09:27:25","modified_gmt":"2026-08-27T06:27:25","slug":"restrictii-de-trafic-pe-bulevardul-mihai-eminescu-o-portiune-de-drum-va-fi-inchisa","status":"publish","type":"post","link":"https:\/\/realitatearutiera.ro\/?p=140604","title":{"rendered":"Restric\u021bii de trafic pe Bulevardul Mihai Eminescu: o por\u021biune de drum va fi \u00eenchis\u0103"},"content":{"rendered":"\n<figure class=\"wp-block-image size-full is-resized\"><img loading=\"lazy\" decoding=\"async\" width=\"664\" height=\"374\" data-attachment-id=\"140605\" data-permalink=\"https:\/\/realitatearutiera.ro\/?attachment_id=140605\" data-orig-file=\"https:\/\/i0.wp.com\/realitatearutiera.ro\/wp-content\/uploads\/2026\/08\/image-101.png?fit=664%2C374&amp;ssl=1\" data-orig-size=\"664,374\" data-comments-opened=\"1\" data-image-meta=\"{&quot;aperture&quot;:&quot;0&quot;,&quot;credit&quot;:&quot;&quot;,&quot;camera&quot;:&quot;&quot;,&quot;caption&quot;:&quot;&quot;,&quot;created_timestamp&quot;:&quot;0&quot;,&quot;copyright&quot;:&quot;&quot;,&quot;focal_length&quot;:&quot;0&quot;,&quot;iso&quot;:&quot;0&quot;,&quot;shutter_speed&quot;:&quot;0&quot;,&quot;title&quot;:&quot;&quot;,&quot;orientation&quot;:&quot;0&quot;}\" data-image-title=\"image\" data-image-description=\"\" data-medium-file=\"https:\/\/i0.wp.com\/realitatearutiera.ro\/wp-content\/uploads\/2026\/08\/image-101.png?fit=300%2C169&amp;ssl=1\" data-large-file=\"https:\/\/i0.wp.com\/realitatearutiera.ro\/wp-content\/uploads\/2026\/08\/image-101.png?fit=664%2C374&amp;ssl=1\" src=\"https:\/\/i0.wp.com\/realitatearutiera.ro\/wp-content\/uploads\/2026\/08\/image-101.png?resize=664%2C374&#038;ssl=1\" alt=\"\" class=\"wp-image-140605\" style=\"width:457px;height:auto\" srcset=\"https:\/\/i0.wp.com\/realitatearutiera.ro\/wp-content\/uploads\/2026\/08\/image-101.png?w=664&amp;ssl=1 664w, https:\/\/i0.wp.com\/realitatearutiera.ro\/wp-content\/uploads\/2026\/08\/image-101.png?resize=300%2C169&amp;ssl=1 300w\" sizes=\"auto, (max-width: 664px) 100vw, 664px\" data-recalc-dims=\"1\" \/><\/figure>\n\n\n\n<p><strong>\u0218oferii, bicicli\u0219tii \u0219i utilizatorii de trotinete vor trebui s\u0103 evite o parte din Bulevardul Mihai Eminescu, \u00een perioada 27\u201330 august, c\u00e2nd la Boto\u0219ani se desf\u0103\u0219oar\u0103 Street FOOD Festival 2026.<\/strong><\/p>\n\n\n\n<p>Potrivit Prim\u0103riei Boto\u0219ani, circula\u021bia rutier\u0103 va fi interzis\u0103 zilnic, \u00eentre orele 17.00 \u0219i 01.00, pe tronsonul cuprins \u00eentre sensul giratoriu de la intersec\u021bia cu strada George Enescu \u0219i sensul giratoriu de la intersec\u021bia cu strada Octav Onicescu.<\/p>\n\n\n\n<p>Restric\u021bia nu se aplic\u0103 riveranilor, care vor putea circula \u00een zona respectiv\u0103.<\/p>\n\n\n\n<h2 class=\"wp-block-heading\"><strong>Pista pentru biciclete va fi blocat\u0103<\/strong><\/h2>\n\n\n\n<p>Pe toat\u0103 durata festivalului va fi \u00eenchis\u0103 \u0219i pista pentru biciclete din zona evenimentului. Aceasta va fi delimitat\u0103 \u0219i blocat\u0103 cu mobilier stradal.<\/p>\n\n\n\n<p>M\u0103sura a fost luat\u0103 pentru protejarea participan\u021bilor la festival \u0219i reducerea riscului producerii unor accidente, \u00een condi\u021biile \u00een care este a\u0219teptat un flux mare de persoane.<\/p>\n\n\n\n<p>Prim\u0103ria le recomand\u0103 celor care folosesc biciclete sau trotinete s\u0103 evite zona afectat\u0103 de restric\u021bii \u0219i s\u0103 aleag\u0103 rute alternative \u00een perioada desf\u0103\u0219ur\u0103rii festivalului.<\/p>\n\n\n\n<p>Sursa\/ foto: monitorulbt<\/p>\n","protected":false},"excerpt":{"rendered":"<p>\u0218oferii, bicicli\u0219tii \u0219i utilizatorii de trotinete vor trebui s\u0103 evite o parte din Bulevardul Mihai Eminescu, \u00een perioada 27\u201330 august,<\/p>\n","protected":false},"author":1,"featured_media":140605,"comment_status":"open","ping_status":"closed","sticky":false,"template":"","format":"standard","meta":{"spay_email":"","footnotes":"","jetpack_publicize_message":""},"categories":[54],"tags":[],"class_list":["post-140604","post","type-post","status-publish","format-standard","has-post-thumbnail","hentry","category-informatii-rutiere"],"jetpack_featured_media_url":"https:\/\/i0.wp.com\/realitatearutiera.ro\/wp-content\/uploads\/2026\/08\/image-101.png?fit=664%2C374&ssl=1","jetpack_publicize_connections":[],"jetpack_sharing_enabled":true,"jetpack_shortlink":"https:\/\/wp.me\/p61naM-AzO","jetpack-related-posts":[],"_links":{"self":[{"href":"https:\/\/realitatearutiera.ro\/index.php?rest_route=\/wp\/v2\/posts\/140604","targetHints":{"allow":["GET"]}}],"collection":[{"href":"https:\/\/realitatearutiera.ro\/index.php?rest_route=\/wp\/v2\/posts"}],"about":[{"href":"https:\/\/realitatearutiera.ro\/index.php?rest_route=\/wp\/v2\/types\/post"}],"author":[{"embeddable":true,"href":"https:\/\/realitatearutiera.ro\/index.php?rest_route=\/wp\/v2\/users\/1"}],"replies":[{"embeddable":true,"href":"https:\/\/realitatearutiera.ro\/index.php?rest_route=%2Fwp%2Fv2%2Fcomments&post=140604"}],"version-history":[{"count":1,"href":"https:\/\/realitatearutiera.ro\/index.php?rest_route=\/wp\/v2\/posts\/140604\/revisions"}],"predecessor-version":[{"id":140606,"href":"https:\/\/realitatearutiera.ro\/index.php?rest_route=\/wp\/v2\/posts\/140604\/revisions\/140606"}],"wp:featuredmedia":[{"embeddable":true,"href":"https:\/\/realitatearutiera.ro\/index.php?rest_route=\/wp\/v2\/media\/140605"}],"wp:attachment":[{"href":"https:\/\/realitatearutiera.ro\/index.php?rest_route=%2Fwp%2Fv2%2Fmedia&parent=140604"}],"wp:term":[{"taxonomy":"category","embeddable":true,"href":"https:\/\/realitatearutiera.ro\/index.php?rest_route=%2Fwp%2Fv2%2Fcategories&post=140604"},{"taxonomy":"post_tag","embeddable":true,"href":"https:\/\/realitatearutiera.ro\/index.php?rest_route=%2Fwp%2Fv2%2Ftags&post=140604"}],"curies":[{"name":"wp","href":"https:\/\/api.w.org\/{rel}","templated":true}]}}