{"id":140614,"date":"2026-08-27T09:40:07","date_gmt":"2026-08-27T06:40:07","guid":{"rendered":"https:\/\/realitatearutiera.ro\/?p=140614"},"modified":"2026-08-27T09:40:14","modified_gmt":"2026-08-27T06:40:14","slug":"accidente-cu-triciclete-electrice-doi-varstnici-de-peste-80-de-ani-au-ajuns-victime","status":"publish","type":"post","link":"https:\/\/realitatearutiera.ro\/?p=140614","title":{"rendered":"Accidente cu triciclete electrice: doi v\u00e2rstnici de peste 80 de ani au ajuns victime"},"content":{"rendered":"\n<figure class=\"wp-block-image size-full is-resized\"><img loading=\"lazy\" decoding=\"async\" width=\"800\" height=\"600\" data-attachment-id=\"140615\" data-permalink=\"https:\/\/realitatearutiera.ro\/?attachment_id=140615\" data-orig-file=\"https:\/\/i1.wp.com\/realitatearutiera.ro\/wp-content\/uploads\/2026\/08\/image-103.png?fit=960%2C720&amp;ssl=1\" data-orig-size=\"960,720\" data-comments-opened=\"1\" data-image-meta=\"{&quot;aperture&quot;:&quot;0&quot;,&quot;credit&quot;:&quot;&quot;,&quot;camera&quot;:&quot;&quot;,&quot;caption&quot;:&quot;&quot;,&quot;created_timestamp&quot;:&quot;0&quot;,&quot;copyright&quot;:&quot;&quot;,&quot;focal_length&quot;:&quot;0&quot;,&quot;iso&quot;:&quot;0&quot;,&quot;shutter_speed&quot;:&quot;0&quot;,&quot;title&quot;:&quot;&quot;,&quot;orientation&quot;:&quot;0&quot;}\" data-image-title=\"image\" data-image-description=\"\" data-medium-file=\"https:\/\/i1.wp.com\/realitatearutiera.ro\/wp-content\/uploads\/2026\/08\/image-103.png?fit=300%2C225&amp;ssl=1\" data-large-file=\"https:\/\/i1.wp.com\/realitatearutiera.ro\/wp-content\/uploads\/2026\/08\/image-103.png?fit=800%2C600&amp;ssl=1\" src=\"https:\/\/i1.wp.com\/realitatearutiera.ro\/wp-content\/uploads\/2026\/08\/image-103.png?resize=800%2C600&#038;ssl=1\" alt=\"\" class=\"wp-image-140615\" style=\"width:510px;height:auto\" srcset=\"https:\/\/i1.wp.com\/realitatearutiera.ro\/wp-content\/uploads\/2026\/08\/image-103.png?w=960&amp;ssl=1 960w, https:\/\/i1.wp.com\/realitatearutiera.ro\/wp-content\/uploads\/2026\/08\/image-103.png?resize=300%2C225&amp;ssl=1 300w, https:\/\/i1.wp.com\/realitatearutiera.ro\/wp-content\/uploads\/2026\/08\/image-103.png?resize=768%2C576&amp;ssl=1 768w\" sizes=\"auto, (max-width: 800px) 100vw, 800px\" data-recalc-dims=\"1\" \/><\/figure>\n\n\n\n<p>Dou\u0103 accidente produse \u00een aceea\u0219i zi \u00eent\u0103resc statisticile poli\u021bi\u0219tilor rutieri suceveni, care arat\u0103 c\u0103 avem foarte multe victime care nu prea ar avea ce c\u0103uta pe drumurile publice conduc\u00e2nd tot felul de vehicule motorizate, unele modificate \u0219i cu capacitatea de a rula cu viteze mari.<\/p>\n\n\n\n<p>Primul accident de mar\u021bi, 25 august, a avut loc \u00een apropiere de R\u0103d\u0103u\u021bi, victim\u0103 fiind o femeie \u00een v\u00e2rst\u0103 de 83 de ani.<\/p>\n\n\n\n<p>Din cercet\u0103rile poli\u021bi\u0219tilor rezult\u0103 c\u0103 femeia \u00een v\u00e2rst\u0103 de 83 de ani, din comuna Fr\u0103t\u0103u\u021bii Vechi, conducea un triciclu electric pe drumul jude\u021bean 178F, \u00een afara municipiului R\u0103d\u0103u\u021bi, dinspre satul M\u0103neu\u021bi, iar la un moment dat, din motive medicale, a pierdut controlul asupra direc\u021biei de deplasare, s-a dezechilibrat \u0219i a c\u0103zut.<\/p>\n\n\n\n<p>Octogenara a fost preluat\u0103 de o ambulan\u021b\u0103 \u0219i transportat\u0103 la Spitalul Municipal R\u0103d\u0103u\u021bi, fiind diagnosticat\u0103 cu policontuzii.<\/p>\n\n\n\n<p>Poli\u021bi\u0219tii au constatat c\u0103 triciclul electric nu figureaz\u0103 \u00een bazele de date ca fiind \u00eenmatriculat\/\u00eenregistrat, astfel c\u0103 au deschis \u0219i un dosar penal pentru \u201epunerea \u00een circula\u021bie sau conducerea unui vehicul ne\u00eenmatriculat\u201d.<\/p>\n\n\n\n<p>Al doilea accident a avut loc \u00een jurul orei 12.50, pe raza ora\u0219ului Dolhasca.<\/p>\n\n\n\n<p>\u00cen acest caz, un b\u0103rbat \u00een v\u00e2rst\u0103 de 81 de ani conducea o triciclet\u0103 electric\u0103 pe DJ 208 Sili\u0219tea Nou\u0103 \u0219i, \u00een zona unei intersec\u021bii cu drumul forestier Sili\u0219tea Nou\u0103, a efectuat un viraj spre st\u00e2nga f\u0103r\u0103 s\u0103 se asigure, fiind acro\u0219at de un autoturism VW, care se afla angajat \u00een dep\u0103\u0219irea regulamentar\u0103 a acestuia, au stabilit poli\u021bi\u0219tii.<\/p>\n\n\n\n<p>Octogenarul a fost transportat cu ambulan\u021ba la Spitalul municipal F\u0103lticeni, \u00een vederea acord\u0103rii de \u00eengrijiri medicale. Diagnosticul preliminar pus de medici pentru acesta este de \u201etraumatism cranio facial, traumatism cervical\u201d.<\/p>\n\n\n\n<p>\u00cen acest caz, poli\u021bi\u0219tii urmau s\u0103 verifice dac\u0103 vehiculul era \u00eenregistrat m\u0103car la Prim\u0103ria Dolhasca \u0219i dac\u0103 acesta respect\u0103 limita de vitez\u0103 de 25 de km\/h.<\/p>\n\n\n\n<p>Tricicleta electric\u0103 are dou\u0103 ro\u021bi \u00een spate \u0219i este considerat\u0103 ideal\u0103 pentru deplasarea seniorilor, a persoanelor cu mobilitate redus\u0103 sau pentru transport de m\u0103rfuri u\u0219oare.<\/p>\n\n\n\n<p>Sursa: monitorulsv<\/p>\n","protected":false},"excerpt":{"rendered":"<p>Dou\u0103 accidente produse \u00een aceea\u0219i zi \u00eent\u0103resc statisticile poli\u021bi\u0219tilor rutieri suceveni, care arat\u0103 c\u0103 avem foarte multe victime care nu<\/p>\n","protected":false},"author":1,"featured_media":116298,"comment_status":"open","ping_status":"closed","sticky":false,"template":"","format":"standard","meta":{"spay_email":"","footnotes":"","jetpack_publicize_message":""},"categories":[1],"tags":[],"class_list":["post-140614","post","type-post","status-publish","format-standard","has-post-thumbnail","hentry","category-uncategorized"],"jetpack_featured_media_url":"https:\/\/i1.wp.com\/realitatearutiera.ro\/wp-content\/uploads\/2024\/09\/semn-accident-850x560-1.jpg?fit=850%2C560&ssl=1","jetpack_publicize_connections":[],"jetpack_sharing_enabled":true,"jetpack_shortlink":"https:\/\/wp.me\/p61naM-AzY","jetpack-related-posts":[],"_links":{"self":[{"href":"https:\/\/realitatearutiera.ro\/index.php?rest_route=\/wp\/v2\/posts\/140614","targetHints":{"allow":["GET"]}}],"collection":[{"href":"https:\/\/realitatearutiera.ro\/index.php?rest_route=\/wp\/v2\/posts"}],"about":[{"href":"https:\/\/realitatearutiera.ro\/index.php?rest_route=\/wp\/v2\/types\/post"}],"author":[{"embeddable":true,"href":"https:\/\/realitatearutiera.ro\/index.php?rest_route=\/wp\/v2\/users\/1"}],"replies":[{"embeddable":true,"href":"https:\/\/realitatearutiera.ro\/index.php?rest_route=%2Fwp%2Fv2%2Fcomments&post=140614"}],"version-history":[{"count":1,"href":"https:\/\/realitatearutiera.ro\/index.php?rest_route=\/wp\/v2\/posts\/140614\/revisions"}],"predecessor-version":[{"id":140616,"href":"https:\/\/realitatearutiera.ro\/index.php?rest_route=\/wp\/v2\/posts\/140614\/revisions\/140616"}],"wp:featuredmedia":[{"embeddable":true,"href":"https:\/\/realitatearutiera.ro\/index.php?rest_route=\/wp\/v2\/media\/116298"}],"wp:attachment":[{"href":"https:\/\/realitatearutiera.ro\/index.php?rest_route=%2Fwp%2Fv2%2Fmedia&parent=140614"}],"wp:term":[{"taxonomy":"category","embeddable":true,"href":"https:\/\/realitatearutiera.ro\/index.php?rest_route=%2Fwp%2Fv2%2Fcategories&post=140614"},{"taxonomy":"post_tag","embeddable":true,"href":"https:\/\/realitatearutiera.ro\/index.php?rest_route=%2Fwp%2Fv2%2Ftags&post=140614"}],"curies":[{"name":"wp","href":"https:\/\/api.w.org\/{rel}","templated":true}]}}