{"id":140652,"date":"2026-08-28T09:06:44","date_gmt":"2026-08-28T06:06:44","guid":{"rendered":"https:\/\/realitatearutiera.ro\/?p=140652"},"modified":"2026-08-28T09:06:46","modified_gmt":"2026-08-28T06:06:46","slug":"mit-sau-adevar-fructele-consumate-seara-ingrasa-ce-spun-specialistii","status":"publish","type":"post","link":"https:\/\/realitatearutiera.ro\/?p=140652","title":{"rendered":"Mit sau adev\u0103r: fructele consumate seara \u00eengra\u0219\u0103? Ce spun speciali\u0219tii"},"content":{"rendered":"\n<figure class=\"wp-block-image size-full is-resized\"><img loading=\"lazy\" decoding=\"async\" width=\"800\" height=\"450\" data-attachment-id=\"140653\" data-permalink=\"https:\/\/realitatearutiera.ro\/?attachment_id=140653\" data-orig-file=\"https:\/\/i1.wp.com\/realitatearutiera.ro\/wp-content\/uploads\/2026\/08\/image-109.png?fit=1024%2C576&amp;ssl=1\" data-orig-size=\"1024,576\" data-comments-opened=\"1\" data-image-meta=\"{&quot;aperture&quot;:&quot;0&quot;,&quot;credit&quot;:&quot;&quot;,&quot;camera&quot;:&quot;&quot;,&quot;caption&quot;:&quot;&quot;,&quot;created_timestamp&quot;:&quot;0&quot;,&quot;copyright&quot;:&quot;&quot;,&quot;focal_length&quot;:&quot;0&quot;,&quot;iso&quot;:&quot;0&quot;,&quot;shutter_speed&quot;:&quot;0&quot;,&quot;title&quot;:&quot;&quot;,&quot;orientation&quot;:&quot;0&quot;}\" data-image-title=\"image\" data-image-description=\"\" data-medium-file=\"https:\/\/i1.wp.com\/realitatearutiera.ro\/wp-content\/uploads\/2026\/08\/image-109.png?fit=300%2C169&amp;ssl=1\" data-large-file=\"https:\/\/i1.wp.com\/realitatearutiera.ro\/wp-content\/uploads\/2026\/08\/image-109.png?fit=800%2C450&amp;ssl=1\" src=\"https:\/\/i1.wp.com\/realitatearutiera.ro\/wp-content\/uploads\/2026\/08\/image-109.png?resize=800%2C450&#038;ssl=1\" alt=\"\" class=\"wp-image-140653\" style=\"width:340px;height:auto\" srcset=\"https:\/\/i1.wp.com\/realitatearutiera.ro\/wp-content\/uploads\/2026\/08\/image-109.png?w=1024&amp;ssl=1 1024w, https:\/\/i1.wp.com\/realitatearutiera.ro\/wp-content\/uploads\/2026\/08\/image-109.png?resize=300%2C169&amp;ssl=1 300w, https:\/\/i1.wp.com\/realitatearutiera.ro\/wp-content\/uploads\/2026\/08\/image-109.png?resize=768%2C432&amp;ssl=1 768w\" sizes=\"auto, (max-width: 800px) 100vw, 800px\" data-recalc-dims=\"1\" \/><\/figure>\n\n\n\n<p id=\"p-1\"><strong>De ce nu e bine s\u0103 m\u0103n\u00e2nci fructe seara. Ideea c\u0103 fructele nu trebuie m\u00e2ncate seara este foarte r\u0103sp\u00e2ndit\u0103. \u00cen realitate, pentru majoritatea persoanelor s\u0103n\u0103toase, un fruct consumat seara nu este o problem\u0103 \u0219i nu exist\u0103 o regul\u0103 oficial\u0103 care s\u0103 interzic\u0103 fructele dup\u0103 o anumit\u0103 or\u0103.<\/strong><\/p>\n\n\n\n<p>Publicitate<\/p>\n\n\n\n<p id=\"p-2\">Totu\u0219i, exist\u0103 situa\u021bii \u00een care consumul foarte t\u00e2rziu poate fi mai pu\u021bin potrivit, mai ales \u00een cazul refluxului, diabetului sau al sensibilit\u0103\u021bilor digestive.<\/p>\n\n\n\n<h2 class=\"wp-block-heading\" id=\"chapter-1\">Fructele seara \u00eengra\u0219\u0103?<\/h2>\n\n\n\n<p id=\"p-3\">Nu automat, deoarece un fruct nu devine mai caloric dup\u0103 ora 18:00 sau 20:00. Pentru greutate conteaz\u0103 \u00een primul r\u00e2nd aportul energetic total din \u00eentreaga zi.<\/p>\n\n\n\n<p id=\"p-4\"><a href=\"https:\/\/www.who.int\/\" target=\"_blank\" rel=\"noreferrer noopener\">Organiza\u021bia Mondial\u0103 a S\u0103n\u0103t\u0103\u021bii<\/a>&nbsp;recomand\u0103 consumul zilnic de fructe \u0219i legume \u0219i nu stabile\u0219te o or\u0103 dup\u0103 care fructele trebuie evitate.<\/p>\n\n\n\n<p id=\"p-5\">Problema poate ap\u0103rea dac\u0103 fructele sunt consumate peste necesarul zilnic, dup\u0103 o cin\u0103 consistent\u0103 \u0219i alte gust\u0103ri sau deserturi.<\/p>\n\n\n\n<h2 class=\"wp-block-heading\" id=\"chapter-2\">De ce nu e indicat s\u0103 m\u0103n\u00e2nci foarte t\u00e2rziu<\/h2>\n\n\n\n<p id=\"p-6\">Cercet\u0103rile privind crononutri\u021bia arat\u0103 c\u0103 organismul poate gestiona carbohidra\u021bii mai pu\u021bin eficient foarte aproape de ora de somn.<\/p>\n\n\n\n<p id=\"p-7\">Un studiu realizat pe 845 de persoane a ar\u0103tat c\u0103 un aport de carbohidra\u021bi consumat cu aproximativ o or\u0103 \u00eenainte de culcare a produs un r\u0103spuns glicemic mai pu\u021bin favorabil dec\u00e2t atunci c\u00e2nd a fost consumat mai devreme.<\/p>\n\n\n\n<h2 class=\"wp-block-heading\" id=\"chapter-3\">Fructele seara pot agrava refluxul<\/h2>\n\n\n\n<p id=\"p-8\">Speciali\u0219tii recomand\u0103 persoanelor cu reflux gastroesofagian s\u0103 evite mesele \u00een ultimele aproximativ trei ore \u00eenainte de culcare.<\/p>\n\n\n\n<p id=\"p-9\">Unele fructe acide, precum citricele, pot agrava arsurile la anumite persoane.<\/p>\n\n\n\n<p id=\"p-10\">Prin urmare, dac\u0103 ai reflux, nu este neap\u0103rat problema c\u0103 m\u0103n\u00e2nci &#8220;fructe seara&#8221;, ci faptul c\u0103 m\u0103n\u00e2nci foarte aproape de momentul \u00een care te \u00eentinzi \u00een pat.<\/p>\n\n\n\n<h2 class=\"wp-block-heading\" id=\"chapter-4\">Persoanele cu diabet trebuie s\u0103 fie mai atente<\/h2>\n\n\n\n<p id=\"p-11\">Fructele con\u021bin carbohidra\u021bi \u0219i cresc glicemia dup\u0103 consum.<\/p>\n\n\n\n<p id=\"p-12\">Persoanele cu diabet pot m\u00e2nca fructe \u00eentregi, dar conteaz\u0103 por\u021bia, momentul consumului \u0219i restul alimentelor din mas\u0103.<\/p>\n\n\n\n<p id=\"p-13\">Pentru unele persoane, o cantitate mare de fructe consumat\u0103 foarte t\u00e2rziu poate influen\u021ba glicemia nocturn\u0103.<\/p>\n\n\n\n<h2 class=\"wp-block-heading\" id=\"chapter-5\">Pot provoca balonare<\/h2>\n\n\n\n<p id=\"p-14\">Unele fructe con\u021bin fructoz\u0103, sorbitol sau al\u021bi carbohidra\u021bi fermentabili.<\/p>\n\n\n\n<p id=\"p-15\">La persoanele cu sindrom de intestin iritabil sau alte sensibilit\u0103\u021bi digestive, anumite fructe pot provoca:<\/p>\n\n\n\n<ul class=\"wp-block-list\">\n<li>balonare,<\/li>\n\n\n\n<li>gaze,<\/li>\n\n\n\n<li>crampe,<\/li>\n\n\n\n<li>modific\u0103ri ale tranzitului.<\/li>\n<\/ul>\n\n\n\n<p id=\"p-16\">Dac\u0103 aceste simptome apar mai ales seara, consumul fructelor imediat \u00eenainte de somn poate accentua disconfortul.<\/p>\n\n\n\n<h2 class=\"wp-block-heading\" id=\"chapter-6\">Fruct \u00eentreg sau suc?<\/h2>\n\n\n\n<p id=\"p-17\">Dac\u0103 totu\u0219i consuma\u021bi fructe seara, este important de \u0219tiut c\u0103 speciali\u0219tii recomand\u0103 fructul \u00eentreg \u0219i nu sucul de fructe.<\/p>\n\n\n\n<p>Publicitate<\/p>\n\n\n\n<p id=\"p-18\">Sursa citat\u0103 arat\u0103 c\u0103 sucurile de fructe con\u021bin zaharuri libere, chiar \u0219i atunci c\u00e2nd nu au zah\u0103r ad\u0103ugat, \u0219i recomand\u0103 limitarea lor.<\/p>\n\n\n\n<p id=\"p-19\">Un pahar mare de suc poate concentra zaharurile din mai multe fructe \u0219i se consum\u0103 mult mai repede dec\u00e2t fructul \u00eentreg.<\/p>\n\n\n\n<h2 class=\"wp-block-heading\" id=\"chapter-7\">Este mai bine s\u0103 evit\u0103m complet fructele dup\u0103 cin\u0103?<\/h2>\n\n\n\n<p id=\"p-20\">Pentru majoritatea persoanelor s\u0103n\u0103toase, nu.<\/p>\n\n\n\n<p id=\"p-21\">Un m\u0103r, o par\u0103, c\u00e2teva fructe de p\u0103dure sau un alt fruct \u00eentreg pot fi o gustare rezonabil\u0103 \u0219i seara.<\/p>\n\n\n\n<p id=\"p-23\">Este mai important:<\/p>\n\n\n\n<ul class=\"wp-block-list\">\n<li>s\u0103 nu m\u0103n\u00e2nci o cantitate foarte mare imediat \u00eenainte de culcare,<\/li>\n\n\n\n<li>s\u0103 alegi fructul \u00eentreg, nu suc,<\/li>\n\n\n\n<li>s\u0103 \u021bii cont de glicemie dac\u0103 ai diabet,<\/li>\n\n\n\n<li>s\u0103 evi\u021bi fructele care \u00ee\u021bi agraveaz\u0103 refluxul sau balonarea.<\/li>\n<\/ul>\n\n\n\n<p>Sursa\/ foto: alba24<\/p>\n","protected":false},"excerpt":{"rendered":"<p>De ce nu e bine s\u0103 m\u0103n\u00e2nci fructe seara. Ideea c\u0103 fructele nu trebuie m\u00e2ncate seara este foarte r\u0103sp\u00e2ndit\u0103. \u00cen<\/p>\n","protected":false},"author":1,"featured_media":140653,"comment_status":"open","ping_status":"closed","sticky":false,"template":"","format":"standard","meta":{"spay_email":"","footnotes":"","jetpack_publicize_message":""},"categories":[80],"tags":[],"class_list":["post-140652","post","type-post","status-publish","format-standard","has-post-thumbnail","hentry","category-sanatate"],"jetpack_featured_media_url":"https:\/\/i1.wp.com\/realitatearutiera.ro\/wp-content\/uploads\/2026\/08\/image-109.png?fit=1024%2C576&ssl=1","jetpack_publicize_connections":[],"jetpack_sharing_enabled":true,"jetpack_shortlink":"https:\/\/wp.me\/p61naM-AAA","jetpack-related-posts":[],"_links":{"self":[{"href":"https:\/\/realitatearutiera.ro\/index.php?rest_route=\/wp\/v2\/posts\/140652","targetHints":{"allow":["GET"]}}],"collection":[{"href":"https:\/\/realitatearutiera.ro\/index.php?rest_route=\/wp\/v2\/posts"}],"about":[{"href":"https:\/\/realitatearutiera.ro\/index.php?rest_route=\/wp\/v2\/types\/post"}],"author":[{"embeddable":true,"href":"https:\/\/realitatearutiera.ro\/index.php?rest_route=\/wp\/v2\/users\/1"}],"replies":[{"embeddable":true,"href":"https:\/\/realitatearutiera.ro\/index.php?rest_route=%2Fwp%2Fv2%2Fcomments&post=140652"}],"version-history":[{"count":1,"href":"https:\/\/realitatearutiera.ro\/index.php?rest_route=\/wp\/v2\/posts\/140652\/revisions"}],"predecessor-version":[{"id":140654,"href":"https:\/\/realitatearutiera.ro\/index.php?rest_route=\/wp\/v2\/posts\/140652\/revisions\/140654"}],"wp:featuredmedia":[{"embeddable":true,"href":"https:\/\/realitatearutiera.ro\/index.php?rest_route=\/wp\/v2\/media\/140653"}],"wp:attachment":[{"href":"https:\/\/realitatearutiera.ro\/index.php?rest_route=%2Fwp%2Fv2%2Fmedia&parent=140652"}],"wp:term":[{"taxonomy":"category","embeddable":true,"href":"https:\/\/realitatearutiera.ro\/index.php?rest_route=%2Fwp%2Fv2%2Fcategories&post=140652"},{"taxonomy":"post_tag","embeddable":true,"href":"https:\/\/realitatearutiera.ro\/index.php?rest_route=%2Fwp%2Fv2%2Ftags&post=140652"}],"curies":[{"name":"wp","href":"https:\/\/api.w.org\/{rel}","templated":true}]}}