{"id":140657,"date":"2026-08-28T09:25:47","date_gmt":"2026-08-28T06:25:47","guid":{"rendered":"https:\/\/realitatearutiera.ro\/?p=140657"},"modified":"2026-08-28T09:25:50","modified_gmt":"2026-08-28T06:25:50","slug":"accident-si-fuga-de-la-locul-faptei-soferul-ar-fi-fost-baut","status":"publish","type":"post","link":"https:\/\/realitatearutiera.ro\/?p=140657","title":{"rendered":"Accident \u0219i fug\u0103 de la locul faptei. \u0218oferul ar fi fost b\u0103ut"},"content":{"rendered":"\n<p><strong>La data de 27 august, ora 00.06, Poli\u021bia municipiului Roman a fost sesizat\u0103 despre producerea unui eveniment rutier, pe strada Vasile Lupu, din municipiul Roman.<\/strong><\/p>\n\n\n\n<h3 class=\"wp-block-heading\" id=\"doua-masini-stationate-au-fost-avariate\">Dou\u0103 ma\u0219ini sta\u021bionate au fost avariate<\/h3>\n\n\n\n<p>\u00cen urma cercet\u0103rilor efectuate de poli\u021bi\u0219ti a rezultat faptul c\u0103, \u00een timp ce un b\u0103rbat, de 35 de ani, din Roman, conducea un autoturism, pe strada Vasile Lupu, la efectuarea manevrei de dep\u0103\u0219ire fa\u021b\u0103 de un alt autoturism care se afla sta\u021bionat par\u021bial pe partea carosabil\u0103, ar fi intrat \u00een coliziune cu acesta,&nbsp;<strong>proiect\u00e2ndul<\/strong>&nbsp;\u00eentr-un alt autoturism sta\u021bionat.<\/p>\n\n\n\n<h3 class=\"wp-block-heading\" id=\"alcoolemie-de-071-mg-l-alcool-descoperita-dupa-prinderea-fugarului\">Alcoolemie de 0,71 mg\/l alcool descoperit\u0103 dup\u0103 prinderea fugarului<\/h3>\n\n\n\n<p>Dup\u0103 coliziune conduc\u0103torul autoturismului ar fi p\u0103r\u0103sit locul producerii evenimentului, fiind identificat dup\u0103 aproximativ o or\u0103 de poli\u021bi\u0219ti. Acesta a fost testat cu aparatul alcooltest, rezult\u00e2nd o concentra\u021bie alcoolic\u0103 de 0,71 mg\/l alcool pur \u00een aerul expirat.<\/p>\n\n\n\n<p>Totodat\u0103, conduc\u0103torul auto prezenta leziuni, fiind&nbsp;<strong>transportat la o unitate medical\u0103<\/strong>. Poli\u021bi\u0219tii au transmis c\u0103 vor continua cercet\u0103rile \u00een cadrul unui&nbsp;<a href=\"https:\/\/monitorulneamt.ro\/\">dosar penal.<\/a><\/p>\n\n\n\n<p>Sursa: monitorulneamt<\/p>\n","protected":false},"excerpt":{"rendered":"<p>La data de 27 august, ora 00.06, Poli\u021bia municipiului Roman a fost sesizat\u0103 despre producerea unui eveniment rutier, pe strada<\/p>\n","protected":false},"author":1,"featured_media":108046,"comment_status":"open","ping_status":"closed","sticky":false,"template":"","format":"standard","meta":{"spay_email":"","footnotes":"","jetpack_publicize_message":""},"categories":[82],"tags":[],"class_list":["post-140657","post","type-post","status-publish","format-standard","has-post-thumbnail","hentry","category-auto"],"jetpack_featured_media_url":"https:\/\/i0.wp.com\/realitatearutiera.ro\/wp-content\/uploads\/2024\/02\/masini-politie-politia-2-3ldz.jpg?fit=1224%2C816&ssl=1","jetpack_publicize_connections":[],"jetpack_sharing_enabled":true,"jetpack_shortlink":"https:\/\/wp.me\/p61naM-AAF","jetpack-related-posts":[],"_links":{"self":[{"href":"https:\/\/realitatearutiera.ro\/index.php?rest_route=\/wp\/v2\/posts\/140657","targetHints":{"allow":["GET"]}}],"collection":[{"href":"https:\/\/realitatearutiera.ro\/index.php?rest_route=\/wp\/v2\/posts"}],"about":[{"href":"https:\/\/realitatearutiera.ro\/index.php?rest_route=\/wp\/v2\/types\/post"}],"author":[{"embeddable":true,"href":"https:\/\/realitatearutiera.ro\/index.php?rest_route=\/wp\/v2\/users\/1"}],"replies":[{"embeddable":true,"href":"https:\/\/realitatearutiera.ro\/index.php?rest_route=%2Fwp%2Fv2%2Fcomments&post=140657"}],"version-history":[{"count":1,"href":"https:\/\/realitatearutiera.ro\/index.php?rest_route=\/wp\/v2\/posts\/140657\/revisions"}],"predecessor-version":[{"id":140658,"href":"https:\/\/realitatearutiera.ro\/index.php?rest_route=\/wp\/v2\/posts\/140657\/revisions\/140658"}],"wp:featuredmedia":[{"embeddable":true,"href":"https:\/\/realitatearutiera.ro\/index.php?rest_route=\/wp\/v2\/media\/108046"}],"wp:attachment":[{"href":"https:\/\/realitatearutiera.ro\/index.php?rest_route=%2Fwp%2Fv2%2Fmedia&parent=140657"}],"wp:term":[{"taxonomy":"category","embeddable":true,"href":"https:\/\/realitatearutiera.ro\/index.php?rest_route=%2Fwp%2Fv2%2Fcategories&post=140657"},{"taxonomy":"post_tag","embeddable":true,"href":"https:\/\/realitatearutiera.ro\/index.php?rest_route=%2Fwp%2Fv2%2Ftags&post=140657"}],"curies":[{"name":"wp","href":"https:\/\/api.w.org\/{rel}","templated":true}]}}