{"id":140659,"date":"2026-08-28T09:29:03","date_gmt":"2026-08-28T06:29:03","guid":{"rendered":"https:\/\/realitatearutiera.ro\/?p=140659"},"modified":"2026-08-28T09:29:05","modified_gmt":"2026-08-28T06:29:05","slug":"accident-grav-in-judetul-botosani-un-tanar-a-ajuns-la-spital-dupa-o-manevra-periculoasa","status":"publish","type":"post","link":"https:\/\/realitatearutiera.ro\/?p=140659","title":{"rendered":"Accident grav \u00een jude\u021bul Boto\u0219ani. Un t\u00e2n\u0103r a ajuns la spital dup\u0103 o manevr\u0103 periculoas\u0103"},"content":{"rendered":"\n<figure class=\"wp-block-image size-full is-resized\"><img loading=\"lazy\" decoding=\"async\" width=\"696\" height=\"600\" data-attachment-id=\"140660\" data-permalink=\"https:\/\/realitatearutiera.ro\/?attachment_id=140660\" data-orig-file=\"https:\/\/i1.wp.com\/realitatearutiera.ro\/wp-content\/uploads\/2026\/08\/image-110.png?fit=696%2C600&amp;ssl=1\" data-orig-size=\"696,600\" data-comments-opened=\"1\" data-image-meta=\"{&quot;aperture&quot;:&quot;0&quot;,&quot;credit&quot;:&quot;&quot;,&quot;camera&quot;:&quot;&quot;,&quot;caption&quot;:&quot;&quot;,&quot;created_timestamp&quot;:&quot;0&quot;,&quot;copyright&quot;:&quot;&quot;,&quot;focal_length&quot;:&quot;0&quot;,&quot;iso&quot;:&quot;0&quot;,&quot;shutter_speed&quot;:&quot;0&quot;,&quot;title&quot;:&quot;&quot;,&quot;orientation&quot;:&quot;0&quot;}\" data-image-title=\"image\" data-image-description=\"\" data-medium-file=\"https:\/\/i1.wp.com\/realitatearutiera.ro\/wp-content\/uploads\/2026\/08\/image-110.png?fit=300%2C259&amp;ssl=1\" data-large-file=\"https:\/\/i1.wp.com\/realitatearutiera.ro\/wp-content\/uploads\/2026\/08\/image-110.png?fit=696%2C600&amp;ssl=1\" src=\"https:\/\/i1.wp.com\/realitatearutiera.ro\/wp-content\/uploads\/2026\/08\/image-110.png?resize=696%2C600&#038;ssl=1\" alt=\"\" class=\"wp-image-140660\" style=\"width:435px;height:auto\" srcset=\"https:\/\/i1.wp.com\/realitatearutiera.ro\/wp-content\/uploads\/2026\/08\/image-110.png?w=696&amp;ssl=1 696w, https:\/\/i1.wp.com\/realitatearutiera.ro\/wp-content\/uploads\/2026\/08\/image-110.png?resize=300%2C259&amp;ssl=1 300w\" sizes=\"auto, (max-width: 696px) 100vw, 696px\" data-recalc-dims=\"1\" \/><\/figure>\n\n\n\n<p><strong>Lini\u0219tea nop\u021bii a fost spulberat\u0103 pe un drum din comuna Rom\u00e2ne\u0219ti, \u00een satul D\u0103mideni, \u00een urma unui impact extrem de violent \u00eentre dou\u0103 autoturisme.<\/strong><\/p>\n\n\n\n<p>Dou\u0103 autoturisme, un Audi \u0219i un Mercedes, s-au izbit frontal, transform\u00e2nd o manevr\u0103 imprudent\u0103 \u00eentr-un accident de co\u0219mar. Manevra riscant\u0103 \u00een miez de noapte a dus la distrugerea celor dou\u0103 ma\u0219ini \u0219i a trimis un t\u00e2n\u0103r pe patul de spital.<\/p>\n\n\n\n<h2 class=\"wp-block-heading\"><strong>Mobilizare rapid\u0103 a for\u021belor de salvare dup\u0103 un impact violent<\/strong><\/h2>\n\n\n\n<p>Imediat dup\u0103 producerea coliziunii, autorit\u0103\u021bile au fost alertate prin num\u0103rul de urgen\u021b\u0103, iar la fa\u021ba locului a \u00eenceput o curs\u0103 contracronometru pentru salvarea celor implica\u021bi.&nbsp;<em><strong>\u201ePentru gestionarea situa\u021biei au fost direc\u021bionate de urgen\u021b\u0103 un echipaj al Serviciului de Ambulan\u021b\u0103 Jude\u021bean (SJA) din Tru\u0219e\u0219ti \u0219i un echipaj de Prim Ajutor (EPA) din \u0218tef\u0103ne\u0219ti\u201d<\/strong><\/em>, a precizat medicul Eduard Gur\u0103u, managerul SJA Boto\u0219ani.<\/p>\n\n\n\n<p>De\u0219i impactul frontal dintre cele dou\u0103 autovehicule a fost deosebit de sever, din fericire, o singur\u0103 persoan\u0103 a necesitat transportul de urgen\u021b\u0103 la spital.<\/p>\n\n\n\n<p>Victima accidentului, unul dintre \u0219oferi, a fost preluat\u0103 rapid de echipajul de ambulan\u021b\u0103, \u0219i supus\u0103 primelor evalu\u0103ri medicale direct la locul impactului, \u00eenainte de a fi transferat\u0103 c\u0103tre unitatea de primiri urgen\u021be.<\/p>\n\n\n\n<p>\u0218oferul care a ajuns la spital este un t\u00e2n\u0103r \u00een v\u00e2rst\u0103 de 22 de ani. \u00cen urma ciocnirii violente, acesta a suferit un traumatism cranio-cerebral acut.<\/p>\n\n\n\n<p>\u00cen ciuda loviturii puternice la cap, t\u00e2n\u0103rul a r\u0103mas con\u0219tient \u0219i s-a men\u021binut stabil hemodinamic pe tot parcursul interven\u021biei echipajelor de salvare. Poli\u021bi\u0219tii rutieri urmeaz\u0103 s\u0103 stabileasc\u0103 cu exactitate dinamica accidentului \u0219i care dintre conduc\u0103torii auto se face vinovat de manevra care a provocat dezastrul.<\/p>\n\n\n\n<p>O autospecial\u0103 SOS Savencu a ajuns ulterior la fa\u021ba locului \u0219i a preluat cele dou\u0103 autoturisme avariate.<\/p>\n\n\n\n<p>Sursa: monitorulbt<\/p>\n","protected":false},"excerpt":{"rendered":"<p>Lini\u0219tea nop\u021bii a fost spulberat\u0103 pe un drum din comuna Rom\u00e2ne\u0219ti, \u00een satul D\u0103mideni, \u00een urma unui impact extrem de<\/p>\n","protected":false},"author":1,"featured_media":116298,"comment_status":"open","ping_status":"closed","sticky":false,"template":"","format":"standard","meta":{"spay_email":"","footnotes":"","jetpack_publicize_message":""},"categories":[1],"tags":[],"class_list":["post-140659","post","type-post","status-publish","format-standard","has-post-thumbnail","hentry","category-uncategorized"],"jetpack_featured_media_url":"https:\/\/i1.wp.com\/realitatearutiera.ro\/wp-content\/uploads\/2024\/09\/semn-accident-850x560-1.jpg?fit=850%2C560&ssl=1","jetpack_publicize_connections":[],"jetpack_sharing_enabled":true,"jetpack_shortlink":"https:\/\/wp.me\/p61naM-AAH","jetpack-related-posts":[],"_links":{"self":[{"href":"https:\/\/realitatearutiera.ro\/index.php?rest_route=\/wp\/v2\/posts\/140659","targetHints":{"allow":["GET"]}}],"collection":[{"href":"https:\/\/realitatearutiera.ro\/index.php?rest_route=\/wp\/v2\/posts"}],"about":[{"href":"https:\/\/realitatearutiera.ro\/index.php?rest_route=\/wp\/v2\/types\/post"}],"author":[{"embeddable":true,"href":"https:\/\/realitatearutiera.ro\/index.php?rest_route=\/wp\/v2\/users\/1"}],"replies":[{"embeddable":true,"href":"https:\/\/realitatearutiera.ro\/index.php?rest_route=%2Fwp%2Fv2%2Fcomments&post=140659"}],"version-history":[{"count":1,"href":"https:\/\/realitatearutiera.ro\/index.php?rest_route=\/wp\/v2\/posts\/140659\/revisions"}],"predecessor-version":[{"id":140661,"href":"https:\/\/realitatearutiera.ro\/index.php?rest_route=\/wp\/v2\/posts\/140659\/revisions\/140661"}],"wp:featuredmedia":[{"embeddable":true,"href":"https:\/\/realitatearutiera.ro\/index.php?rest_route=\/wp\/v2\/media\/116298"}],"wp:attachment":[{"href":"https:\/\/realitatearutiera.ro\/index.php?rest_route=%2Fwp%2Fv2%2Fmedia&parent=140659"}],"wp:term":[{"taxonomy":"category","embeddable":true,"href":"https:\/\/realitatearutiera.ro\/index.php?rest_route=%2Fwp%2Fv2%2Fcategories&post=140659"},{"taxonomy":"post_tag","embeddable":true,"href":"https:\/\/realitatearutiera.ro\/index.php?rest_route=%2Fwp%2Fv2%2Ftags&post=140659"}],"curies":[{"name":"wp","href":"https:\/\/api.w.org\/{rel}","templated":true}]}}