{"id":140665,"date":"2026-08-28T09:38:09","date_gmt":"2026-08-28T06:38:09","guid":{"rendered":"https:\/\/realitatearutiera.ro\/?p=140665"},"modified":"2026-08-28T09:38:13","modified_gmt":"2026-08-28T06:38:13","slug":"zi-neagra-pentru-doi-adolescenti-copii-de-14-si-15-ani-la-spital-dupa-accidente-cu-trotinete","status":"publish","type":"post","link":"https:\/\/realitatearutiera.ro\/?p=140665","title":{"rendered":"Zi neagr\u0103 pentru doi adolescen\u021bi: copii de 14 \u0219i 15 ani, la spital dup\u0103 accidente cu trotinete"},"content":{"rendered":"\n<figure class=\"wp-block-image size-large is-resized\"><img loading=\"lazy\" decoding=\"async\" width=\"768\" height=\"1024\" data-attachment-id=\"140666\" data-permalink=\"https:\/\/realitatearutiera.ro\/?attachment_id=140666\" data-orig-file=\"https:\/\/i0.wp.com\/realitatearutiera.ro\/wp-content\/uploads\/2026\/08\/image-112.png?fit=960%2C1280&amp;ssl=1\" data-orig-size=\"960,1280\" data-comments-opened=\"1\" data-image-meta=\"{&quot;aperture&quot;:&quot;0&quot;,&quot;credit&quot;:&quot;&quot;,&quot;camera&quot;:&quot;&quot;,&quot;caption&quot;:&quot;&quot;,&quot;created_timestamp&quot;:&quot;0&quot;,&quot;copyright&quot;:&quot;&quot;,&quot;focal_length&quot;:&quot;0&quot;,&quot;iso&quot;:&quot;0&quot;,&quot;shutter_speed&quot;:&quot;0&quot;,&quot;title&quot;:&quot;&quot;,&quot;orientation&quot;:&quot;0&quot;}\" data-image-title=\"image\" data-image-description=\"\" data-medium-file=\"https:\/\/i0.wp.com\/realitatearutiera.ro\/wp-content\/uploads\/2026\/08\/image-112.png?fit=225%2C300&amp;ssl=1\" data-large-file=\"https:\/\/i0.wp.com\/realitatearutiera.ro\/wp-content\/uploads\/2026\/08\/image-112.png?fit=768%2C1024&amp;ssl=1\" src=\"https:\/\/i2.wp.com\/realitatearutiera.ro\/wp-content\/uploads\/2026\/08\/image-112-768x1024.png?resize=768%2C1024&#038;ssl=1\" alt=\"\" class=\"wp-image-140666\" style=\"width:431px;height:auto\" srcset=\"https:\/\/i0.wp.com\/realitatearutiera.ro\/wp-content\/uploads\/2026\/08\/image-112.png?resize=768%2C1024&amp;ssl=1 768w, https:\/\/i0.wp.com\/realitatearutiera.ro\/wp-content\/uploads\/2026\/08\/image-112.png?resize=225%2C300&amp;ssl=1 225w, https:\/\/i0.wp.com\/realitatearutiera.ro\/wp-content\/uploads\/2026\/08\/image-112.png?w=960&amp;ssl=1 960w\" sizes=\"auto, (max-width: 768px) 100vw, 768px\" data-recalc-dims=\"1\" \/><\/figure>\n\n\n\n<p>Un b\u0103iat \u00een v\u00e2rst\u0103 de 15 ani \u0219i o fat\u0103 de 14 ani au ajuns la spital, miercuri, \u00een urma unor accidente cu trotinetele electrice produse la Marginea, respectiv la M\u0103lini. Din p\u0103cate, aceste accidente sunt la ordinea zilei, adesea put\u00e2nd fi v\u0103zu\u021bi copii pe astfel de vehicule care aproape c\u0103 se \u00eentrec \u00een vitez\u0103 cu ma\u0219inile, pe toate categoriile de drumuri publice.<\/p>\n\n\n\n<p>Primul accident a avut loc \u00een jurul orei 16.00, \u00een Marginea, pe strada Speran\u021bei.<\/p>\n\n\n\n<p>Un minor \u00een v\u00e2rst\u0103 de 15 ani s-a dezechilibrat \u0219i a c\u0103zut de pe trotineta electric\u0103, suferind leziuni la nivelul fe\u021bei.<\/p>\n\n\n\n<p>Un martor care a trecut prin zon\u0103 l-a v\u0103zut pe minor \u00een dificultate \u0219i a sunat la 112, la fa\u021ba locului ajung\u00e2nd o ambulan\u021b\u0103 \u0219i echipaj de poli\u021bie. Minorul a fost transportat la Spitalul Municipal R\u0103d\u0103u\u021bi, unde a fost diagnosticat cu \u201etraumatism cranio-facial provocat prin c\u0103dere\u201d, r\u0103m\u00e2n\u00e2nd internat sub observa\u021bie. Minorul s-a lovit destul de r\u0103u \u00een ciuda faptului c\u0103 purta casc\u0103 de protec\u021bie.<\/p>\n\n\n\n<p>Miercuri sear\u0103, \u00een jurul orei 20.30, pe drumul jude\u021bean din M\u0103lini, \u00een satul Poiana M\u0103rului, o trotinet\u0103 electric\u0103 pe care se aflau dou\u0103 fete a fost sc\u0103pat\u0103 de sub control \u0219i a intrat \u00eentr-o bordur\u0103 din parcarea bisericii din sat, ambele c\u0103z\u00e2nd pe trotuar.<\/p>\n\n\n\n<p>\u00cen urma accidentului rutier, pasagera, \u00een v\u00e2rst\u0103 de 14 ani, a suferit v\u0103t\u0103m\u0103ri corporale \u0219i a fost transportat\u0103 la Spitalul Jude\u021bean Suceava, unde i s-a stabilit diagnosticul preliminar de \u201dcontuzie picior drept\u201d. Tot o minor\u0103 \u00een v\u00e2rst\u0103 de 14 ani conducea trotineta.<\/p>\n\n\n\n<p>Sursa\/ foto: monitorulsv<\/p>\n","protected":false},"excerpt":{"rendered":"<p>Un b\u0103iat \u00een v\u00e2rst\u0103 de 15 ani \u0219i o fat\u0103 de 14 ani au ajuns la spital, miercuri, \u00een urma<\/p>\n","protected":false},"author":1,"featured_media":140666,"comment_status":"open","ping_status":"closed","sticky":false,"template":"","format":"standard","meta":{"spay_email":"","footnotes":"","jetpack_publicize_message":""},"categories":[6],"tags":[],"class_list":["post-140665","post","type-post","status-publish","format-standard","has-post-thumbnail","hentry","category-social"],"jetpack_featured_media_url":"https:\/\/i0.wp.com\/realitatearutiera.ro\/wp-content\/uploads\/2026\/08\/image-112.png?fit=960%2C1280&ssl=1","jetpack_publicize_connections":[],"jetpack_sharing_enabled":true,"jetpack_shortlink":"https:\/\/wp.me\/p61naM-AAN","jetpack-related-posts":[],"_links":{"self":[{"href":"https:\/\/realitatearutiera.ro\/index.php?rest_route=\/wp\/v2\/posts\/140665","targetHints":{"allow":["GET"]}}],"collection":[{"href":"https:\/\/realitatearutiera.ro\/index.php?rest_route=\/wp\/v2\/posts"}],"about":[{"href":"https:\/\/realitatearutiera.ro\/index.php?rest_route=\/wp\/v2\/types\/post"}],"author":[{"embeddable":true,"href":"https:\/\/realitatearutiera.ro\/index.php?rest_route=\/wp\/v2\/users\/1"}],"replies":[{"embeddable":true,"href":"https:\/\/realitatearutiera.ro\/index.php?rest_route=%2Fwp%2Fv2%2Fcomments&post=140665"}],"version-history":[{"count":2,"href":"https:\/\/realitatearutiera.ro\/index.php?rest_route=\/wp\/v2\/posts\/140665\/revisions"}],"predecessor-version":[{"id":140668,"href":"https:\/\/realitatearutiera.ro\/index.php?rest_route=\/wp\/v2\/posts\/140665\/revisions\/140668"}],"wp:featuredmedia":[{"embeddable":true,"href":"https:\/\/realitatearutiera.ro\/index.php?rest_route=\/wp\/v2\/media\/140666"}],"wp:attachment":[{"href":"https:\/\/realitatearutiera.ro\/index.php?rest_route=%2Fwp%2Fv2%2Fmedia&parent=140665"}],"wp:term":[{"taxonomy":"category","embeddable":true,"href":"https:\/\/realitatearutiera.ro\/index.php?rest_route=%2Fwp%2Fv2%2Fcategories&post=140665"},{"taxonomy":"post_tag","embeddable":true,"href":"https:\/\/realitatearutiera.ro\/index.php?rest_route=%2Fwp%2Fv2%2Ftags&post=140665"}],"curies":[{"name":"wp","href":"https:\/\/api.w.org\/{rel}","templated":true}]}}