{"id":140710,"date":"2026-08-31T09:22:32","date_gmt":"2026-08-31T06:22:32","guid":{"rendered":"https:\/\/realitatearutiera.ro\/?p=140710"},"modified":"2026-08-31T09:22:36","modified_gmt":"2026-08-31T06:22:36","slug":"vremea-452","status":"publish","type":"post","link":"https:\/\/realitatearutiera.ro\/?p=140710","title":{"rendered":"Vremea"},"content":{"rendered":"\n<p>Din cuprinsul articolului<\/p>\n\n\n\n<ul id=\"menuTabela\" class=\"wp-block-list\">\n<li><a href=\"https:\/\/www.capital.ro\/anm-anunta-canicula-in-ultima-zi-de-vara-cod-galben-si-temperaturi-de-pana-la-37-de-grade.html#cod-galben-de-canicula-in-ultima-zi-de-vara\">Cod galben de canicul\u0103 \u00een ultima zi de var\u0103<\/a><\/li>\n\n\n\n<li><a href=\"https:\/\/www.capital.ro\/anm-anunta-canicula-in-ultima-zi-de-vara-cod-galben-si-temperaturi-de-pana-la-37-de-grade.html#cum-va-fi-vremea-in-prima-saptamana-din-septembrie\">Cum va fi vremea \u00een prima s\u0103pt\u0103m\u00e2n\u0103 din septembrie<\/a><\/li>\n\n\n\n<li><a href=\"https:\/\/www.capital.ro\/anm-anunta-canicula-in-ultima-zi-de-vara-cod-galben-si-temperaturi-de-pana-la-37-de-grade.html#temperaturile-ridicate-continua-intre-7-si-14-septembrie\">Temperaturile ridicate continu\u0103 \u00eentre 7 \u0219i 14 septembrie<\/a><\/li>\n\n\n\n<li><a href=\"https:\/\/www.capital.ro\/anm-anunta-canicula-in-ultima-zi-de-vara-cod-galben-si-temperaturi-de-pana-la-37-de-grade.html#vreme-mai-calda-decat-normal-in-toata-romania\">Vreme mai cald\u0103 dec\u00e2t normal \u00een toat\u0103 Rom\u00e2nia<\/a><\/li>\n<\/ul>\n\n\n\n<p>Ultima zi de var\u0103 vine cu temperaturi deosebit de ridicate \u00een mai multe regiuni ale \u021b\u0103rii. Pentru luni, 31 august, a fost emis\u0103 o aten\u021bionare Cod galben de canicul\u0103 \u0219i disconfort termic ridicat. Temperaturile maxime vor ajunge p\u00e2n\u0103 la 37 de grade, iar indicele temperatur\u0103-umezeal\u0103 va atinge pragul critic. \u0218i \u00eenceputul lunii septembrie va aduce temperaturi peste cele normale \u00een mai multe zone.<\/p>\n\n\n\n<h2 class=\"wp-block-heading\" id=\"cod-galben-de-canicula-in-ultima-zi-de-vara\"><a href=\"https:\/\/www.capital.ro\/anm-anunta-canicula-in-ultima-zi-de-vara-cod-galben-si-temperaturi-de-pana-la-37-de-grade.html#cod-galben-de-canicula-in-ultima-zi-de-vara\">Cod galben de canicul\u0103 \u00een ultima zi de var\u0103<\/a><\/h2>\n\n\n\n<p><a href=\"https:\/\/www.meteoromania.ro\/avertizari\/\" target=\"_blank\" rel=\"noreferrer noopener\">Aten\u021bionarea Cod galben<\/a>&nbsp;este valabil\u0103 luni, 31 august, \u00een intervalul 10:00 \u2013 21:00 \u0219i vizeaz\u0103 Cri\u0219ana, Banat, Maramure\u0219, vestul Transilvaniei, vestul \u0219i sudul Olteniei \u0219i sud-vestul Munteniei.<\/p>\n\n\n\n<p>\u00cen aceste regiuni vor fi temperaturi deosebit de ridicate \u0219i, local, canicul\u0103. Disconfortul termic va fi ridicat, iar indicele temperatur\u0103-umezeal\u0103 (ITU) va atinge pragul critic de 80 de unit\u0103\u021bi.<\/p>\n\n\n\n<p>Temperaturile maxime se vor situa \u00eentre 33 \u0219i 37 de grade, cele mai ridicate valori fiind a\u0219teptate \u00een C\u00e2mpia de Vest.<\/p>\n\n\n\n<p>Avertizarea poate fi actualizat\u0103 \u00een func\u021bie de evolu\u021bia \u0219i intensitatea fenomenelor meteorologice.<\/p>\n\n\n\n<h3 class=\"wp-block-heading\" id=\"cum-va-fi-vremea-in-prima-saptamana-din-septembrie\"><a href=\"https:\/\/www.capital.ro\/anm-anunta-canicula-in-ultima-zi-de-vara-cod-galben-si-temperaturi-de-pana-la-37-de-grade.html#cum-va-fi-vremea-in-prima-saptamana-din-septembrie\">Cum va fi vremea \u00een prima s\u0103pt\u0103m\u00e2n\u0103 din septembrie<\/a><\/h3>\n\n\n\n<p>Temperaturile ridicate nu dispar odat\u0103 cu \u00eencheierea<a href=\"https:\/\/www.capital.ro\/de-la-soare-in-afara-sezonului-la-aventuri-in-zapada-10-destinatii-europene-de-vizitat-in-aceasta-iarna.html\" target=\"_blank\" rel=\"noreferrer noopener\">&nbsp;verii<\/a>&nbsp;calendaristice. Pentru intervalul 31 august \u2013 7 septembrie, valorile termice medii sunt estimate s\u0103 fie mai ridicate dec\u00e2t cele normale pentru aceast\u0103 perioad\u0103 \u00een regiunile vestice \u0219i sud-vestice \u0219i, local, \u00een centrul \u021b\u0103rii.<\/p>\n\n\n\n<p>\u00cen restul teritoriului, temperaturile se vor situa \u00een jurul mediilor multianuale.<\/p>\n\n\n\n<p>\u00cen ceea ce prive\u0219te precipita\u021biile, cantit\u0103\u021bile vor fi excedentare \u00een nord-est \u0219i local \u00een centrul \u021b\u0103rii. \u00cen celelalte regiuni, regimul pluviometric va fi apropiat de cel normal, fiind posibil un u\u0219or deficit de precipita\u021bii \u00een vest.<\/p>\n\n\n\n<h3 class=\"wp-block-heading\" id=\"temperaturile-ridicate-continua-intre-7-si-14-septembrie\"><a href=\"https:\/\/www.capital.ro\/anm-anunta-canicula-in-ultima-zi-de-vara-cod-galben-si-temperaturi-de-pana-la-37-de-grade.html#temperaturile-ridicate-continua-intre-7-si-14-septembrie\">Temperaturile ridicate continu\u0103 \u00eentre 7 \u0219i 14 septembrie<\/a><\/h3>\n\n\n\n<p>\u00cen s\u0103pt\u0103m\u00e2na 7 \u2013 14 septembrie, temperaturile medii vor continua s\u0103 fie mai ridicate dec\u00e2t cele specifice perioadei \u00een regiunile vestice \u0219i sud-vestice.<\/p>\n\n\n\n<p>\u00cen restul \u021b\u0103rii, valorile termice medii se vor situa \u00een jurul celor normale pentru acest interval.<\/p>\n\n\n\n<p>Cantit\u0103\u021bile de precipita\u021bii vor fi deficitare \u00een vestul,<a href=\"https:\/\/www.capital.ro\/seceta-extrema-in-culturile-de-porumb-rezerva-de-apa-din-sol-la-niveluri-foarte-scazute-in-mare-parte-din-tara.html\" target=\"_blank\" rel=\"noreferrer noopener\">&nbsp;sud-vestul<\/a>&nbsp;\u0219i centrul \u021b\u0103rii, iar \u00een celelalte regiuni vor fi apropiate de cele normale.<\/p>\n\n\n\n<h3 class=\"wp-block-heading\" id=\"vreme-mai-calda-decat-normal-in-toata-romania\"><a href=\"https:\/\/www.capital.ro\/anm-anunta-canicula-in-ultima-zi-de-vara-cod-galben-si-temperaturi-de-pana-la-37-de-grade.html#vreme-mai-calda-decat-normal-in-toata-romania\">Vreme mai cald\u0103 dec\u00e2t normal \u00een toat\u0103 Rom\u00e2nia<\/a><\/h3>\n\n\n\n<p>Pentru intervalul 14 \u2013 21 septembrie, temperatura medie a aerului este estimat\u0103 s\u0103 fie mai ridicat\u0103 dec\u00e2t normalul climatologic \u00een toate regiunile \u021b\u0103rii.<\/p>\n\n\n\n<p>Regimul pluviometric va fi, \u00een general, apropiat de normele specifice perioadei \u00een majoritatea regiunilor.<\/p>\n\n\n\n<p>Tendin\u021ba va continua \u0219i \u00een s\u0103pt\u0103m\u00e2na 21 \u2013 28 septembrie, c\u00e2nd temperaturile sunt estimate s\u0103 se men\u021bin\u0103 peste valorile normale pentru aceast\u0103 perioad\u0103 \u00een \u00eentreaga \u021bar\u0103.<\/p>\n\n\n\n<p>\u00cen privin\u021ba precipita\u021biilor, cantit\u0103\u021bile estimate vor fi apropiate de normele&nbsp;<a href=\"https:\/\/www.capital.ro\/prognoza-meteo-pentru-urmatoarele-4-saptamani-anm-anunta-zonele-din-romania-in-care-caldura-persista-in-septembrie.html\" target=\"_blank\" rel=\"noreferrer noopener\">climatologice<\/a>&nbsp;\u00een majoritatea regiunilor.<\/p>\n\n\n\n<p>Astfel, dup\u0103 o ultim\u0103 zi de var\u0103 cu temperaturi de p\u00e2n\u0103 la 37 de grade, prima lun\u0103 de toamn\u0103 este estimat\u0103 s\u0103 p\u0103streze un regim termic ridicat, cu temperaturi peste cele obi\u0219nuite pentru aceast\u0103 perioad\u0103 \u00een numeroase regiuni.<\/p>\n\n\n\n<p>Sursa: capital<\/p>\n","protected":false},"excerpt":{"rendered":"<p>Din cuprinsul articolului Ultima zi de var\u0103 vine cu temperaturi deosebit de ridicate \u00een mai multe regiuni ale \u021b\u0103rii. Pentru<\/p>\n","protected":false},"author":1,"featured_media":140395,"comment_status":"open","ping_status":"closed","sticky":false,"template":"","format":"standard","meta":{"spay_email":"","footnotes":"","jetpack_publicize_message":""},"categories":[6],"tags":[],"class_list":["post-140710","post","type-post","status-publish","format-standard","has-post-thumbnail","hentry","category-social"],"jetpack_featured_media_url":"https:\/\/i0.wp.com\/realitatearutiera.ro\/wp-content\/uploads\/2026\/08\/image-68.png?fit=1200%2C676&ssl=1","jetpack_publicize_connections":[],"jetpack_sharing_enabled":true,"jetpack_shortlink":"https:\/\/wp.me\/p61naM-ABw","jetpack-related-posts":[],"_links":{"self":[{"href":"https:\/\/realitatearutiera.ro\/index.php?rest_route=\/wp\/v2\/posts\/140710","targetHints":{"allow":["GET"]}}],"collection":[{"href":"https:\/\/realitatearutiera.ro\/index.php?rest_route=\/wp\/v2\/posts"}],"about":[{"href":"https:\/\/realitatearutiera.ro\/index.php?rest_route=\/wp\/v2\/types\/post"}],"author":[{"embeddable":true,"href":"https:\/\/realitatearutiera.ro\/index.php?rest_route=\/wp\/v2\/users\/1"}],"replies":[{"embeddable":true,"href":"https:\/\/realitatearutiera.ro\/index.php?rest_route=%2Fwp%2Fv2%2Fcomments&post=140710"}],"version-history":[{"count":1,"href":"https:\/\/realitatearutiera.ro\/index.php?rest_route=\/wp\/v2\/posts\/140710\/revisions"}],"predecessor-version":[{"id":140711,"href":"https:\/\/realitatearutiera.ro\/index.php?rest_route=\/wp\/v2\/posts\/140710\/revisions\/140711"}],"wp:featuredmedia":[{"embeddable":true,"href":"https:\/\/realitatearutiera.ro\/index.php?rest_route=\/wp\/v2\/media\/140395"}],"wp:attachment":[{"href":"https:\/\/realitatearutiera.ro\/index.php?rest_route=%2Fwp%2Fv2%2Fmedia&parent=140710"}],"wp:term":[{"taxonomy":"category","embeddable":true,"href":"https:\/\/realitatearutiera.ro\/index.php?rest_route=%2Fwp%2Fv2%2Fcategories&post=140710"},{"taxonomy":"post_tag","embeddable":true,"href":"https:\/\/realitatearutiera.ro\/index.php?rest_route=%2Fwp%2Fv2%2Ftags&post=140710"}],"curies":[{"name":"wp","href":"https:\/\/api.w.org\/{rel}","templated":true}]}}