{"id":140718,"date":"2026-08-31T09:42:05","date_gmt":"2026-08-31T06:42:05","guid":{"rendered":"https:\/\/realitatearutiera.ro\/?p=140718"},"modified":"2026-08-31T09:42:10","modified_gmt":"2026-08-31T06:42:10","slug":"lovit-de-o-masina-dar-amendat-de-patru-ori-de-politisti","status":"publish","type":"post","link":"https:\/\/realitatearutiera.ro\/?p=140718","title":{"rendered":"Lovit de o ma\u0219in\u0103, dar amendat de patru ori de poli\u021bi\u0219ti"},"content":{"rendered":"\n<figure class=\"wp-block-image size-full is-resized\"><img loading=\"lazy\" decoding=\"async\" width=\"800\" height=\"506\" data-attachment-id=\"140719\" data-permalink=\"https:\/\/realitatearutiera.ro\/?attachment_id=140719\" data-orig-file=\"https:\/\/i0.wp.com\/realitatearutiera.ro\/wp-content\/uploads\/2026\/08\/image-123.png?fit=960%2C607&amp;ssl=1\" data-orig-size=\"960,607\" data-comments-opened=\"1\" data-image-meta=\"{&quot;aperture&quot;:&quot;0&quot;,&quot;credit&quot;:&quot;&quot;,&quot;camera&quot;:&quot;&quot;,&quot;caption&quot;:&quot;&quot;,&quot;created_timestamp&quot;:&quot;0&quot;,&quot;copyright&quot;:&quot;&quot;,&quot;focal_length&quot;:&quot;0&quot;,&quot;iso&quot;:&quot;0&quot;,&quot;shutter_speed&quot;:&quot;0&quot;,&quot;title&quot;:&quot;&quot;,&quot;orientation&quot;:&quot;0&quot;}\" data-image-title=\"image\" data-image-description=\"\" data-medium-file=\"https:\/\/i0.wp.com\/realitatearutiera.ro\/wp-content\/uploads\/2026\/08\/image-123.png?fit=300%2C190&amp;ssl=1\" data-large-file=\"https:\/\/i0.wp.com\/realitatearutiera.ro\/wp-content\/uploads\/2026\/08\/image-123.png?fit=800%2C506&amp;ssl=1\" src=\"https:\/\/i0.wp.com\/realitatearutiera.ro\/wp-content\/uploads\/2026\/08\/image-123.png?resize=800%2C506&#038;ssl=1\" alt=\"\" class=\"wp-image-140719\" style=\"width:413px;height:auto\" srcset=\"https:\/\/i0.wp.com\/realitatearutiera.ro\/wp-content\/uploads\/2026\/08\/image-123.png?w=960&amp;ssl=1 960w, https:\/\/i0.wp.com\/realitatearutiera.ro\/wp-content\/uploads\/2026\/08\/image-123.png?resize=300%2C190&amp;ssl=1 300w, https:\/\/i0.wp.com\/realitatearutiera.ro\/wp-content\/uploads\/2026\/08\/image-123.png?resize=768%2C486&amp;ssl=1 768w\" sizes=\"auto, (max-width: 800px) 100vw, 800px\" data-recalc-dims=\"1\" \/><\/figure>\n\n\n\n<p>Sear\u0103 neagr\u0103, s\u00e2mb\u0103t\u0103, pentru un b\u0103rbat de 58 de ani, din comuna \u0218cheia.<\/p>\n\n\n\n<p>Acesta circula pe o biciclet\u0103 pe drumul jude\u021bean 209C, dinspre Frumoasa spre Suceava. La un moment dat, \u00een jurul orei 21.00, a fost surprins \u0219i accidentat de un autoturism marca Opel, la volanul c\u0103ruia se afla un t\u00e2n\u0103r de 31 de ani, tot din comuna \u0218cheia.<\/p>\n\n\n\n<p>Biciclistul a fost preluat de un echipaj de ambulan\u021b\u0103 \u0219i transportat la Spitalul Clinic de Urgen\u021b\u0103 \u201cSf. Ioan cel Nou\u201c Suceava, unde a fost diagnosticat cu ,,contuzie coloan\u0103 lombar\u0103, contuzie membru inferior st\u00e2ng\u201d.<\/p>\n\n\n\n<p>At\u00e2t biciclistul, c\u00e2t \u0219i \u0219oferul au fost testa\u021bi cu aparatul etilotest, care a indicat valoarea de 0,20 \u00een cazul primului, respectiv zero pentru t\u00e2n\u0103rul cu ma\u0219ina.<\/p>\n\n\n\n<p>Pentru c\u0103 a \u00eenc\u0103lcat mai multe reguli de circula\u021bie valabile pentru bicicli\u0219ti, printre care \u0219i faptul c\u0103 nu purta vest\u0103 reflectorizant\u0103, b\u0103rbatul ajuns la spital a primit nu mai pu\u021bin de 4 amenzi, \u00een valoare total\u0103 de 2.162 de lei.<\/p>\n\n\n\n<p>Poli\u021bi\u0219tii au deschis \u0219i un dosar penal \u0219i urmeaz\u0103 s\u0103 stabileasc\u0103 acum cine se face vinovat de accidentul rutier de s\u00e2mb\u0103t\u0103 sear\u0103.<\/p>\n\n\n\n<p>Sursa\/ foto: monitorulsv<\/p>\n","protected":false},"excerpt":{"rendered":"<p>Sear\u0103 neagr\u0103, s\u00e2mb\u0103t\u0103, pentru un b\u0103rbat de 58 de ani, din comuna \u0218cheia. Acesta circula pe o biciclet\u0103 pe drumul<\/p>\n","protected":false},"author":1,"featured_media":140719,"comment_status":"open","ping_status":"closed","sticky":false,"template":"","format":"standard","meta":{"spay_email":"","footnotes":"","jetpack_publicize_message":""},"categories":[1],"tags":[],"class_list":["post-140718","post","type-post","status-publish","format-standard","has-post-thumbnail","hentry","category-uncategorized"],"jetpack_featured_media_url":"https:\/\/i0.wp.com\/realitatearutiera.ro\/wp-content\/uploads\/2026\/08\/image-123.png?fit=960%2C607&ssl=1","jetpack_publicize_connections":[],"jetpack_sharing_enabled":true,"jetpack_shortlink":"https:\/\/wp.me\/p61naM-ABE","jetpack-related-posts":[],"_links":{"self":[{"href":"https:\/\/realitatearutiera.ro\/index.php?rest_route=\/wp\/v2\/posts\/140718","targetHints":{"allow":["GET"]}}],"collection":[{"href":"https:\/\/realitatearutiera.ro\/index.php?rest_route=\/wp\/v2\/posts"}],"about":[{"href":"https:\/\/realitatearutiera.ro\/index.php?rest_route=\/wp\/v2\/types\/post"}],"author":[{"embeddable":true,"href":"https:\/\/realitatearutiera.ro\/index.php?rest_route=\/wp\/v2\/users\/1"}],"replies":[{"embeddable":true,"href":"https:\/\/realitatearutiera.ro\/index.php?rest_route=%2Fwp%2Fv2%2Fcomments&post=140718"}],"version-history":[{"count":1,"href":"https:\/\/realitatearutiera.ro\/index.php?rest_route=\/wp\/v2\/posts\/140718\/revisions"}],"predecessor-version":[{"id":140720,"href":"https:\/\/realitatearutiera.ro\/index.php?rest_route=\/wp\/v2\/posts\/140718\/revisions\/140720"}],"wp:featuredmedia":[{"embeddable":true,"href":"https:\/\/realitatearutiera.ro\/index.php?rest_route=\/wp\/v2\/media\/140719"}],"wp:attachment":[{"href":"https:\/\/realitatearutiera.ro\/index.php?rest_route=%2Fwp%2Fv2%2Fmedia&parent=140718"}],"wp:term":[{"taxonomy":"category","embeddable":true,"href":"https:\/\/realitatearutiera.ro\/index.php?rest_route=%2Fwp%2Fv2%2Fcategories&post=140718"},{"taxonomy":"post_tag","embeddable":true,"href":"https:\/\/realitatearutiera.ro\/index.php?rest_route=%2Fwp%2Fv2%2Ftags&post=140718"}],"curies":[{"name":"wp","href":"https:\/\/api.w.org\/{rel}","templated":true}]}}