{"id":140721,"date":"2026-08-31T09:47:28","date_gmt":"2026-08-31T06:47:28","guid":{"rendered":"https:\/\/realitatearutiera.ro\/?p=140721"},"modified":"2026-08-31T09:47:31","modified_gmt":"2026-08-31T06:47:31","slug":"scene-de-cosmar-in-zorii-zilei-masina-distrusa-sofer-incarcerat","status":"publish","type":"post","link":"https:\/\/realitatearutiera.ro\/?p=140721","title":{"rendered":"Scene de co\u0219mar \u00een zorii zilei: ma\u0219in\u0103 distrus\u0103, \u0219ofer \u00eencarcerat"},"content":{"rendered":"\n<figure class=\"wp-block-image size-full\"><img loading=\"lazy\" decoding=\"async\" width=\"696\" height=\"322\" data-attachment-id=\"140722\" data-permalink=\"https:\/\/realitatearutiera.ro\/?attachment_id=140722\" data-orig-file=\"https:\/\/i1.wp.com\/realitatearutiera.ro\/wp-content\/uploads\/2026\/08\/image-124.png?fit=696%2C322&amp;ssl=1\" data-orig-size=\"696,322\" data-comments-opened=\"1\" data-image-meta=\"{&quot;aperture&quot;:&quot;0&quot;,&quot;credit&quot;:&quot;&quot;,&quot;camera&quot;:&quot;&quot;,&quot;caption&quot;:&quot;&quot;,&quot;created_timestamp&quot;:&quot;0&quot;,&quot;copyright&quot;:&quot;&quot;,&quot;focal_length&quot;:&quot;0&quot;,&quot;iso&quot;:&quot;0&quot;,&quot;shutter_speed&quot;:&quot;0&quot;,&quot;title&quot;:&quot;&quot;,&quot;orientation&quot;:&quot;0&quot;}\" data-image-title=\"image\" data-image-description=\"\" data-medium-file=\"https:\/\/i1.wp.com\/realitatearutiera.ro\/wp-content\/uploads\/2026\/08\/image-124.png?fit=300%2C139&amp;ssl=1\" data-large-file=\"https:\/\/i1.wp.com\/realitatearutiera.ro\/wp-content\/uploads\/2026\/08\/image-124.png?fit=696%2C322&amp;ssl=1\" src=\"https:\/\/i1.wp.com\/realitatearutiera.ro\/wp-content\/uploads\/2026\/08\/image-124.png?resize=696%2C322&#038;ssl=1\" alt=\"\" class=\"wp-image-140722\" srcset=\"https:\/\/i1.wp.com\/realitatearutiera.ro\/wp-content\/uploads\/2026\/08\/image-124.png?w=696&amp;ssl=1 696w, https:\/\/i1.wp.com\/realitatearutiera.ro\/wp-content\/uploads\/2026\/08\/image-124.png?resize=300%2C139&amp;ssl=1 300w\" sizes=\"auto, (max-width: 696px) 100vw, 696px\" data-recalc-dims=\"1\" \/><\/figure>\n\n\n\n<p><strong>Un t\u00e2n\u0103r a ajuns la Urgen\u021be \u0219i o ma\u0219in\u0103 a fost f\u0103cut\u0103 praf dup\u0103 un accident produs aproape de ora\u0219. Accidentul rutier s-a produs pe raza localit\u0103\u021bii Ro\u0219iori, \u00een zorii zilei. \u00cen eveniment a fost implicat un singur autoturism.<\/strong><\/p>\n\n\n\n<p>La caz au ajuns, \u00een cel mai scurt timp, pompierii militari din cadrul Deta\u0219amentului Boto\u0219ani, cu o autospecial\u0103 de stingere \u0219i una de descarcerare, precum \u0219i un echipaj apar\u021bin\u00e2nd Serviciului Jude\u021bean de Ambulan\u021b\u0103 Boto\u0219ani.<\/p>\n\n\n\n<p>Salvatorii au constatat c\u0103 \u0219oferul autoturismului se afla \u00een interiorul ma\u0219inii, fiind con\u0219tient \u0219i cooperant. Acesta a fost scos din autoturism de c\u0103tre salvatori \u0219i preluat de echipajul medical. T\u00e2n\u0103rul, \u00een v\u00e2rst\u0103 de 23 de ani, a fost transportat la spital pentru acordarea \u00eengrijirilor medicale de specialitate.<\/p>\n\n\n\n<p>Pompierii au ac\u021bionat pentru asigurarea m\u0103surilor de prevenire a incendiilor.<\/p>\n\n\n\n<p>Pentru a evita astfel de evenimente, ISU Boto\u0219ani recomand\u0103 conduc\u0103torilor auto s\u0103 manifeste pruden\u021b\u0103 la volan \u0219i s\u0103 respecte regulile de circula\u021bie, pentru siguran\u021ba proprie \u0219i a celorlal\u021bi participan\u021bi la trafic.<\/p>\n\n\n\n<p>Autoturismul extrem de avariat a fost preluat pe o platform\u0103 SOS Savencu \u0219i transportat pentru evaluare.<\/p>\n\n\n\n<p>Sursa\/ foto: monitorulbt<\/p>\n","protected":false},"excerpt":{"rendered":"<p>Un t\u00e2n\u0103r a ajuns la Urgen\u021be \u0219i o ma\u0219in\u0103 a fost f\u0103cut\u0103 praf dup\u0103 un accident produs aproape de ora\u0219.<\/p>\n","protected":false},"author":1,"featured_media":140722,"comment_status":"open","ping_status":"closed","sticky":false,"template":"","format":"standard","meta":{"spay_email":"","footnotes":"","jetpack_publicize_message":""},"categories":[1],"tags":[],"class_list":["post-140721","post","type-post","status-publish","format-standard","has-post-thumbnail","hentry","category-uncategorized"],"jetpack_featured_media_url":"https:\/\/i1.wp.com\/realitatearutiera.ro\/wp-content\/uploads\/2026\/08\/image-124.png?fit=696%2C322&ssl=1","jetpack_publicize_connections":[],"jetpack_sharing_enabled":true,"jetpack_shortlink":"https:\/\/wp.me\/p61naM-ABH","jetpack-related-posts":[],"_links":{"self":[{"href":"https:\/\/realitatearutiera.ro\/index.php?rest_route=\/wp\/v2\/posts\/140721","targetHints":{"allow":["GET"]}}],"collection":[{"href":"https:\/\/realitatearutiera.ro\/index.php?rest_route=\/wp\/v2\/posts"}],"about":[{"href":"https:\/\/realitatearutiera.ro\/index.php?rest_route=\/wp\/v2\/types\/post"}],"author":[{"embeddable":true,"href":"https:\/\/realitatearutiera.ro\/index.php?rest_route=\/wp\/v2\/users\/1"}],"replies":[{"embeddable":true,"href":"https:\/\/realitatearutiera.ro\/index.php?rest_route=%2Fwp%2Fv2%2Fcomments&post=140721"}],"version-history":[{"count":1,"href":"https:\/\/realitatearutiera.ro\/index.php?rest_route=\/wp\/v2\/posts\/140721\/revisions"}],"predecessor-version":[{"id":140723,"href":"https:\/\/realitatearutiera.ro\/index.php?rest_route=\/wp\/v2\/posts\/140721\/revisions\/140723"}],"wp:featuredmedia":[{"embeddable":true,"href":"https:\/\/realitatearutiera.ro\/index.php?rest_route=\/wp\/v2\/media\/140722"}],"wp:attachment":[{"href":"https:\/\/realitatearutiera.ro\/index.php?rest_route=%2Fwp%2Fv2%2Fmedia&parent=140721"}],"wp:term":[{"taxonomy":"category","embeddable":true,"href":"https:\/\/realitatearutiera.ro\/index.php?rest_route=%2Fwp%2Fv2%2Fcategories&post=140721"},{"taxonomy":"post_tag","embeddable":true,"href":"https:\/\/realitatearutiera.ro\/index.php?rest_route=%2Fwp%2Fv2%2Ftags&post=140721"}],"curies":[{"name":"wp","href":"https:\/\/api.w.org\/{rel}","templated":true}]}}