{"id":140724,"date":"2026-08-31T09:50:29","date_gmt":"2026-08-31T06:50:29","guid":{"rendered":"https:\/\/realitatearutiera.ro\/?p=140724"},"modified":"2026-08-31T09:50:32","modified_gmt":"2026-08-31T06:50:32","slug":"beat-crita-la-volan-accident-chiar-langa-politia-rutiera","status":"publish","type":"post","link":"https:\/\/realitatearutiera.ro\/?p=140724","title":{"rendered":"Beat cri\u021b\u0103 la volan, accident chiar l\u00e2ng\u0103 Poli\u021bia Rutier\u0103"},"content":{"rendered":"\n<figure class=\"wp-block-image size-full\"><img loading=\"lazy\" decoding=\"async\" width=\"696\" height=\"322\" data-attachment-id=\"140725\" data-permalink=\"https:\/\/realitatearutiera.ro\/?attachment_id=140725\" data-orig-file=\"https:\/\/i2.wp.com\/realitatearutiera.ro\/wp-content\/uploads\/2026\/08\/image-125.png?fit=696%2C322&amp;ssl=1\" data-orig-size=\"696,322\" data-comments-opened=\"1\" data-image-meta=\"{&quot;aperture&quot;:&quot;0&quot;,&quot;credit&quot;:&quot;&quot;,&quot;camera&quot;:&quot;&quot;,&quot;caption&quot;:&quot;&quot;,&quot;created_timestamp&quot;:&quot;0&quot;,&quot;copyright&quot;:&quot;&quot;,&quot;focal_length&quot;:&quot;0&quot;,&quot;iso&quot;:&quot;0&quot;,&quot;shutter_speed&quot;:&quot;0&quot;,&quot;title&quot;:&quot;&quot;,&quot;orientation&quot;:&quot;0&quot;}\" data-image-title=\"image\" data-image-description=\"\" data-medium-file=\"https:\/\/i2.wp.com\/realitatearutiera.ro\/wp-content\/uploads\/2026\/08\/image-125.png?fit=300%2C139&amp;ssl=1\" data-large-file=\"https:\/\/i2.wp.com\/realitatearutiera.ro\/wp-content\/uploads\/2026\/08\/image-125.png?fit=696%2C322&amp;ssl=1\" src=\"https:\/\/i2.wp.com\/realitatearutiera.ro\/wp-content\/uploads\/2026\/08\/image-125.png?resize=696%2C322&#038;ssl=1\" alt=\"\" class=\"wp-image-140725\" srcset=\"https:\/\/i2.wp.com\/realitatearutiera.ro\/wp-content\/uploads\/2026\/08\/image-125.png?w=696&amp;ssl=1 696w, https:\/\/i2.wp.com\/realitatearutiera.ro\/wp-content\/uploads\/2026\/08\/image-125.png?resize=300%2C139&amp;ssl=1 300w\" sizes=\"auto, (max-width: 696px) 100vw, 696px\" data-recalc-dims=\"1\" \/><\/figure>\n\n\n\n<p><strong>Un \u0219ofer cu o alcoolemie uria\u0219\u0103 a provocat un accident la c\u00e2\u021biva pa\u0219i de sediul Poli\u021biei Rutiere Boto\u0219ani. Acesta s-a oprit cu ma\u0219ina \u00eentr-un gard, din cauza st\u0103rii avansate de ebrietate.&nbsp;<\/strong><\/p>\n\n\n\n<p>Un incident rutier care sfideaz\u0103 orice logic\u0103 a avut loc \u00een municipiul Boto\u0219ani, demonstr\u00e2nd \u00eenc\u0103 o dat\u0103 pericolele majore ale consumului de alcool la volan.<\/p>\n\n\n\n<p>Un b\u0103rbat a provocat un accident soldat cu pagube importante, iar partea cu adev\u0103rat \u0219ocant\u0103 este loca\u021bia aleas\u0103 parc\u0103 inten\u021bionat de destin: la doar c\u00e2teva zeci de metri de poarta sediului Poli\u021biei Rutiere.<\/p>\n\n\n\n<h2 class=\"wp-block-heading\"><strong>Filmul evenimentului<\/strong><\/h2>\n\n\n\n<p>Conform informa\u021biilor oficiale, protagonistul acestui eveniment este un b\u0103rbat \u00een v\u00e2rst\u0103 de 65 de ani, din municipiul Boto\u0219ani. Acesta se deplasa la volanul unui SUV de culoare ro\u0219ie pe strada Calea Na\u021bional\u0103, pe sensul de mers dinspre localitatea C\u0103t\u0103m\u0103r\u0103\u0219ti-Deal c\u0103tre strada Manole\u0219ti-Deal.<\/p>\n\n\n\n<p>Dezastrul s-a produs \u00een momentul \u00een care \u0219oferul a ajuns la intersec\u021bia cu strada Corni\u0219a. \u00cen \u00eencercarea de a efectua un viraj la dreapta, b\u0103rbatul a pierdut complet controlul asupra volanului.<\/p>\n\n\n\n<p>Autoturismul a deviat de la traiectoria normal\u0103 \u0219i a intrat \u00eentr-o coliziune violent\u0103 cu gardul unui imobil din zon\u0103.<\/p>\n\n\n\n<h2 class=\"wp-block-heading\"><strong>Accident cu alcoolemie uria\u0219\u0103 sub \u201enasul\u201d poli\u021bi\u0219tilor<\/strong><\/h2>\n\n\n\n<p>Misterul pierderii controlului a fost elucidat imediat ce agen\u021bii de la Rutier\u0103 au intervenit. Un lucru deloc dificil, av\u00e2nd \u00een vedere proximitatea accidentului fa\u021b\u0103 de sediul lor.&nbsp;<em><strong>\u201eLa testarea cu aparatul etilotest a rezultat o valoare de 1,34 mg\/l alcool pur \u00een aerul expirat\u201d<\/strong><\/em>, a precizat agent Gabriela Ocu, din cadrul Serviciului Cabinet \u2013 Compartimentul Rela\u021bii Publice al IPJ Boto\u0219ani.<\/p>\n\n\n\n<p>Aceast\u0103 valoare indic\u0103 o stare avansat\u0103 de ebrietate, transform\u00e2nd \u0219oferul \u00eentr-un pericol public iminent.<\/p>\n\n\n\n<h2 class=\"wp-block-heading\"><strong>Imaginile dezastrului<\/strong><\/h2>\n\n\n\n<p>Avariile suferite de autoturism stau m\u0103rturie for\u021bei impactului, a\u0219a cum se poate observa \u00een materialele de la fa\u021ba locului. SUV a ajuns cu partea dreapt\u0103-fa\u021b\u0103 grav avariat\u0103, bara de protec\u021bie smuls\u0103 \u0219i elemente de caroserie distruse.<\/p>\n\n\n\n<p>Faptul c\u0103 un \u0219ofer cu o asemenea alcoolemie a circulat pe una dintre arterele principale ale ora\u0219ului, oprindu-se fix \u00een apropierea Poli\u021biei Rutiere, reprezint\u0103 un semnal de alarm\u0103 serios.<\/p>\n\n\n\n<p>B\u0103rbatul de 65 de ani urmeaz\u0103 s\u0103 suporte rigorile legii, aleg\u00e2ndu-se, cel mai probabil, cu un dosar penal pentru conducere sub influen\u021ba b\u0103uturilor alcoolice \u0219i distrugere.<\/p>\n\n\n\n<p>Autoturismul extrem de avariat a fost ulterior preluat pe o platform\u0103 SOS Savencu \u0219i transportat pentru evaluare.<\/p>\n\n\n\n<p>Sursa: monitorulbt<\/p>\n","protected":false},"excerpt":{"rendered":"<p>Un \u0219ofer cu o alcoolemie uria\u0219\u0103 a provocat un accident la c\u00e2\u021biva pa\u0219i de sediul Poli\u021biei Rutiere Boto\u0219ani. Acesta s-a<\/p>\n","protected":false},"author":1,"featured_media":139988,"comment_status":"open","ping_status":"closed","sticky":false,"template":"","format":"standard","meta":{"spay_email":"","footnotes":"","jetpack_publicize_message":""},"categories":[1],"tags":[],"class_list":["post-140724","post","type-post","status-publish","format-standard","has-post-thumbnail","hentry","category-uncategorized"],"jetpack_featured_media_url":"https:\/\/i2.wp.com\/realitatearutiera.ro\/wp-content\/uploads\/2026\/08\/Accident_1750273902787.jpg?fit=1600%2C900&ssl=1","jetpack_publicize_connections":[],"jetpack_sharing_enabled":true,"jetpack_shortlink":"https:\/\/wp.me\/p61naM-ABK","jetpack-related-posts":[],"_links":{"self":[{"href":"https:\/\/realitatearutiera.ro\/index.php?rest_route=\/wp\/v2\/posts\/140724","targetHints":{"allow":["GET"]}}],"collection":[{"href":"https:\/\/realitatearutiera.ro\/index.php?rest_route=\/wp\/v2\/posts"}],"about":[{"href":"https:\/\/realitatearutiera.ro\/index.php?rest_route=\/wp\/v2\/types\/post"}],"author":[{"embeddable":true,"href":"https:\/\/realitatearutiera.ro\/index.php?rest_route=\/wp\/v2\/users\/1"}],"replies":[{"embeddable":true,"href":"https:\/\/realitatearutiera.ro\/index.php?rest_route=%2Fwp%2Fv2%2Fcomments&post=140724"}],"version-history":[{"count":1,"href":"https:\/\/realitatearutiera.ro\/index.php?rest_route=\/wp\/v2\/posts\/140724\/revisions"}],"predecessor-version":[{"id":140726,"href":"https:\/\/realitatearutiera.ro\/index.php?rest_route=\/wp\/v2\/posts\/140724\/revisions\/140726"}],"wp:featuredmedia":[{"embeddable":true,"href":"https:\/\/realitatearutiera.ro\/index.php?rest_route=\/wp\/v2\/media\/139988"}],"wp:attachment":[{"href":"https:\/\/realitatearutiera.ro\/index.php?rest_route=%2Fwp%2Fv2%2Fmedia&parent=140724"}],"wp:term":[{"taxonomy":"category","embeddable":true,"href":"https:\/\/realitatearutiera.ro\/index.php?rest_route=%2Fwp%2Fv2%2Fcategories&post=140724"},{"taxonomy":"post_tag","embeddable":true,"href":"https:\/\/realitatearutiera.ro\/index.php?rest_route=%2Fwp%2Fv2%2Ftags&post=140724"}],"curies":[{"name":"wp","href":"https:\/\/api.w.org\/{rel}","templated":true}]}}