{"id":140730,"date":"2026-08-31T09:58:49","date_gmt":"2026-08-31T06:58:49","guid":{"rendered":"https:\/\/realitatearutiera.ro\/?p=140730"},"modified":"2026-08-31T09:58:51","modified_gmt":"2026-08-31T06:58:51","slug":"accident-in-dej-autobuz-si-autoutilitara-implicate-un-barbat-a-ajuns-la-spital","status":"publish","type":"post","link":"https:\/\/realitatearutiera.ro\/?p=140730","title":{"rendered":"Accident \u00een Dej: autobuz \u0219i autoutilitar\u0103 implicate, un b\u0103rbat a ajuns la spital"},"content":{"rendered":"\n<figure class=\"wp-block-image size-large is-resized\"><img loading=\"lazy\" decoding=\"async\" width=\"800\" height=\"443\" data-attachment-id=\"140731\" data-permalink=\"https:\/\/realitatearutiera.ro\/?attachment_id=140731\" data-orig-file=\"https:\/\/i0.wp.com\/realitatearutiera.ro\/wp-content\/uploads\/2026\/08\/image-127.png?fit=1620%2C897&amp;ssl=1\" data-orig-size=\"1620,897\" data-comments-opened=\"1\" data-image-meta=\"{&quot;aperture&quot;:&quot;0&quot;,&quot;credit&quot;:&quot;&quot;,&quot;camera&quot;:&quot;&quot;,&quot;caption&quot;:&quot;&quot;,&quot;created_timestamp&quot;:&quot;0&quot;,&quot;copyright&quot;:&quot;&quot;,&quot;focal_length&quot;:&quot;0&quot;,&quot;iso&quot;:&quot;0&quot;,&quot;shutter_speed&quot;:&quot;0&quot;,&quot;title&quot;:&quot;&quot;,&quot;orientation&quot;:&quot;0&quot;}\" data-image-title=\"image\" data-image-description=\"\" data-medium-file=\"https:\/\/i0.wp.com\/realitatearutiera.ro\/wp-content\/uploads\/2026\/08\/image-127.png?fit=300%2C166&amp;ssl=1\" data-large-file=\"https:\/\/i0.wp.com\/realitatearutiera.ro\/wp-content\/uploads\/2026\/08\/image-127.png?fit=800%2C443&amp;ssl=1\" src=\"https:\/\/i1.wp.com\/realitatearutiera.ro\/wp-content\/uploads\/2026\/08\/image-127-1024x567.png?resize=800%2C443&#038;ssl=1\" alt=\"\" class=\"wp-image-140731\" style=\"aspect-ratio:1.8060268082104343;width:524px;height:auto\" srcset=\"https:\/\/i0.wp.com\/realitatearutiera.ro\/wp-content\/uploads\/2026\/08\/image-127.png?resize=1024%2C567&amp;ssl=1 1024w, https:\/\/i0.wp.com\/realitatearutiera.ro\/wp-content\/uploads\/2026\/08\/image-127.png?resize=300%2C166&amp;ssl=1 300w, https:\/\/i0.wp.com\/realitatearutiera.ro\/wp-content\/uploads\/2026\/08\/image-127.png?resize=768%2C425&amp;ssl=1 768w, https:\/\/i0.wp.com\/realitatearutiera.ro\/wp-content\/uploads\/2026\/08\/image-127.png?resize=1536%2C850&amp;ssl=1 1536w, https:\/\/i0.wp.com\/realitatearutiera.ro\/wp-content\/uploads\/2026\/08\/image-127.png?w=1620&amp;ssl=1 1620w\" sizes=\"auto, (max-width: 800px) 100vw, 800px\" data-recalc-dims=\"1\" \/><\/figure>\n\n\n\n<p id=\"p-1\"><strong>Un accident rutier \u00een care au fost implicate un autobuz \u0219i o autoutilitar\u0103 s-a produs luni diminea\u021b\u0103 pe strada Bistri\u021bei din municipiul Dej. Un b\u0103rbat aflat \u00een autoutilitar\u0103 a fost transportat la spital.<\/strong><\/p>\n\n\n\n<p id=\"p-2\">Pompierii Deta\u0219amentului Dej au fost solicita\u021bi s\u0103 intervin\u0103 \u00een jurul orei 06:20. La locul accidentului au fost trimise o autospecial\u0103 dotat\u0103 cu modul de descarcerare \u0219i o ambulan\u021b\u0103 SMURD.<\/p>\n\n\n\n<p id=\"p-3\">\u00cen urma impactului, un singur b\u0103rbat, aflat \u00een autoutilitar\u0103, a avut nevoie de \u00eengrijiri medicale.<\/p>\n\n\n\n<p id=\"p-4\">Potrivit pompierilor, acesta a fost \u00een permanen\u021b\u0103 con\u0219tient \u0219i cooperant. B\u0103rbatul a fost preluat de echipajul Serviciului de Ambulan\u021b\u0103 Jude\u021bean \u0219i transportat la spital pentru investiga\u021bii suplimentare \u0219i tratament de specialitate.<\/p>\n\n\n\n<p id=\"p-5\">Nu au fost anun\u021bate alte persoane care s\u0103 necesite \u00eengrijiri medicale \u00een urma accidentului.<\/p>\n\n\n\n<figure class=\"wp-block-image\"><img decoding=\"async\" src=\"https:\/\/i0.wp.com\/cdn.cluj24.ro\/wp-content\/uploads\/2026\/08\/395ede6d-cda8-426b-8d0c-b1aa5edf315b.jpg?w=800&#038;ssl=1\" alt=\"Ambulan\u021b\u0103 \u0219i echipaj de interven\u021bie la locul unui accident rutier \u00eentre un autobuz \u0219i o autoutilitar\u0103 \u00een Dej, cu persoane implicate \u0219i interven\u021bie de urgen\u021b\u0103.\" class=\"wp-image-302959\" data-recalc-dims=\"1\"\/><\/figure>\n\n\n\n<p>Sursa: cluj24<\/p>\n","protected":false},"excerpt":{"rendered":"<p>Un accident rutier \u00een care au fost implicate un autobuz \u0219i o autoutilitar\u0103 s-a produs luni diminea\u021b\u0103 pe strada Bistri\u021bei<\/p>\n","protected":false},"author":1,"featured_media":116078,"comment_status":"open","ping_status":"closed","sticky":false,"template":"","format":"standard","meta":{"spay_email":"","footnotes":"","jetpack_publicize_message":""},"categories":[1],"tags":[],"class_list":["post-140730","post","type-post","status-publish","format-standard","has-post-thumbnail","hentry","category-uncategorized"],"jetpack_featured_media_url":"https:\/\/i1.wp.com\/realitatearutiera.ro\/wp-content\/uploads\/2024\/09\/accident.jpg?fit=630%2C365&ssl=1","jetpack_publicize_connections":[],"jetpack_sharing_enabled":true,"jetpack_shortlink":"https:\/\/wp.me\/p61naM-ABQ","jetpack-related-posts":[],"_links":{"self":[{"href":"https:\/\/realitatearutiera.ro\/index.php?rest_route=\/wp\/v2\/posts\/140730","targetHints":{"allow":["GET"]}}],"collection":[{"href":"https:\/\/realitatearutiera.ro\/index.php?rest_route=\/wp\/v2\/posts"}],"about":[{"href":"https:\/\/realitatearutiera.ro\/index.php?rest_route=\/wp\/v2\/types\/post"}],"author":[{"embeddable":true,"href":"https:\/\/realitatearutiera.ro\/index.php?rest_route=\/wp\/v2\/users\/1"}],"replies":[{"embeddable":true,"href":"https:\/\/realitatearutiera.ro\/index.php?rest_route=%2Fwp%2Fv2%2Fcomments&post=140730"}],"version-history":[{"count":1,"href":"https:\/\/realitatearutiera.ro\/index.php?rest_route=\/wp\/v2\/posts\/140730\/revisions"}],"predecessor-version":[{"id":140732,"href":"https:\/\/realitatearutiera.ro\/index.php?rest_route=\/wp\/v2\/posts\/140730\/revisions\/140732"}],"wp:featuredmedia":[{"embeddable":true,"href":"https:\/\/realitatearutiera.ro\/index.php?rest_route=\/wp\/v2\/media\/116078"}],"wp:attachment":[{"href":"https:\/\/realitatearutiera.ro\/index.php?rest_route=%2Fwp%2Fv2%2Fmedia&parent=140730"}],"wp:term":[{"taxonomy":"category","embeddable":true,"href":"https:\/\/realitatearutiera.ro\/index.php?rest_route=%2Fwp%2Fv2%2Fcategories&post=140730"},{"taxonomy":"post_tag","embeddable":true,"href":"https:\/\/realitatearutiera.ro\/index.php?rest_route=%2Fwp%2Fv2%2Ftags&post=140730"}],"curies":[{"name":"wp","href":"https:\/\/api.w.org\/{rel}","templated":true}]}}