{"id":140739,"date":"2026-08-31T10:27:15","date_gmt":"2026-08-31T07:27:15","guid":{"rendered":"https:\/\/realitatearutiera.ro\/?p=140739"},"modified":"2026-08-31T10:27:18","modified_gmt":"2026-08-31T07:27:18","slug":"31-august-ziua-limbii-romane-4","status":"publish","type":"post","link":"https:\/\/realitatearutiera.ro\/?p=140739","title":{"rendered":"31 august \u2013 Ziua Limbii Rom\u00e2ne"},"content":{"rendered":"\n<figure class=\"wp-block-image size-full is-resized\"><img loading=\"lazy\" decoding=\"async\" width=\"597\" height=\"335\" data-attachment-id=\"140740\" data-permalink=\"https:\/\/realitatearutiera.ro\/?attachment_id=140740\" data-orig-file=\"https:\/\/i1.wp.com\/realitatearutiera.ro\/wp-content\/uploads\/2026\/08\/image-130.png?fit=597%2C335&amp;ssl=1\" data-orig-size=\"597,335\" data-comments-opened=\"1\" data-image-meta=\"{&quot;aperture&quot;:&quot;0&quot;,&quot;credit&quot;:&quot;&quot;,&quot;camera&quot;:&quot;&quot;,&quot;caption&quot;:&quot;&quot;,&quot;created_timestamp&quot;:&quot;0&quot;,&quot;copyright&quot;:&quot;&quot;,&quot;focal_length&quot;:&quot;0&quot;,&quot;iso&quot;:&quot;0&quot;,&quot;shutter_speed&quot;:&quot;0&quot;,&quot;title&quot;:&quot;&quot;,&quot;orientation&quot;:&quot;0&quot;}\" data-image-title=\"image\" data-image-description=\"\" data-medium-file=\"https:\/\/i1.wp.com\/realitatearutiera.ro\/wp-content\/uploads\/2026\/08\/image-130.png?fit=300%2C168&amp;ssl=1\" data-large-file=\"https:\/\/i1.wp.com\/realitatearutiera.ro\/wp-content\/uploads\/2026\/08\/image-130.png?fit=597%2C335&amp;ssl=1\" src=\"https:\/\/i1.wp.com\/realitatearutiera.ro\/wp-content\/uploads\/2026\/08\/image-130.png?resize=597%2C335&#038;ssl=1\" alt=\"\" class=\"wp-image-140740\" style=\"width:232px;height:auto\" srcset=\"https:\/\/i1.wp.com\/realitatearutiera.ro\/wp-content\/uploads\/2026\/08\/image-130.png?w=597&amp;ssl=1 597w, https:\/\/i1.wp.com\/realitatearutiera.ro\/wp-content\/uploads\/2026\/08\/image-130.png?resize=300%2C168&amp;ssl=1 300w\" sizes=\"auto, (max-width: 597px) 100vw, 597px\" data-recalc-dims=\"1\" \/><\/figure>\n\n\n\n<h2 class=\"wp-block-heading\">Ziua Limbii Rom\u00e2ne este s\u0103rb\u0103torit\u0103 \u00een Rom\u00e2nia \u00eencep\u00e2nd din 2013, la 31 august, fiind instituit\u0103 prin Legea 53\/2013, \u00eens\u0103 \u00een Republica Moldova se s\u0103rb\u0103tore\u0219te \u00eenc\u0103 din 1990, \u00eenainte de independen\u021ba \u021b\u0103rii, proclamat\u0103 la 27 august 1991.<\/h2>\n\n\n\n<p>La 27 august 1989, a avut loc la Chi\u0219in\u0103u o Mare Adunare Na\u021bional\u0103, la care au participat aproximativ 750.000 de oameni (video jos), circa o \u0219esime din popula\u021bia de atunci a Republicii Sovietice Socialiste Moldovene\u0219tii (RSSM). \u00cen cadrul Adun\u0103rii, s-a cerut declararea limbii rom\u00e2ne ca limb\u0103 de stat \u00een RSSM, precum \u0219i trecerea la grafia latin\u0103.&nbsp;<\/p>\n\n\n\n<p>Sub impulsul Marii Adun\u0103ri Na\u021bionale de la 27 august 1989, Sovietul Suprem al RSSM a votat, la 31 august 1989, legea prin care limba rom\u00e2n\u0103 a devenit limb\u0103 oficial\u0103 pe teritoriul Republicii, precum \u0219i legea care prevedea revenirea la alfabetul latin. \u00cencep\u00e2nd din 1990, ziua de 31 august a fost declarat\u0103 s\u0103rb\u0103toare na\u021bional\u0103 \u00een Republica Moldova. Ini\u021bial, s\u0103rb\u0103toarea s-a numit \u201eLimba noastr\u0103 cea rom\u00e2n\u0103\u201d, iar \u00een 1994, denumirea s\u0103rb\u0103torii a fost schimbat\u0103 \u00een \u201eLimba noastr\u0103\u201d.&nbsp;<\/p>\n\n\n\n<p>Video<a href=\"https:\/\/historia.ro\/sectiune\/general\/de-ce-este-sarbatorita-ziua-limbii-romane-la-31-567419.html\"> aici<\/a><\/p>\n\n\n\n<p>\u00cen anul 2011, mai multe asocia\u021bii \u0219i organiza\u021bii rom\u00e2ne\u0219ti din Serbia, Bulgaria, Ungaria \u0219i Ucraina au stabilit ca ziua de 31 august s\u0103 fie s\u0103rb\u0103torit\u0103 ca Ziua Limbii Rom\u00e2ne \u00een comunit\u0103\u021bile rom\u00e2ne\u0219ti din aceste state, \u00eencep\u00e2nd cu anul 2012.\u00a0<\/p>\n\n\n\n<p>Propunerea legislativ\u0103 privind instituirea Zilei Limbii Rom\u00e2ne, la 31 august, \u0219i \u00een Rom\u00e2nia, a fost ini\u021biat\u0103 \u00een 2011, de 166 de parlamentari din toate grupurile politice. Legea a fost votat\u0103 de Senat \u00een \u0219edin\u021ba din 6 decembrie 2011 \u0219i de Camera Deputa\u021bilor \u00een \u0219edin\u021ba din 19 februarie 2013. Legea a fost promulgat\u0103 de pre\u0219edintele Traian B\u0103sescu, la 13 martie 2013, \u0219i publicat\u0103 \u00een Monitorul Oficial la 19 martie 2013.<\/p>\n\n\n\n<p>Legea 53\/2013 prevede c\u0103 Ziua Limbii Rom\u00e2ne poate fi s\u0103rb\u0103torit\u0103 de c\u0103tre autorit\u0103\u021bile publice din Rom\u00e2nia \u0219i de c\u0103tre reprezentan\u021bele diplomatice din str\u0103in\u0103tate, inclusiv de Institutele Culturale ale Rom\u00e2niei sau de alte institu\u021bii rom\u00e2ne\u0219ti din str\u0103in\u0103tate, prin organizarea unor programe \u0219i manifest\u0103ri cultural-educative, cu caracter evocator sau \u0219tiin\u021bific.&nbsp;<\/p>\n\n\n\n<p>Sursa: historia    Foto: tvr<\/p>\n","protected":false},"excerpt":{"rendered":"<p>Ziua Limbii Rom\u00e2ne este s\u0103rb\u0103torit\u0103 \u00een Rom\u00e2nia \u00eencep\u00e2nd din 2013, la 31 august, fiind instituit\u0103 prin Legea 53\/2013, \u00eens\u0103 \u00een<\/p>\n","protected":false},"author":1,"featured_media":140740,"comment_status":"open","ping_status":"closed","sticky":false,"template":"","format":"standard","meta":{"spay_email":"","footnotes":"","jetpack_publicize_message":""},"categories":[6],"tags":[],"class_list":["post-140739","post","type-post","status-publish","format-standard","has-post-thumbnail","hentry","category-social"],"jetpack_featured_media_url":"https:\/\/i1.wp.com\/realitatearutiera.ro\/wp-content\/uploads\/2026\/08\/image-130.png?fit=597%2C335&ssl=1","jetpack_publicize_connections":[],"jetpack_sharing_enabled":true,"jetpack_shortlink":"https:\/\/wp.me\/p61naM-ABZ","jetpack-related-posts":[],"_links":{"self":[{"href":"https:\/\/realitatearutiera.ro\/index.php?rest_route=\/wp\/v2\/posts\/140739","targetHints":{"allow":["GET"]}}],"collection":[{"href":"https:\/\/realitatearutiera.ro\/index.php?rest_route=\/wp\/v2\/posts"}],"about":[{"href":"https:\/\/realitatearutiera.ro\/index.php?rest_route=\/wp\/v2\/types\/post"}],"author":[{"embeddable":true,"href":"https:\/\/realitatearutiera.ro\/index.php?rest_route=\/wp\/v2\/users\/1"}],"replies":[{"embeddable":true,"href":"https:\/\/realitatearutiera.ro\/index.php?rest_route=%2Fwp%2Fv2%2Fcomments&post=140739"}],"version-history":[{"count":1,"href":"https:\/\/realitatearutiera.ro\/index.php?rest_route=\/wp\/v2\/posts\/140739\/revisions"}],"predecessor-version":[{"id":140741,"href":"https:\/\/realitatearutiera.ro\/index.php?rest_route=\/wp\/v2\/posts\/140739\/revisions\/140741"}],"wp:featuredmedia":[{"embeddable":true,"href":"https:\/\/realitatearutiera.ro\/index.php?rest_route=\/wp\/v2\/media\/140740"}],"wp:attachment":[{"href":"https:\/\/realitatearutiera.ro\/index.php?rest_route=%2Fwp%2Fv2%2Fmedia&parent=140739"}],"wp:term":[{"taxonomy":"category","embeddable":true,"href":"https:\/\/realitatearutiera.ro\/index.php?rest_route=%2Fwp%2Fv2%2Fcategories&post=140739"},{"taxonomy":"post_tag","embeddable":true,"href":"https:\/\/realitatearutiera.ro\/index.php?rest_route=%2Fwp%2Fv2%2Ftags&post=140739"}],"curies":[{"name":"wp","href":"https:\/\/api.w.org\/{rel}","templated":true}]}}