{"id":140743,"date":"2026-08-31T10:34:52","date_gmt":"2026-08-31T07:34:52","guid":{"rendered":"https:\/\/realitatearutiera.ro\/?p=140743"},"modified":"2026-08-31T10:34:57","modified_gmt":"2026-08-31T07:34:57","slug":"doi-biciclisti-loviti-in-timpul-letape-romania-la-volan-se-afla-un-sofer-de-72-de-ani","status":"publish","type":"post","link":"https:\/\/realitatearutiera.ro\/?p=140743","title":{"rendered":"Doi bicicli\u0219ti, lovi\u021bi \u00een timpul L\u2019\u00c9tape Romania. La volan se afla un \u0219ofer de 72 de ani"},"content":{"rendered":"\n<figure class=\"wp-block-image size-large is-resized\"><img loading=\"lazy\" decoding=\"async\" width=\"800\" height=\"450\" data-attachment-id=\"140744\" data-permalink=\"https:\/\/realitatearutiera.ro\/?attachment_id=140744\" data-orig-file=\"https:\/\/i0.wp.com\/realitatearutiera.ro\/wp-content\/uploads\/2026\/08\/image-131.png?fit=1200%2C675&amp;ssl=1\" data-orig-size=\"1200,675\" data-comments-opened=\"1\" data-image-meta=\"{&quot;aperture&quot;:&quot;0&quot;,&quot;credit&quot;:&quot;&quot;,&quot;camera&quot;:&quot;&quot;,&quot;caption&quot;:&quot;&quot;,&quot;created_timestamp&quot;:&quot;0&quot;,&quot;copyright&quot;:&quot;&quot;,&quot;focal_length&quot;:&quot;0&quot;,&quot;iso&quot;:&quot;0&quot;,&quot;shutter_speed&quot;:&quot;0&quot;,&quot;title&quot;:&quot;&quot;,&quot;orientation&quot;:&quot;0&quot;}\" data-image-title=\"image\" data-image-description=\"\" data-medium-file=\"https:\/\/i0.wp.com\/realitatearutiera.ro\/wp-content\/uploads\/2026\/08\/image-131.png?fit=300%2C169&amp;ssl=1\" data-large-file=\"https:\/\/i0.wp.com\/realitatearutiera.ro\/wp-content\/uploads\/2026\/08\/image-131.png?fit=800%2C450&amp;ssl=1\" src=\"https:\/\/i0.wp.com\/realitatearutiera.ro\/wp-content\/uploads\/2026\/08\/image-131-1024x576.png?resize=800%2C450&#038;ssl=1\" alt=\"\" class=\"wp-image-140744\" style=\"width:507px;height:auto\" srcset=\"https:\/\/i0.wp.com\/realitatearutiera.ro\/wp-content\/uploads\/2026\/08\/image-131.png?resize=1024%2C576&amp;ssl=1 1024w, https:\/\/i0.wp.com\/realitatearutiera.ro\/wp-content\/uploads\/2026\/08\/image-131.png?resize=300%2C169&amp;ssl=1 300w, https:\/\/i0.wp.com\/realitatearutiera.ro\/wp-content\/uploads\/2026\/08\/image-131.png?resize=768%2C432&amp;ssl=1 768w, https:\/\/i0.wp.com\/realitatearutiera.ro\/wp-content\/uploads\/2026\/08\/image-131.png?w=1200&amp;ssl=1 1200w\" sizes=\"auto, (max-width: 800px) 100vw, 800px\" data-recalc-dims=\"1\" \/><\/figure>\n\n\n\n<p>Un accident rutier \u00een care au fost implica\u021bi doi bicicli\u0219ti participan\u021bi la competi\u021bia \u201eL\u2019\u00c9tape Romania by Tour de France\u201d s-a produs duminic\u0103, 30 august, \u00een centrul Bucure\u0219tiului. Cei doi sportivi au fost lovi\u021bi de un autoturism condus de un b\u0103rbat \u00een v\u00e2rst\u0103 de 72 de ani, iar unul dintre bicicli\u0219ti a ajuns la spital.<\/p>\n\n\n\n<p>Potrivit informa\u021biilor transmise de Brigada Rutier\u0103 \u0219i citate de&nbsp;<a href=\"https:\/\/www.mediafax.ro\/social\/accident-in-bucuresti-un-sofer-de-72-de-ani-a-lovit-doi-biciclisti-participanti-la-letape-romania-by-tour-de-france-23798671\" target=\"_blank\" rel=\"noreferrer noopener\">Mediafax<\/a>, poli\u021bi\u0219tii au deschis o anchet\u0103 pentru a stabili circumstan\u021bele exacte \u00een care s-a produs accidentul. Evenimentul a avut loc \u00een timpul competi\u021biei de ciclism desf\u0103\u0219urate pe str\u0103zile Capitalei.<\/p>\n\n\n\n<h2 class=\"wp-block-heading\">Unul dintre bicicli\u0219ti a fost transportat la spital<\/h2>\n\n\n\n<p>\u00cen urma impactului, unul dintre cei doi participan\u021bi la \u201eL\u2019\u00c9tape Romania by Tour de France\u201d a avut nevoie de \u00eengrijiri medicale \u0219i a fost transportat la spital. Din informa\u021biile disponibile p\u00e2n\u0103 \u00een acest moment nu reiese gravitatea leziunilor suferite.<\/p>\n\n\n\n<p>Cel de-al doilea biciclist implicat \u00een accident nu ar fi necesitat transportarea la o unitate medical\u0103. Brigada Rutier\u0103 nu a oferit, deocamdat\u0103, informa\u021bii suplimentare despre dinamica impactului sau despre manevra efectuat\u0103 de \u0219oferul \u00een v\u00e2rst\u0103 de 72 de ani \u00eenainte de producerea accidentului.<\/p>\n\n\n\n<h2 class=\"wp-block-heading\">Poli\u021bia cerceteaz\u0103 \u00eemprejur\u0103rile accidentului din Bucure\u0219ti<\/h2>\n\n\n\n<p>Poli\u021bi\u0219tii Brig\u0103zii Rutiere continu\u0103 cercet\u0103rile pentru a determina cauzele \u0219i \u00eemprejur\u0103rile exacte ale incidentului. Ancheta urmeaz\u0103 s\u0103 stabileasc\u0103 inclusiv modul \u00een care autoturismul a ajuns \u00een zona \u00een care se aflau participan\u021bii la competi\u021bia de ciclism.<\/p>\n\n\n\n<p>Accidentul s-a produs \u00eentr-o zi \u00een care traficul din centrul&nbsp;<a href=\"https:\/\/www.promotor.ro\/diverse\/metroul-spre-vestul-bucurestiului-este-tot-mai-aproape-de-constructie-primaria-sectorului-6-a-primit-avizele-necesare-de-la-metrorex-19530596\">Bucure\u0219tiului<\/a>&nbsp;este afectat de restric\u021biile introduse pentru desf\u0103\u0219urarea \u201eL\u2019\u00c9tape Romania by Tour de France\u201d. Evenimentul aduce pe traseu numero\u0219i cicli\u0219ti, iar mai multe artere sunt supuse unor m\u0103suri speciale de circula\u021bie.<\/p>\n\n\n\n<h2 class=\"wp-block-heading\">Recomand\u0103rile Brig\u0103zii Rutiere pentru \u0219oferi<\/h2>\n\n\n\n<p>\u00cen contextul competi\u021biei \u0219i al restric\u021biilor de circula\u021bie,&nbsp;<a href=\"https:\/\/www.promotor.ro\/in-trafic\/brigada-rutiera-desfasoara-actiuni-de-constientizare-in-bucuresti-19369331\">Brigada Rutier\u0103<\/a>&nbsp;le recomand\u0103 conduc\u0103torilor auto s\u0103 evite, pe c\u00e2t posibil, zona \u00een care se desf\u0103\u0219oar\u0103 evenimentul. \u0218oferii sunt \u00eendemna\u021bi s\u0103 respecte semnalele, indica\u021biile \u0219i dispozi\u021biile poli\u021bi\u0219tilor rutieri afla\u021bi pe traseu.<\/p>\n\n\n\n<p>Participan\u021bii la trafic trebuie s\u0103 \u021bin\u0103 cont \u0219i de modific\u0103rile temporare ale circula\u021biei generate de competi\u021bie. Prezen\u021ba unui num\u0103r mare de bicicli\u0219ti, \u00eempreun\u0103 cu restric\u021biile instituite pe anumite str\u0103zi, poate produce aglomera\u021bie \u0219i schimb\u0103ri ale traseelor obi\u0219nuite.<\/p>\n\n\n\n<p>Cercet\u0103rile poli\u021biei vor stabili responsabilitatea \u00een cazul accidentului \u0219i condi\u021biile exacte \u00een care autoturismul condus de b\u0103rbatul de 72 de ani i-a lovit pe cei doi bicicli\u0219ti.<\/p>\n\n\n\n<p>Sursa: promotor    Foto: promotor<\/p>\n","protected":false},"excerpt":{"rendered":"<p>Un accident rutier \u00een care au fost implica\u021bi doi bicicli\u0219ti participan\u021bi la competi\u021bia \u201eL\u2019\u00c9tape Romania by Tour de France\u201d s-a<\/p>\n","protected":false},"author":1,"featured_media":140744,"comment_status":"open","ping_status":"closed","sticky":false,"template":"","format":"standard","meta":{"spay_email":"","footnotes":"","jetpack_publicize_message":""},"categories":[82],"tags":[],"class_list":["post-140743","post","type-post","status-publish","format-standard","has-post-thumbnail","hentry","category-auto"],"jetpack_featured_media_url":"https:\/\/i0.wp.com\/realitatearutiera.ro\/wp-content\/uploads\/2026\/08\/image-131.png?fit=1200%2C675&ssl=1","jetpack_publicize_connections":[],"jetpack_sharing_enabled":true,"jetpack_shortlink":"https:\/\/wp.me\/p61naM-AC3","jetpack-related-posts":[],"_links":{"self":[{"href":"https:\/\/realitatearutiera.ro\/index.php?rest_route=\/wp\/v2\/posts\/140743","targetHints":{"allow":["GET"]}}],"collection":[{"href":"https:\/\/realitatearutiera.ro\/index.php?rest_route=\/wp\/v2\/posts"}],"about":[{"href":"https:\/\/realitatearutiera.ro\/index.php?rest_route=\/wp\/v2\/types\/post"}],"author":[{"embeddable":true,"href":"https:\/\/realitatearutiera.ro\/index.php?rest_route=\/wp\/v2\/users\/1"}],"replies":[{"embeddable":true,"href":"https:\/\/realitatearutiera.ro\/index.php?rest_route=%2Fwp%2Fv2%2Fcomments&post=140743"}],"version-history":[{"count":1,"href":"https:\/\/realitatearutiera.ro\/index.php?rest_route=\/wp\/v2\/posts\/140743\/revisions"}],"predecessor-version":[{"id":140745,"href":"https:\/\/realitatearutiera.ro\/index.php?rest_route=\/wp\/v2\/posts\/140743\/revisions\/140745"}],"wp:featuredmedia":[{"embeddable":true,"href":"https:\/\/realitatearutiera.ro\/index.php?rest_route=\/wp\/v2\/media\/140744"}],"wp:attachment":[{"href":"https:\/\/realitatearutiera.ro\/index.php?rest_route=%2Fwp%2Fv2%2Fmedia&parent=140743"}],"wp:term":[{"taxonomy":"category","embeddable":true,"href":"https:\/\/realitatearutiera.ro\/index.php?rest_route=%2Fwp%2Fv2%2Fcategories&post=140743"},{"taxonomy":"post_tag","embeddable":true,"href":"https:\/\/realitatearutiera.ro\/index.php?rest_route=%2Fwp%2Fv2%2Ftags&post=140743"}],"curies":[{"name":"wp","href":"https:\/\/api.w.org\/{rel}","templated":true}]}}