{"id":140746,"date":"2026-08-31T10:40:33","date_gmt":"2026-08-31T07:40:33","guid":{"rendered":"https:\/\/realitatearutiera.ro\/?p=140746"},"modified":"2026-08-31T10:40:37","modified_gmt":"2026-08-31T07:40:37","slug":"romania-are-un-nou-drum-spectaculos-transluncani-atrage-mii-de-turisti","status":"publish","type":"post","link":"https:\/\/realitatearutiera.ro\/?p=140746","title":{"rendered":"Rom\u00e2nia are un nou drum spectaculos. Transluncani atrage mii de turi\u0219ti"},"content":{"rendered":"\n<figure class=\"wp-block-image size-large is-resized\"><img loading=\"lazy\" decoding=\"async\" width=\"800\" height=\"466\" data-attachment-id=\"140747\" data-permalink=\"https:\/\/realitatearutiera.ro\/?attachment_id=140747\" data-orig-file=\"https:\/\/i1.wp.com\/realitatearutiera.ro\/wp-content\/uploads\/2026\/08\/image-132.png?fit=1200%2C700&amp;ssl=1\" data-orig-size=\"1200,700\" data-comments-opened=\"1\" data-image-meta=\"{&quot;aperture&quot;:&quot;0&quot;,&quot;credit&quot;:&quot;&quot;,&quot;camera&quot;:&quot;&quot;,&quot;caption&quot;:&quot;&quot;,&quot;created_timestamp&quot;:&quot;0&quot;,&quot;copyright&quot;:&quot;&quot;,&quot;focal_length&quot;:&quot;0&quot;,&quot;iso&quot;:&quot;0&quot;,&quot;shutter_speed&quot;:&quot;0&quot;,&quot;title&quot;:&quot;&quot;,&quot;orientation&quot;:&quot;0&quot;}\" data-image-title=\"image\" data-image-description=\"\" data-medium-file=\"https:\/\/i1.wp.com\/realitatearutiera.ro\/wp-content\/uploads\/2026\/08\/image-132.png?fit=300%2C175&amp;ssl=1\" data-large-file=\"https:\/\/i1.wp.com\/realitatearutiera.ro\/wp-content\/uploads\/2026\/08\/image-132.png?fit=800%2C466&amp;ssl=1\" src=\"https:\/\/i1.wp.com\/realitatearutiera.ro\/wp-content\/uploads\/2026\/08\/image-132-1024x597.png?resize=800%2C466&#038;ssl=1\" alt=\"\" class=\"wp-image-140747\" style=\"width:503px;height:auto\" srcset=\"https:\/\/i1.wp.com\/realitatearutiera.ro\/wp-content\/uploads\/2026\/08\/image-132.png?resize=1024%2C597&amp;ssl=1 1024w, https:\/\/i1.wp.com\/realitatearutiera.ro\/wp-content\/uploads\/2026\/08\/image-132.png?resize=300%2C175&amp;ssl=1 300w, https:\/\/i1.wp.com\/realitatearutiera.ro\/wp-content\/uploads\/2026\/08\/image-132.png?resize=768%2C448&amp;ssl=1 768w, https:\/\/i1.wp.com\/realitatearutiera.ro\/wp-content\/uploads\/2026\/08\/image-132.png?w=1200&amp;ssl=1 1200w\" sizes=\"auto, (max-width: 800px) 100vw, 800px\" data-recalc-dims=\"1\" \/><\/figure>\n\n\n\n<p>Transf\u0103g\u0103r\u0103\u0219anul are un frate mai mic \u00een Vestul \u021b\u0103rii. \u00cen Timi\u0219, un drum de nici \u0219ase kilometri a devenit o atrac\u021bie irezistibil\u0103 pentru turi\u0219ti. Transluncaniul te cucere\u0219te cu serpentine s\u0103pate \u00een st\u00e2nc\u0103, cu aer curat de munte \u0219i peisaje desprinse din pove\u0219ti. C\u00e2ndva un simplu drum agricol de interes local, va lega de acum \u00eencolo trei jude\u021be \u0219i va face Banatul mai accesibil pentru turi\u0219ti.<\/p>\n\n\n\n<p>Imaginile cu impun\u0103torul \u0219i celebrul Transf\u0103g\u0103r\u0103\u0219an fac \u00eenconjurul lumii. Dar Transluncani cucere\u0219te \u0219i el \u00eencet-\u00eencet, pe to\u021bi cei care \u00eel descoper\u0103. Aici, \u00een Mun\u021bii Poiana Rusc\u0103, peisajul este mai bl\u00e2nd, dominat de p\u0103duri \u0219i culmi domoale.<\/p>\n\n\n\n<p>Inaugurat \u00een 2019, Transluncani a schimbat complet zona. Dintr-un drum local, a devenit o destina\u021bie \u00een sine. Pentru or\u0103\u0219eni, lini\u0219tea e aproape un lux, iar aici o g\u0103sesc din plin.<\/p>\n\n\n\n<blockquote class=\"wp-block-quote is-layout-flow wp-block-quote-is-layout-flow\">\n<p><em>&#8220;Primul lucru pe care \u00eel faci c\u00e2nd ajungi aici este s\u0103 admiri priveli\u0219tea, iar apoi s\u0103 deschizi geamul \u0219i s\u0103 te bucuri de aerul curat. \u0218oseaua are aproximativ 5 km \u0219i ne duce p\u00e2n\u0103 la 700 de metri altitudine&#8221;<\/em>, explic\u0103&nbsp;<strong>reporterul Observator Iulia Pop<\/strong>.<\/p>\n<\/blockquote>\n\n\n\n<p>Pe alocuri, drumul este s\u0103pat direct \u00een st\u00e2nc\u0103, iar serpentinele str\u00e2nse dau ceva emo\u021bii celor care nu stau prea bine cu r\u0103ul de mi\u0219care. Pentru motocicli\u0219ti, \u00eens\u0103, este combina\u021bia perfect\u0103: trafic redus, viraje str\u00e2nse \u0219i munte c\u00e2t vezi cu ochii.<\/p>\n\n\n\n<p><em>&#8220;De la Timi\u0219oara, \u00eentr-o or\u0103 \u0219i ceva e\u0219ti direct \u00een inima mun\u021bilor. E spectaculos.&#8221;<\/em><\/p>\n\n\n\n<p><strong>Reporter<\/strong>:&nbsp;<em>&#8220;Ce \u00eenseamn\u0103 pentru un motociclist un astfel de traseu?&#8221;<\/em><\/p>\n\n\n\n<p><strong>Motociclist<\/strong>:&nbsp;<em>&#8220;\u00cen primul r\u00e2nd relaxare, ie\u0219im \u00een aer liber \u0219i pu\u021bin\u0103 adrenalin\u0103.&#8221;<\/em><\/p>\n\n\n\n<blockquote class=\"wp-block-quote is-layout-flow wp-block-quote-is-layout-flow\">\n<p><em>&#8220;Pe vremuri aici era cap\u0103tul unui drum agricol. Acum \u00eens\u0103, \u00een fiecare weekend, \u00een special c\u00e2nd este vreme cald\u0103, mii de turi\u0219ti urc\u0103 pentru p\u0103duri, pentru serpentine \u0219i priveli\u0219tile numai bune de pus \u00een ram\u0103&#8221;<\/em>, spune&nbsp;<strong>reporterul Observator Iulia Pop<\/strong>.<\/p>\n<\/blockquote>\n\n\n\n<p>Alexandra a ajuns aici cu familia, dup\u0103 ce a v\u0103zut \u0219i celelalte \u0219osele celebre ale Rom\u00e2niei: Transf\u0103g\u0103r\u0103\u0219an \u0219i Transalpina.<\/p>\n\n\n\n<p><em>&#8220;Serpentinele sunt asem\u0103n\u0103toare, \u00een schimb aici e alt\u0103 priveli\u0219te. Acolo e mai mult\u0103 piatr\u0103, aici e mai mult\u0103 p\u0103dure. E diferit&#8221;<\/em>, spune aceasta.<\/p>\n\n\n\n<p>Sus, v\u00e2rful te a\u0219teapt\u0103 cu&#8230; muzic\u0103 \u0219i locuri numai bune de tras \u00een poz\u0103.<\/p>\n\n\n\n<blockquote class=\"wp-block-quote is-layout-flow wp-block-quote-is-layout-flow\">\n<p><em>&#8220;\u0218i cred c\u0103 am g\u0103sit \u0219i singurul loc din zon\u0103&#8230; Adev\u0103rul e c\u0103 nu te a\u0219tep\u021bi s\u0103 g\u0103se\u0219ti la munte o astfel de cafenea, chiar elegant\u0103, amenajat\u0103 \u00eentr-un autocar&#8230; Nu de alta, dar aici vremea este destul de capricioas\u0103&#8221;<\/em>, spune&nbsp;<strong>reporterul Observator Iulia Pop<\/strong>.<\/p>\n<\/blockquote>\n\n\n\n<p><em>&#8220;Avem multe atrac\u021bii pentru poze, instagramabile, avem cinema \u00een aer liber, e \u00een fiecare s\u00e2mb\u0103t\u0103 cu intrare gratuit\u0103 \u0219i cu escape room \u00een aer liber&#8221;<\/em>, spune&nbsp;<strong>proprietarul unei terase, Claudiu Ionescu<\/strong>.<\/p>\n\n\n\n<p>Autorit\u0103\u021bile vor s\u0103 transforme succesul Transluncani \u00eentr-un avantaj pentru \u00eentreaga zon\u0103. Se lucreaz\u0103 la un proiect care leag\u0103 Timi\u0219ul de Cara\u0219-Severin \u0219i Hunedoara \u0219i care ar face Mun\u021bii Poiana Rusc\u0103 mai u\u0219or de str\u0103b\u0103tut.<\/p>\n\n\n\n<p><em>&#8220;Este un proiect amplu care, din punctul meu de vedere, va aduce plus valoare regiunii, pentru c\u0103, fiind la confluen\u021ba celor 3 jude\u021be, avem deschidere, avem Lacul Surduc, avem V\u00e2rful Pade\u0219, Poiana Rusc\u0103i&#8221;<\/em>, spune<strong>&nbsp;primarul comunei Tome\u0219ti, Costel Medelean<\/strong>.<\/p>\n\n\n\n<p>Autorit\u0103\u021bile vor ca Transluncani s\u0103 fie punctul de plecare pentru descoperirea Banatului. Iar dac\u0103 Transf\u0103g\u0103r\u0103\u0219anul a devenit imaginea spectaculoas\u0103 a mun\u021bilor din sudul \u021b\u0103rii, Transluncani \u00ee\u0219i construie\u0219te, \u00eencet, propria poveste \u00een vest.<\/p>\n\n\n\n<p>Viideo <a href=\"https:\/\/observatornews.ro\/eveniment\/transluncani-noua-sosea-spectaculoasa-care-face-concurenta-transfagarasanului-a-cucerit-deja-mii-de-turisti-664688.html\">aici<\/a><\/p>\n\n\n\n<p>Sursa: observatornews    Foto: observatornews<\/p>\n\n\n\n<p><\/p>\n","protected":false},"excerpt":{"rendered":"<p>Transf\u0103g\u0103r\u0103\u0219anul are un frate mai mic \u00een Vestul \u021b\u0103rii. \u00cen Timi\u0219, un drum de nici \u0219ase kilometri a devenit o<\/p>\n","protected":false},"author":1,"featured_media":140747,"comment_status":"open","ping_status":"closed","sticky":false,"template":"","format":"standard","meta":{"spay_email":"","footnotes":"","jetpack_publicize_message":""},"categories":[53],"tags":[],"class_list":["post-140746","post","type-post","status-publish","format-standard","has-post-thumbnail","hentry","category-periplu-prin-romania"],"jetpack_featured_media_url":"https:\/\/i1.wp.com\/realitatearutiera.ro\/wp-content\/uploads\/2026\/08\/image-132.png?fit=1200%2C700&ssl=1","jetpack_publicize_connections":[],"jetpack_sharing_enabled":true,"jetpack_shortlink":"https:\/\/wp.me\/p61naM-AC6","jetpack-related-posts":[],"_links":{"self":[{"href":"https:\/\/realitatearutiera.ro\/index.php?rest_route=\/wp\/v2\/posts\/140746","targetHints":{"allow":["GET"]}}],"collection":[{"href":"https:\/\/realitatearutiera.ro\/index.php?rest_route=\/wp\/v2\/posts"}],"about":[{"href":"https:\/\/realitatearutiera.ro\/index.php?rest_route=\/wp\/v2\/types\/post"}],"author":[{"embeddable":true,"href":"https:\/\/realitatearutiera.ro\/index.php?rest_route=\/wp\/v2\/users\/1"}],"replies":[{"embeddable":true,"href":"https:\/\/realitatearutiera.ro\/index.php?rest_route=%2Fwp%2Fv2%2Fcomments&post=140746"}],"version-history":[{"count":1,"href":"https:\/\/realitatearutiera.ro\/index.php?rest_route=\/wp\/v2\/posts\/140746\/revisions"}],"predecessor-version":[{"id":140748,"href":"https:\/\/realitatearutiera.ro\/index.php?rest_route=\/wp\/v2\/posts\/140746\/revisions\/140748"}],"wp:featuredmedia":[{"embeddable":true,"href":"https:\/\/realitatearutiera.ro\/index.php?rest_route=\/wp\/v2\/media\/140747"}],"wp:attachment":[{"href":"https:\/\/realitatearutiera.ro\/index.php?rest_route=%2Fwp%2Fv2%2Fmedia&parent=140746"}],"wp:term":[{"taxonomy":"category","embeddable":true,"href":"https:\/\/realitatearutiera.ro\/index.php?rest_route=%2Fwp%2Fv2%2Fcategories&post=140746"},{"taxonomy":"post_tag","embeddable":true,"href":"https:\/\/realitatearutiera.ro\/index.php?rest_route=%2Fwp%2Fv2%2Ftags&post=140746"}],"curies":[{"name":"wp","href":"https:\/\/api.w.org\/{rel}","templated":true}]}}