{"id":140749,"date":"2026-08-31T10:48:35","date_gmt":"2026-08-31T07:48:35","guid":{"rendered":"https:\/\/realitatearutiera.ro\/?p=140749"},"modified":"2026-08-31T10:48:37","modified_gmt":"2026-08-31T07:48:37","slug":"masina-cazuta-in-lacul-bicaz-un-barbat-a-ajuns-in-apa","status":"publish","type":"post","link":"https:\/\/realitatearutiera.ro\/?p=140749","title":{"rendered":"Ma\u0219in\u0103 c\u0103zut\u0103 \u00een Lacul Bicaz. Un b\u0103rbat a ajuns \u00een ap\u0103"},"content":{"rendered":"\n<figure class=\"wp-block-image size-full is-resized\"><img loading=\"lazy\" decoding=\"async\" width=\"547\" height=\"365\" data-attachment-id=\"140750\" data-permalink=\"https:\/\/realitatearutiera.ro\/?attachment_id=140750\" data-orig-file=\"https:\/\/i2.wp.com\/realitatearutiera.ro\/wp-content\/uploads\/2026\/08\/image-133.png?fit=547%2C365&amp;ssl=1\" data-orig-size=\"547,365\" data-comments-opened=\"1\" data-image-meta=\"{&quot;aperture&quot;:&quot;0&quot;,&quot;credit&quot;:&quot;&quot;,&quot;camera&quot;:&quot;&quot;,&quot;caption&quot;:&quot;&quot;,&quot;created_timestamp&quot;:&quot;0&quot;,&quot;copyright&quot;:&quot;&quot;,&quot;focal_length&quot;:&quot;0&quot;,&quot;iso&quot;:&quot;0&quot;,&quot;shutter_speed&quot;:&quot;0&quot;,&quot;title&quot;:&quot;&quot;,&quot;orientation&quot;:&quot;0&quot;}\" data-image-title=\"image\" data-image-description=\"\" data-medium-file=\"https:\/\/i2.wp.com\/realitatearutiera.ro\/wp-content\/uploads\/2026\/08\/image-133.png?fit=300%2C200&amp;ssl=1\" data-large-file=\"https:\/\/i2.wp.com\/realitatearutiera.ro\/wp-content\/uploads\/2026\/08\/image-133.png?fit=547%2C365&amp;ssl=1\" src=\"https:\/\/i2.wp.com\/realitatearutiera.ro\/wp-content\/uploads\/2026\/08\/image-133.png?resize=547%2C365&#038;ssl=1\" alt=\"\" class=\"wp-image-140750\" style=\"width:508px;height:auto\" srcset=\"https:\/\/i2.wp.com\/realitatearutiera.ro\/wp-content\/uploads\/2026\/08\/image-133.png?w=547&amp;ssl=1 547w, https:\/\/i2.wp.com\/realitatearutiera.ro\/wp-content\/uploads\/2026\/08\/image-133.png?resize=300%2C200&amp;ssl=1 300w\" sizes=\"auto, (max-width: 547px) 100vw, 547px\" data-recalc-dims=\"1\" \/><\/figure>\n\n\n\n<p><a href=\"https:\/\/spynews.ro\/galerie\/un-barbat-a-cazut-cu-masina-in-lacul-bicaz-imagini-de-la-fata-locului-id375319-play829418.html\">Galerie (4)<\/a><\/p>\n\n\n\n<p>Un incident neobi\u0219nuit a avut loc la Lacul Bicaz, unde un b\u0103rbat a ajuns cu ma\u0219ina \u00een ap\u0103. Autoturismul, \u00eenmatriculat \u00een jude\u021bul Ia\u0219i, a c\u0103zut \u00een lac.<a href=\"https:\/\/spynews.ro\/galerie\/un-barbat-a-cazut-cu-masina-in-lacul-bicaz-imagini-de-la-fata-locului-id375319-play829418.html\"><\/a><\/p>\n\n\n\n<p>Un b\u0103rbat a c\u0103zut cu ma\u0219ina \u00een Lacul Bicaz. Imagini de la fa\u021ba locului<\/p>\n\n\n\n<ul class=\"wp-block-list\">\n<li>Accident bizar la Lacul Bicaz!<\/li>\n\n\n\n<li>Un b\u0103rbat a c\u0103zut cu ma\u0219ina \u00een ap\u0103<\/li>\n<\/ul>\n\n\n\n<p>O scen\u0103 mai pu\u021bin obi\u0219nuit\u0103 a avut loc la Lacul Bicaz, unde un \u0219ofer din Ia\u0219i&nbsp;<a href=\"https:\/\/spynews.ro\/actualitate\/stiri-interne\/foto-patru-tineri-au-plonjat-cu-masina-intrun-lac-din-arad-o-fata-a-fost-declarata-moarta-165712.html\" target=\"_blank\" rel=\"noreferrer noopener\">a ajuns cu ma\u0219ina direct \u00een ap\u0103<\/a>.<\/p>\n\n\n\n<h2 class=\"wp-block-heading\">Un b\u0103rbat a c\u0103zut cu ma\u0219ina \u00een Lacul Bicaz. Imagini de la fa\u021ba locului<\/h2>\n\n\n\n<p>Potrivit primelor informa\u021bii, b\u0103rbatul ar fi vrut s\u0103 \u00ee\u0219i spele ma\u0219ina, \u00eens\u0103 situa\u021bia a sc\u0103pat de sub control. Din fericire, totul s-a terminat cu bine. Incidentul s-a soldat doar cu o sperietur\u0103 zdrav\u0103n\u0103 pentru \u0219ofer.<\/p>\n\n\n\n<p><a href=\"https:\/\/spynews.ro\/galerie\/un-barbat-a-cazut-cu-masina-in-lacul-bicaz-imagini-de-la-fata-locului-id375319-play829418.html\"><\/a><\/p>\n\n\n\n<figure class=\"wp-block-image\"><a class=\"gallery-link grid-four-wrapper\" href=\"https:\/\/spynews.ro\/galerie\/un-barbat-a-cazut-cu-masina-in-lacul-bicaz-imagini-de-la-fata-locului-id375319-play829418.html\"><img decoding=\"async\" src=\"https:\/\/img.spynews.ro\/?u=https%3A%2F%2Fspynews.ro%2Fuploads%2Fmodules%2Fnews%2F0%2F2026%2F8%2F30%2F375319%2F0b239c469fb241148bf69ca60e3fcf6a.jfif&amp;w=700\" alt=\"Un b\u0103rbat a c\u0103zut cu ma\u0219ina \u00een Lacul Bicaz. Imagini de la fa\u021ba locului\"\/><\/a><\/figure>\n\n\n\n<figure class=\"wp-block-image\"><a class=\"gallery-link grid-four-wrapper\" href=\"https:\/\/spynews.ro\/galerie\/un-barbat-a-cazut-cu-masina-in-lacul-bicaz-imagini-de-la-fata-locului-id375319-play829418.html\"><img decoding=\"async\" src=\"https:\/\/img.spynews.ro\/?u=https%3A%2F%2Fspynews.ro%2Fuploads%2Fmodules%2Fnews%2F0%2F2026%2F8%2F30%2F375319%2Ffff87505ad914bdf9e2e870bbe4f08c5.jfif&amp;w=700\" alt=\"Un b\u0103rbat a c\u0103zut cu ma\u0219ina \u00een Lacul Bicaz. Imagini de la fa\u021ba locului\"\/><\/a><\/figure>\n\n\n\n<figure class=\"wp-block-image\"><a class=\"gallery-link grid-four-wrapper\" href=\"https:\/\/spynews.ro\/galerie\/un-barbat-a-cazut-cu-masina-in-lacul-bicaz-imagini-de-la-fata-locului-id375319-play829418.html\"><img decoding=\"async\" src=\"https:\/\/img.spynews.ro\/?u=https%3A%2F%2Fspynews.ro%2Fuploads%2Fmodules%2Fnews%2F0%2F2026%2F8%2F30%2F375319%2Fa47ab6c1c9a74202bf58269b58fcb5e7.jfif&amp;w=700\" alt=\"Un b\u0103rbat a c\u0103zut cu ma\u0219ina \u00een Lacul Bicaz. Imagini de la fa\u021ba locului\"\/><\/a><\/figure>\n\n\n\n<figure class=\"wp-block-image\"><a class=\"gallery-link grid-four-wrapper\" href=\"https:\/\/spynews.ro\/galerie\/un-barbat-a-cazut-cu-masina-in-lacul-bicaz-imagini-de-la-fata-locului-id375319-play829418.html\"><img decoding=\"async\" src=\"https:\/\/img.spynews.ro\/?u=https%3A%2F%2Fspynews.ro%2Fuploads%2Fmodules%2Fnews%2F0%2F2026%2F8%2F30%2F375319%2Ffotojet-94.jpg&amp;w=700\" alt=\"Un b\u0103rbat a c\u0103zut cu ma\u0219ina \u00een Lacul Bicaz. Imagini de la fa\u021ba locului\"\/><\/a><\/figure>\n\n\n\n<p>Sursa\/ foto: spynews<\/p>\n","protected":false},"excerpt":{"rendered":"<p>Galerie (4) Un incident neobi\u0219nuit a avut loc la Lacul Bicaz, unde un b\u0103rbat a ajuns cu ma\u0219ina \u00een ap\u0103.<\/p>\n","protected":false},"author":1,"featured_media":140750,"comment_status":"open","ping_status":"closed","sticky":false,"template":"","format":"standard","meta":{"spay_email":"","footnotes":"","jetpack_publicize_message":""},"categories":[1],"tags":[],"class_list":["post-140749","post","type-post","status-publish","format-standard","has-post-thumbnail","hentry","category-uncategorized"],"jetpack_featured_media_url":"https:\/\/i2.wp.com\/realitatearutiera.ro\/wp-content\/uploads\/2026\/08\/image-133.png?fit=547%2C365&ssl=1","jetpack_publicize_connections":[],"jetpack_sharing_enabled":true,"jetpack_shortlink":"https:\/\/wp.me\/p61naM-AC9","jetpack-related-posts":[],"_links":{"self":[{"href":"https:\/\/realitatearutiera.ro\/index.php?rest_route=\/wp\/v2\/posts\/140749","targetHints":{"allow":["GET"]}}],"collection":[{"href":"https:\/\/realitatearutiera.ro\/index.php?rest_route=\/wp\/v2\/posts"}],"about":[{"href":"https:\/\/realitatearutiera.ro\/index.php?rest_route=\/wp\/v2\/types\/post"}],"author":[{"embeddable":true,"href":"https:\/\/realitatearutiera.ro\/index.php?rest_route=\/wp\/v2\/users\/1"}],"replies":[{"embeddable":true,"href":"https:\/\/realitatearutiera.ro\/index.php?rest_route=%2Fwp%2Fv2%2Fcomments&post=140749"}],"version-history":[{"count":1,"href":"https:\/\/realitatearutiera.ro\/index.php?rest_route=\/wp\/v2\/posts\/140749\/revisions"}],"predecessor-version":[{"id":140751,"href":"https:\/\/realitatearutiera.ro\/index.php?rest_route=\/wp\/v2\/posts\/140749\/revisions\/140751"}],"wp:featuredmedia":[{"embeddable":true,"href":"https:\/\/realitatearutiera.ro\/index.php?rest_route=\/wp\/v2\/media\/140750"}],"wp:attachment":[{"href":"https:\/\/realitatearutiera.ro\/index.php?rest_route=%2Fwp%2Fv2%2Fmedia&parent=140749"}],"wp:term":[{"taxonomy":"category","embeddable":true,"href":"https:\/\/realitatearutiera.ro\/index.php?rest_route=%2Fwp%2Fv2%2Fcategories&post=140749"},{"taxonomy":"post_tag","embeddable":true,"href":"https:\/\/realitatearutiera.ro\/index.php?rest_route=%2Fwp%2Fv2%2Ftags&post=140749"}],"curies":[{"name":"wp","href":"https:\/\/api.w.org\/{rel}","templated":true}]}}