{"id":140773,"date":"2026-09-01T10:34:34","date_gmt":"2026-09-01T07:34:34","guid":{"rendered":"https:\/\/realitatearutiera.ro\/?p=140773"},"modified":"2026-09-01T10:34:37","modified_gmt":"2026-09-01T07:34:37","slug":"o-noua-regula-pentru-soferi-manevra-care-ar-putea-deveni-obligatorie-in-trafic","status":"publish","type":"post","link":"https:\/\/realitatearutiera.ro\/?p=140773","title":{"rendered":"O nou\u0103 regul\u0103 pentru \u0219oferi. Manevra care ar putea deveni obligatorie \u00een trafic"},"content":{"rendered":"\n<figure class=\"wp-block-image size-large\"><img loading=\"lazy\" decoding=\"async\" width=\"800\" height=\"450\" data-attachment-id=\"140774\" data-permalink=\"https:\/\/realitatearutiera.ro\/?attachment_id=140774\" data-orig-file=\"https:\/\/i2.wp.com\/realitatearutiera.ro\/wp-content\/uploads\/2026\/09\/image-2.png?fit=1200%2C675&amp;ssl=1\" data-orig-size=\"1200,675\" data-comments-opened=\"1\" data-image-meta=\"{&quot;aperture&quot;:&quot;0&quot;,&quot;credit&quot;:&quot;&quot;,&quot;camera&quot;:&quot;&quot;,&quot;caption&quot;:&quot;&quot;,&quot;created_timestamp&quot;:&quot;0&quot;,&quot;copyright&quot;:&quot;&quot;,&quot;focal_length&quot;:&quot;0&quot;,&quot;iso&quot;:&quot;0&quot;,&quot;shutter_speed&quot;:&quot;0&quot;,&quot;title&quot;:&quot;&quot;,&quot;orientation&quot;:&quot;0&quot;}\" data-image-title=\"image\" data-image-description=\"\" data-medium-file=\"https:\/\/i2.wp.com\/realitatearutiera.ro\/wp-content\/uploads\/2026\/09\/image-2.png?fit=300%2C169&amp;ssl=1\" data-large-file=\"https:\/\/i2.wp.com\/realitatearutiera.ro\/wp-content\/uploads\/2026\/09\/image-2.png?fit=800%2C450&amp;ssl=1\" src=\"https:\/\/i1.wp.com\/realitatearutiera.ro\/wp-content\/uploads\/2026\/09\/image-2-1024x576.png?resize=800%2C450&#038;ssl=1\" alt=\"\" class=\"wp-image-140774\" srcset=\"https:\/\/i2.wp.com\/realitatearutiera.ro\/wp-content\/uploads\/2026\/09\/image-2.png?resize=1024%2C576&amp;ssl=1 1024w, https:\/\/i2.wp.com\/realitatearutiera.ro\/wp-content\/uploads\/2026\/09\/image-2.png?resize=300%2C169&amp;ssl=1 300w, https:\/\/i2.wp.com\/realitatearutiera.ro\/wp-content\/uploads\/2026\/09\/image-2.png?resize=768%2C432&amp;ssl=1 768w, https:\/\/i2.wp.com\/realitatearutiera.ro\/wp-content\/uploads\/2026\/09\/image-2.png?w=1200&amp;ssl=1 1200w\" sizes=\"auto, (max-width: 800px) 100vw, 800px\" data-recalc-dims=\"1\" \/><\/figure>\n\n\n\n<p>SURSA FOTO: Dreamstime<\/p>\n\n\n\n<p>Din cuprinsul articolului<\/p>\n\n\n\n<ul id=\"menuTabela\" class=\"wp-block-list\">\n<li><a href=\"https:\/\/www.capital.ro\/se-schimba-regulile-in-trafic-manevra-pe-care-soferii-ar-putea-fi-obligati-sa-o-faca.html#ce-se-intampla-daca-soferii-fac-loc-gresit-ambulantei-amenzile-si-suspendarea-permisului-propuse\">Ce se \u00eent\u00e2mpl\u0103 dac\u0103 \u0219oferii fac loc gre\u0219it ambulan\u021bei. Amenzile \u0219i suspendarea permisului propuse<\/a><\/li>\n\n\n\n<li><a href=\"https:\/\/www.capital.ro\/se-schimba-regulile-in-trafic-manevra-pe-care-soferii-ar-putea-fi-obligati-sa-o-faca.html#cum-ar-trebui-format-culoarul-de-salvare\">Cum ar trebui format culoarul de salvare<\/a><\/li>\n\n\n\n<li><a href=\"https:\/\/www.capital.ro\/se-schimba-regulile-in-trafic-manevra-pe-care-soferii-ar-putea-fi-obligati-sa-o-faca.html#o-regula-simpla-poate-face-diferenta-in-trafic-ce-vor-trebui-sa-faca-soferii\">O regul\u0103 simpl\u0103 poate face diferen\u021ba \u00een trafic. Ce vor trebui s\u0103 fac\u0103 \u0219oferii<\/a><\/li>\n\n\n\n<li><a href=\"https:\/\/www.capital.ro\/se-schimba-regulile-in-trafic-manevra-pe-care-soferii-ar-putea-fi-obligati-sa-o-faca.html#soferii-ar-putea-fi-avertizati-inainte-de-a-ajunge-la-un-incident\">\u0218oferii ar putea fi avertiza\u021bi \u00eenainte de a ajunge la un incident<\/a><\/li>\n<\/ul>\n\n\n\n<p><a href=\"https:\/\/www.capital.ro\/autostrada-moldovei-a-facut-inca-un-pas-unde-se-poate-circula-de-luni-pe-47-de-kilometri-noi.html\" target=\"_blank\" rel=\"noreferrer noopener\">\u0218oferii<\/a>&nbsp;ar putea avea reguli mai clare privind modul \u00een care trebuie s\u0103 elibereze drumul pentru echipajele de interven\u021bie. Un&nbsp;<a href=\"https:\/\/www.capital.ro\/romania-intra-intr-o-zona-periculoasa-dupa-blocarea-reformelor-financial-times-dezvaluie-ce-este-in-joc.html\" target=\"_blank\" rel=\"noreferrer noopener\">proiect de lege<\/a>&nbsp;depus \u00een Parlament prevede proceduri precise pentru situa\u021biile \u00een care ambulan\u021bele, pompierii sau echipajele de poli\u021bie circul\u0103 cu semnalele luminoase \u0219i sonore pornite.<\/p>\n\n\n\n<h2 class=\"wp-block-heading\" id=\"ce-se-intampla-daca-soferii-fac-loc-gresit-ambulantei-amenzile-si-suspendarea-permisului-propuse\"><a href=\"https:\/\/www.capital.ro\/se-schimba-regulile-in-trafic-manevra-pe-care-soferii-ar-putea-fi-obligati-sa-o-faca.html#ce-se-intampla-daca-soferii-fac-loc-gresit-ambulantei-amenzile-si-suspendarea-permisului-propuse\">Ce se \u00eent\u00e2mpl\u0103 dac\u0103 \u0219oferii fac loc gre\u0219it ambulan\u021bei. Amenzile \u0219i suspendarea permisului propuse<\/a><\/h2>\n\n\n\n<p>Proiectul stabile\u0219te \u0219i sanc\u021biuni pentru&nbsp;<a href=\"https:\/\/www.capital.ro\/zeci-de-mii-de-locuri-de-munca-disponibile-in-tara-si-ue-lista-care-domina-oferta-angajatorilor.html\" target=\"_blank\" rel=\"noreferrer noopener\">conduc\u0103torii auto<\/a>&nbsp;care nu acord\u0103 prioritate ori fac manevre gre\u0219ite \u0219i ajung s\u0103 blocheze traseul echipajelor de interven\u021bie.&nbsp;<strong>Amenzile pot ajunge p\u00e2n\u0103 la 1.000 de lei, iar<a href=\"https:\/\/www.capital.ro\/noua-obligatie-care-ii-vizeaza-pe-soferii-cu-permis-categoria-b-cand-intra-in-vigoare-regula.html\" target=\"_blank\" rel=\"noreferrer noopener\">&nbsp;permisul de conducere<\/a>&nbsp;ar putea fi suspendat pentru 30 de zile.<\/strong><\/p>\n\n\n\n<p>Problema apare \u00een special atunci c\u00e2nd traficul este aglomerat \u0219i se formeaz\u0103 ambuteiaje. \u00cen astfel de situa\u021bii, unii \u0219oferi \u00eencearc\u0103 s\u0103 se deplaseze pentru a face loc ma\u0219inilor de interven\u021bie, \u00eens\u0103 manevrele gre\u0219ite pot duce la blocarea drumului pe care trebuie s\u0103 treac\u0103 acestea.<\/p>\n\n\n\n<p>Ambulan\u021bele pot pierde astfel minute importante atunci c\u00e2nd nu reu\u0219esc s\u0103 \u00eenainteze prin trafic. Unii conduc\u0103tori auto spun c\u0103 lipsa de experien\u021b\u0103 poate fi una dintre explica\u021bii. Un conduc\u0103tor auto a declarat: \u201eSunt \u0219oferi care nu \u0219tiu ce au de f\u0103cut? Cu siguran\u021b\u0103 da, probabil din lips\u0103 de experien\u021b\u0103.\u201d<\/p>\n\n\n\n<h3 class=\"wp-block-heading\" id=\"cum-ar-trebui-format-culoarul-de-salvare\"><a href=\"https:\/\/www.capital.ro\/se-schimba-regulile-in-trafic-manevra-pe-care-soferii-ar-putea-fi-obligati-sa-o-faca.html#cum-ar-trebui-format-culoarul-de-salvare\">Cum ar trebui format culoarul de salvare<\/a><\/h3>\n\n\n\n<p>Un alt \u0219ofer a descris pentru&nbsp;<a href=\"https:\/\/stirileprotv.ro\/stiri\/actualitate\/soferii-care-nu-fac-loc-ambulantelor-risca-amenzi-de-1-000-de-lei-si-permis-suspendat-ce-reguli-noi-se-pregatesc.html\" target=\"_blank\" rel=\"noreferrer noopener\">ProTV<\/a>&nbsp;situa\u021bia \u00eent\u00e2lnit\u0103 \u00een traficul din Bucure\u0219ti: \u201eAm observat traficul din Bucure\u0219ti \u0219i nu se respect\u0103, fiecare de pe o band\u0103, de pe alta. Nu se respect\u0103 nimic.\u201d<\/p>\n\n\n\n<p>Proiectul de lege urm\u0103re\u0219te tocmai stabilirea unor reguli care s\u0103 le arate conduc\u0103torilor auto ce manevre trebuie s\u0103 fac\u0103 atunci c\u00e2nd trebuie s\u0103 permit\u0103 trecerea echipajelor de interven\u021bie.<\/p>\n\n\n\n<figure class=\"wp-block-image\" id=\"attachment_1633088\"><img decoding=\"async\" src=\"https:\/\/i0.wp.com\/media.capital.ro\/wp-content\/uploads\/2026\/04\/Politisti-soferi-control-in-trafic-1200x675.jpg?resize=800%2C450&#038;ssl=1\" alt=\"Poli\u021bisti, \u0219oferi, control \u00een trafic\" class=\"wp-image-1633088\" data-recalc-dims=\"1\"\/><figcaption class=\"wp-element-caption\">SURSA FOTO: Inquam Photos, Cornel Putan \u2013 Poli\u021bisti, \u0219oferi, control \u00een trafic<\/figcaption><\/figure>\n\n\n\n<p>Potrivit ini\u021biativei legislative, regulile s-ar aplica atunci c\u00e2nd pompierii, ambulan\u021bele sau echipajele de poli\u021bie au pornite semnalele luminoase \u0219i sonore. \u0218oferii ar trebui s\u0103 creeze un culoar liber prin care echipajul s\u0103 poat\u0103 trece f\u0103r\u0103 ca traficul s\u0103 fie blocat de manevre efectuate la \u00eent\u00e2mplare.<\/p>\n\n\n\n<p>\u00cen cazul unui drum cu o singur\u0103 band\u0103 pe sens, ma\u0219inile ar trebui s\u0103 se deplaseze c\u00e2t mai aproape de marginea carosabilului. Astfel, partea din mijloc a drumului ar r\u0103m\u00e2ne liber\u0103 pentru trecerea echipajului de interven\u021bie.<\/p>\n\n\n\n<h3 class=\"wp-block-heading\" id=\"o-regula-simpla-poate-face-diferenta-in-trafic-ce-vor-trebui-sa-faca-soferii\"><a href=\"https:\/\/www.capital.ro\/se-schimba-regulile-in-trafic-manevra-pe-care-soferii-ar-putea-fi-obligati-sa-o-faca.html#o-regula-simpla-poate-face-diferenta-in-trafic-ce-vor-trebui-sa-faca-soferii\">O regul\u0103 simpl\u0103 poate face diferen\u021ba \u00een trafic. Ce vor trebui s\u0103 fac\u0103 \u0219oferii<\/a><\/h3>\n\n\n\n<p>Pe drumurile care au dou\u0103 sau mai multe benzi pe sens, regula propus\u0103 este diferit\u0103. Ma\u0219inile aflate pe banda din st\u00e2nga ar urma s\u0103 se deplaseze spre axul drumului, \u00een timp ce autoturismele de pe celelalte benzi ar trebui s\u0103 se apropie de partea dreapt\u0103.<\/p>\n\n\n\n<p>Prin aceast\u0103 pozi\u021bionare a vehiculelor se formeaz\u0103 culoarul de salvare destinat echipajelor care trebuie s\u0103 \u00eenainteze rapid prin trafic. Dumitru V\u0103duva, ini\u021biatorul proiectului de lege, a explicat motivul pentru care este propus\u0103 aceast\u0103 reglementare:<\/p>\n\n\n\n<blockquote class=\"wp-block-quote is-layout-flow wp-block-quote-is-layout-flow\">\n<p>\u201e\u00cen momentul acesta, legisla\u021bia rom\u00e2neasc\u0103 nu reglementeaz\u0103 explicit aceast\u0103 situa\u021bie \u0219i am v\u0103zut aceast\u0103 reglementare \u00een state europene, \u00een Germania, Austria, Slovenia. Am v\u0103zut, c\u0103l\u0103torind, astfel de situa\u021bii\u201d, a explicat Dumitru V\u0103duva.<\/p>\n<\/blockquote>\n\n\n\n<h3 class=\"wp-block-heading\" id=\"soferii-ar-putea-fi-avertizati-inainte-de-a-ajunge-la-un-incident\"><a href=\"https:\/\/www.capital.ro\/se-schimba-regulile-in-trafic-manevra-pe-care-soferii-ar-putea-fi-obligati-sa-o-faca.html#soferii-ar-putea-fi-avertizati-inainte-de-a-ajunge-la-un-incident\">\u0218oferii ar putea fi avertiza\u021bi \u00eenainte de a ajunge la un incident<\/a><\/h3>\n\n\n\n<p>Ini\u021biatorii proiectului analizeaz\u0103 \u0219i posibilitatea ca \u0219oferii s\u0103 primeasc\u0103 informa\u021bii din timp despre incidentele care au loc pe traseul lor. Ideea este ca ace\u0219tia s\u0103 poat\u0103 reac\u021biona \u00eenainte de formarea unei aglomera\u021bii \u0219i s\u0103 \u0219tie cum trebuie s\u0103 procedeze atunci c\u00e2nd se apropie un echipaj de interven\u021bie. Dumitru V\u0103duva a precizat c\u0103 exist\u0103 mai multe variante prin care conduc\u0103torii auto ar putea fi informa\u021bi:<\/p>\n\n\n\n<blockquote class=\"wp-block-quote is-layout-flow wp-block-quote-is-layout-flow\">\n<p>\u201eSunt diverse canale de comunicare. \u0218oferii sunt anun\u021ba\u021bi din timp de astfel de incidente \u0219i se preg\u0103tesc din timp \u0219i formeaz\u0103 culoarul de salvare. Spre exemplu, pe autostr\u0103zi s\u0103 fie anun\u021buri c\u0103 se \u00eent\u00e2mpl\u0103 un accident la nu \u0219tiu ce kilometru, \u00een condi\u021bii de avertizare pe mijloace radio.\u201d<\/p>\n<\/blockquote>\n\n\n\n<p>Potrivit proiectului, respectarea regulilor ar urma s\u0103 fie sus\u021binut\u0103 \u0219i prin sanc\u021biuni. \u0218oferii care nu acord\u0103 prioritate echipajelor de interven\u021bie, efectueaz\u0103 manevre gre\u0219ite sau ocup\u0103 culoarul destinat salv\u0103rii ar putea fi sanc\u021biona\u021bi cu o amend\u0103 de p\u00e2n\u0103 la 1.000 de lei.<\/p>\n\n\n\n<p>Pe l\u00e2ng\u0103 amend\u0103, proiectul prevede \u0219i suspendarea permisului de conducere pentru o perioad\u0103 de 30 de zile. M\u0103surile nu sunt \u00eens\u0103 \u00een vigoare \u00een acest moment, deoarece proiectul trebuie s\u0103 parcurg\u0103 procedura legislativ\u0103 \u0219i s\u0103 fie adoptat de Parlament pentru ca noile reguli s\u0103 devin\u0103 obligatorii.<\/p>\n\n\n\n<p>Sursa: capital   SURSA FOTO: Dreamstime<\/p>\n","protected":false},"excerpt":{"rendered":"<p>SURSA FOTO: Dreamstime Din cuprinsul articolului \u0218oferii&nbsp;ar putea avea reguli mai clare privind modul \u00een care trebuie s\u0103 elibereze drumul<\/p>\n","protected":false},"author":1,"featured_media":140774,"comment_status":"open","ping_status":"closed","sticky":false,"template":"","format":"standard","meta":{"spay_email":"","footnotes":"","jetpack_publicize_message":""},"categories":[82],"tags":[],"class_list":["post-140773","post","type-post","status-publish","format-standard","has-post-thumbnail","hentry","category-auto"],"jetpack_featured_media_url":"https:\/\/i2.wp.com\/realitatearutiera.ro\/wp-content\/uploads\/2026\/09\/image-2.png?fit=1200%2C675&ssl=1","jetpack_publicize_connections":[],"jetpack_sharing_enabled":true,"jetpack_shortlink":"https:\/\/wp.me\/p61naM-ACx","jetpack-related-posts":[],"_links":{"self":[{"href":"https:\/\/realitatearutiera.ro\/index.php?rest_route=\/wp\/v2\/posts\/140773","targetHints":{"allow":["GET"]}}],"collection":[{"href":"https:\/\/realitatearutiera.ro\/index.php?rest_route=\/wp\/v2\/posts"}],"about":[{"href":"https:\/\/realitatearutiera.ro\/index.php?rest_route=\/wp\/v2\/types\/post"}],"author":[{"embeddable":true,"href":"https:\/\/realitatearutiera.ro\/index.php?rest_route=\/wp\/v2\/users\/1"}],"replies":[{"embeddable":true,"href":"https:\/\/realitatearutiera.ro\/index.php?rest_route=%2Fwp%2Fv2%2Fcomments&post=140773"}],"version-history":[{"count":1,"href":"https:\/\/realitatearutiera.ro\/index.php?rest_route=\/wp\/v2\/posts\/140773\/revisions"}],"predecessor-version":[{"id":140775,"href":"https:\/\/realitatearutiera.ro\/index.php?rest_route=\/wp\/v2\/posts\/140773\/revisions\/140775"}],"wp:featuredmedia":[{"embeddable":true,"href":"https:\/\/realitatearutiera.ro\/index.php?rest_route=\/wp\/v2\/media\/140774"}],"wp:attachment":[{"href":"https:\/\/realitatearutiera.ro\/index.php?rest_route=%2Fwp%2Fv2%2Fmedia&parent=140773"}],"wp:term":[{"taxonomy":"category","embeddable":true,"href":"https:\/\/realitatearutiera.ro\/index.php?rest_route=%2Fwp%2Fv2%2Fcategories&post=140773"},{"taxonomy":"post_tag","embeddable":true,"href":"https:\/\/realitatearutiera.ro\/index.php?rest_route=%2Fwp%2Fv2%2Ftags&post=140773"}],"curies":[{"name":"wp","href":"https:\/\/api.w.org\/{rel}","templated":true}]}}