{"id":140776,"date":"2026-09-01T10:37:39","date_gmt":"2026-09-01T07:37:39","guid":{"rendered":"https:\/\/realitatearutiera.ro\/?p=140776"},"modified":"2026-09-01T10:37:43","modified_gmt":"2026-09-01T07:37:43","slug":"au-plecat-impreuna-la-drum-dar-au-ajuns-la-spital-si-in-arest-ce-consumasera-inainte-de-impact","status":"publish","type":"post","link":"https:\/\/realitatearutiera.ro\/?p=140776","title":{"rendered":"Au plecat \u00eempreun\u0103 la drum, dar au ajuns la spital \u0219i \u00een arest. Ce consumaser\u0103 \u00eenainte de impact"},"content":{"rendered":"\n<figure class=\"wp-block-image size-full\"><img loading=\"lazy\" decoding=\"async\" width=\"737\" height=\"416\" data-attachment-id=\"140777\" data-permalink=\"https:\/\/realitatearutiera.ro\/?attachment_id=140777\" data-orig-file=\"https:\/\/i2.wp.com\/realitatearutiera.ro\/wp-content\/uploads\/2026\/09\/image-3.png?fit=737%2C416&amp;ssl=1\" data-orig-size=\"737,416\" data-comments-opened=\"1\" data-image-meta=\"{&quot;aperture&quot;:&quot;0&quot;,&quot;credit&quot;:&quot;&quot;,&quot;camera&quot;:&quot;&quot;,&quot;caption&quot;:&quot;&quot;,&quot;created_timestamp&quot;:&quot;0&quot;,&quot;copyright&quot;:&quot;&quot;,&quot;focal_length&quot;:&quot;0&quot;,&quot;iso&quot;:&quot;0&quot;,&quot;shutter_speed&quot;:&quot;0&quot;,&quot;title&quot;:&quot;&quot;,&quot;orientation&quot;:&quot;0&quot;}\" data-image-title=\"image\" data-image-description=\"\" data-medium-file=\"https:\/\/i2.wp.com\/realitatearutiera.ro\/wp-content\/uploads\/2026\/09\/image-3.png?fit=300%2C169&amp;ssl=1\" data-large-file=\"https:\/\/i2.wp.com\/realitatearutiera.ro\/wp-content\/uploads\/2026\/09\/image-3.png?fit=737%2C416&amp;ssl=1\" src=\"https:\/\/i2.wp.com\/realitatearutiera.ro\/wp-content\/uploads\/2026\/09\/image-3.png?resize=737%2C416&#038;ssl=1\" alt=\"\" class=\"wp-image-140777\" srcset=\"https:\/\/i2.wp.com\/realitatearutiera.ro\/wp-content\/uploads\/2026\/09\/image-3.png?w=737&amp;ssl=1 737w, https:\/\/i2.wp.com\/realitatearutiera.ro\/wp-content\/uploads\/2026\/09\/image-3.png?resize=300%2C169&amp;ssl=1 300w\" sizes=\"auto, (max-width: 737px) 100vw, 737px\" data-recalc-dims=\"1\" \/><\/figure>\n\n\n\n<p><strong>La data de 30 august, \u00een jurul orei 01:22, poli\u021bi\u0219tii din cadrul Poli\u021biei municipiului Roman au fost sesiza\u021bi, prin apel SNUAU112, despre producerea unui accident rutier, pe DJ207D, \u00een afara localit\u0103\u021bii Sagna.<\/strong><\/p>\n\n\n\n<p>Din verific\u0103rile efectuate de poli\u021bi\u0219ti a rezultat faptul c\u0103, doi tineri cu v\u00e2rste de 22 \u0219i 27 de ani, din Sagna,&nbsp;<strong>ar fi condus pe r\u00e2nd,<\/strong>&nbsp;un autoturism pe traseul Buhonca-Sagna. \u00cen momentul \u00een care la volanul autoturismului se afla t\u00e2n\u0103rul de 22 de ani, acesta ar fi pierdut controlul asupra direc\u021biei de deplasare, ar fi p\u0103r\u0103sit partea carosabil\u0103 prin dreapta sensului s\u0103u de mers \u0219i s-ar fi r\u0103sturnat \u00een \u0219an\u021bul betonat de pe marginea p\u0103r\u021bii carosabile.<\/p>\n\n\n\n<p>\u00cen urma evenimentului rutier a rezultat r\u0103nirea t\u00e2n\u0103rului de 27 de ani, care a fost&nbsp;<strong>transportat la spital.<\/strong><\/p>\n\n\n\n<h3 class=\"wp-block-heading\" id=\"unul-consumase-alcool-celalalt-substante-interzise\">Unul consumase alcool, cel\u0103lalt substan\u021be interzise<\/h3>\n\n\n\n<p>Cei doi au fost testa\u021bi \u00een privin\u021ba consumului de alcool \u0219i substan\u021be interzise. \u00cen cazul t\u00e2n\u0103rului de 22 de ani a rezultat o valoare de 1,03 mg\/L alcool pur \u00een aerul expirat. \u00cen cazul t\u00e2n\u0103rului de 27 de ani au rezultat indicii cu privire la posibila prezen\u021b\u0103 a substan\u021belor psihoactive.<\/p>\n\n\n\n<p><em>\u201e Men\u021bion\u0103m c\u0103 aceasta nu reprezint\u0103 prob\u0103 \u00een cadrul dosarului penal, b\u0103rbatul fiind transportat la spital unde i-au fost recoltate probe biologice \u00een vederea stabilirii cu exactitate a alcoolemiei \u0219i a consumului unor substan\u021be interzise.\u201d<\/em>, a transmis IPJ Neam\u021b.<\/p>\n\n\n\n<p>Totodat\u0103, \u00een urma verific\u0103rilor desf\u0103\u0219urate de poli\u021bi\u0219ti a rezultat faptul c\u0103, t\u00e2n\u0103rul aflat la volanul vehiculului&nbsp;<strong>nu de\u021bine permis de conducere<\/strong>.<\/p>\n\n\n\n<h3 class=\"wp-block-heading\" id=\"arestare-preventiva\">Arestare preventiv\u0103<\/h3>\n\n\n\n<p>La data de 31 august, t\u00e2n\u0103rul de 22 de ani a fost prezentat judec\u0103torului de drepturi \u0219i libert\u0103\u021bi din cadrul Judec\u0103toriei Roman, care a dispus arestarea preventive a acestuia.<\/p>\n\n\n\n<p>Sursa: monitorulneamt<\/p>\n","protected":false},"excerpt":{"rendered":"<p>La data de 30 august, \u00een jurul orei 01:22, poli\u021bi\u0219tii din cadrul Poli\u021biei municipiului Roman au fost sesiza\u021bi, prin apel<\/p>\n","protected":false},"author":1,"featured_media":108046,"comment_status":"open","ping_status":"closed","sticky":false,"template":"","format":"standard","meta":{"spay_email":"","footnotes":"","jetpack_publicize_message":""},"categories":[82],"tags":[],"class_list":["post-140776","post","type-post","status-publish","format-standard","has-post-thumbnail","hentry","category-auto"],"jetpack_featured_media_url":"https:\/\/i0.wp.com\/realitatearutiera.ro\/wp-content\/uploads\/2024\/02\/masini-politie-politia-2-3ldz.jpg?fit=1224%2C816&ssl=1","jetpack_publicize_connections":[],"jetpack_sharing_enabled":true,"jetpack_shortlink":"https:\/\/wp.me\/p61naM-ACA","jetpack-related-posts":[],"_links":{"self":[{"href":"https:\/\/realitatearutiera.ro\/index.php?rest_route=\/wp\/v2\/posts\/140776","targetHints":{"allow":["GET"]}}],"collection":[{"href":"https:\/\/realitatearutiera.ro\/index.php?rest_route=\/wp\/v2\/posts"}],"about":[{"href":"https:\/\/realitatearutiera.ro\/index.php?rest_route=\/wp\/v2\/types\/post"}],"author":[{"embeddable":true,"href":"https:\/\/realitatearutiera.ro\/index.php?rest_route=\/wp\/v2\/users\/1"}],"replies":[{"embeddable":true,"href":"https:\/\/realitatearutiera.ro\/index.php?rest_route=%2Fwp%2Fv2%2Fcomments&post=140776"}],"version-history":[{"count":1,"href":"https:\/\/realitatearutiera.ro\/index.php?rest_route=\/wp\/v2\/posts\/140776\/revisions"}],"predecessor-version":[{"id":140778,"href":"https:\/\/realitatearutiera.ro\/index.php?rest_route=\/wp\/v2\/posts\/140776\/revisions\/140778"}],"wp:featuredmedia":[{"embeddable":true,"href":"https:\/\/realitatearutiera.ro\/index.php?rest_route=\/wp\/v2\/media\/108046"}],"wp:attachment":[{"href":"https:\/\/realitatearutiera.ro\/index.php?rest_route=%2Fwp%2Fv2%2Fmedia&parent=140776"}],"wp:term":[{"taxonomy":"category","embeddable":true,"href":"https:\/\/realitatearutiera.ro\/index.php?rest_route=%2Fwp%2Fv2%2Fcategories&post=140776"},{"taxonomy":"post_tag","embeddable":true,"href":"https:\/\/realitatearutiera.ro\/index.php?rest_route=%2Fwp%2Fv2%2Ftags&post=140776"}],"curies":[{"name":"wp","href":"https:\/\/api.w.org\/{rel}","templated":true}]}}