{"id":140785,"date":"2026-09-01T10:49:29","date_gmt":"2026-09-01T07:49:29","guid":{"rendered":"https:\/\/realitatearutiera.ro\/?p=140785"},"modified":"2026-09-01T10:49:33","modified_gmt":"2026-09-01T07:49:33","slug":"trei-oameni-raniti-intr-un-accident-la-targu-neamt","status":"publish","type":"post","link":"https:\/\/realitatearutiera.ro\/?p=140785","title":{"rendered":"Trei oameni r\u0103ni\u021bi \u00eentr-un accident la T\u00e2rgu-Neam\u021b"},"content":{"rendered":"\n<figure class=\"wp-block-image is-resized\"><img decoding=\"async\" src=\"https:\/\/i1.wp.com\/monitorulneamt.ro\/wp-content\/uploads\/2026\/08\/WhatsApp-Image-2026-08-31-at-13.18.07.jpeg?w=800&#038;ssl=1\" alt=\"\" style=\"aspect-ratio:0.9125940009166681;width:468px;height:auto\" data-recalc-dims=\"1\"\/><\/figure>\n\n\n\n<p><strong>La ora 17:54, prin apel la 112, a fost anun\u021bat un accident rutier produs pe strada Radu Teoharie din ora\u0219ul T\u00e2rgu-Neam\u021b unde au fost implicate dou\u0103 autoturisme.<\/strong><\/p>\n\n\n\n<h3 class=\"wp-block-heading\" id=\"interventia-echipajelor-de-salvare\">Interven\u021bia echipajelor de salvare<\/h3>\n\n\n\n<p>La locul solicit\u0103rii au fost alocate for\u021be \u0219i mijloace de interven\u021bie de la Deta\u0219amentul de pompieri T\u00e2rgu-Neam\u021b, SAJ \u0219i IPJ. \u00cen cele dou\u0103 autoturisme implicate \u00een accident se aflau trei persoane, dintre care un minor. P\u00e2n\u0103 la sosirea for\u021belor de interven\u021bie cele trei persoane s-au autoevacuat.<\/p>\n\n\n\n<h3 class=\"wp-block-heading\" id=\"o-victima-a-ajuns-la-spital\">O victim\u0103 a ajuns la spital<\/h3>\n\n\n\n<p>O femeie, \u00een v\u00e2rst\u0103 de 63 de ani, a primit \u00eengrijiri medicale de la echipajul SAJ \u0219i ulterior transportat\u0103 la spital. Pompierii au ac\u021bionat pentru asigurarea m\u0103surilor specifice de ap\u0103rare \u00eempotriva incendiilor \u0219i pentru cur\u0103\u021barea carosabilului de elementele rezultate \u00een urma accidentului rutier.<\/p>\n\n\n\n<p>Sursa: monitorulneamt<\/p>\n","protected":false},"excerpt":{"rendered":"<p>La ora 17:54, prin apel la 112, a fost anun\u021bat un accident rutier produs pe strada Radu Teoharie din ora\u0219ul<\/p>\n","protected":false},"author":1,"featured_media":99387,"comment_status":"open","ping_status":"closed","sticky":false,"template":"","format":"standard","meta":{"spay_email":"","footnotes":"","jetpack_publicize_message":""},"categories":[1],"tags":[],"class_list":["post-140785","post","type-post","status-publish","format-standard","has-post-thumbnail","hentry","category-uncategorized"],"jetpack_featured_media_url":"https:\/\/i0.wp.com\/realitatearutiera.ro\/wp-content\/uploads\/2023\/05\/accident-ambulanta-poza-buna_b920cdfaf1.jpg?fit=1920%2C1080&ssl=1","jetpack_publicize_connections":[],"jetpack_sharing_enabled":true,"jetpack_shortlink":"https:\/\/wp.me\/p61naM-ACJ","jetpack-related-posts":[],"_links":{"self":[{"href":"https:\/\/realitatearutiera.ro\/index.php?rest_route=\/wp\/v2\/posts\/140785","targetHints":{"allow":["GET"]}}],"collection":[{"href":"https:\/\/realitatearutiera.ro\/index.php?rest_route=\/wp\/v2\/posts"}],"about":[{"href":"https:\/\/realitatearutiera.ro\/index.php?rest_route=\/wp\/v2\/types\/post"}],"author":[{"embeddable":true,"href":"https:\/\/realitatearutiera.ro\/index.php?rest_route=\/wp\/v2\/users\/1"}],"replies":[{"embeddable":true,"href":"https:\/\/realitatearutiera.ro\/index.php?rest_route=%2Fwp%2Fv2%2Fcomments&post=140785"}],"version-history":[{"count":1,"href":"https:\/\/realitatearutiera.ro\/index.php?rest_route=\/wp\/v2\/posts\/140785\/revisions"}],"predecessor-version":[{"id":140786,"href":"https:\/\/realitatearutiera.ro\/index.php?rest_route=\/wp\/v2\/posts\/140785\/revisions\/140786"}],"wp:featuredmedia":[{"embeddable":true,"href":"https:\/\/realitatearutiera.ro\/index.php?rest_route=\/wp\/v2\/media\/99387"}],"wp:attachment":[{"href":"https:\/\/realitatearutiera.ro\/index.php?rest_route=%2Fwp%2Fv2%2Fmedia&parent=140785"}],"wp:term":[{"taxonomy":"category","embeddable":true,"href":"https:\/\/realitatearutiera.ro\/index.php?rest_route=%2Fwp%2Fv2%2Fcategories&post=140785"},{"taxonomy":"post_tag","embeddable":true,"href":"https:\/\/realitatearutiera.ro\/index.php?rest_route=%2Fwp%2Fv2%2Ftags&post=140785"}],"curies":[{"name":"wp","href":"https:\/\/api.w.org\/{rel}","templated":true}]}}