{"id":140787,"date":"2026-09-01T10:53:28","date_gmt":"2026-09-01T07:53:28","guid":{"rendered":"https:\/\/realitatearutiera.ro\/?p=140787"},"modified":"2026-09-01T10:53:32","modified_gmt":"2026-09-01T07:53:32","slug":"permis-pe-scurtatura-contra-700-de-euro-planul-s-a-incheiat-cu-dosar-penal","status":"publish","type":"post","link":"https:\/\/realitatearutiera.ro\/?p=140787","title":{"rendered":"Permis \u201epe scurt\u0103tur\u0103\u201d, contra 700 de euro. Planul s-a \u00eencheiat cu dosar penal"},"content":{"rendered":"\n<figure class=\"wp-block-image size-full is-resized\"><img loading=\"lazy\" decoding=\"async\" width=\"696\" height=\"418\" data-attachment-id=\"140788\" data-permalink=\"https:\/\/realitatearutiera.ro\/?attachment_id=140788\" data-orig-file=\"https:\/\/i1.wp.com\/realitatearutiera.ro\/wp-content\/uploads\/2026\/09\/image-4.png?fit=696%2C418&amp;ssl=1\" data-orig-size=\"696,418\" data-comments-opened=\"1\" data-image-meta=\"{&quot;aperture&quot;:&quot;0&quot;,&quot;credit&quot;:&quot;&quot;,&quot;camera&quot;:&quot;&quot;,&quot;caption&quot;:&quot;&quot;,&quot;created_timestamp&quot;:&quot;0&quot;,&quot;copyright&quot;:&quot;&quot;,&quot;focal_length&quot;:&quot;0&quot;,&quot;iso&quot;:&quot;0&quot;,&quot;shutter_speed&quot;:&quot;0&quot;,&quot;title&quot;:&quot;&quot;,&quot;orientation&quot;:&quot;0&quot;}\" data-image-title=\"image\" data-image-description=\"\" data-medium-file=\"https:\/\/i1.wp.com\/realitatearutiera.ro\/wp-content\/uploads\/2026\/09\/image-4.png?fit=300%2C180&amp;ssl=1\" data-large-file=\"https:\/\/i1.wp.com\/realitatearutiera.ro\/wp-content\/uploads\/2026\/09\/image-4.png?fit=696%2C418&amp;ssl=1\" src=\"https:\/\/i1.wp.com\/realitatearutiera.ro\/wp-content\/uploads\/2026\/09\/image-4.png?resize=696%2C418&#038;ssl=1\" alt=\"\" class=\"wp-image-140788\" style=\"width:536px;height:auto\" srcset=\"https:\/\/i1.wp.com\/realitatearutiera.ro\/wp-content\/uploads\/2026\/09\/image-4.png?w=696&amp;ssl=1 696w, https:\/\/i1.wp.com\/realitatearutiera.ro\/wp-content\/uploads\/2026\/09\/image-4.png?resize=300%2C180&amp;ssl=1 300w\" sizes=\"auto, (max-width: 696px) 100vw, 696px\" data-recalc-dims=\"1\" \/><\/figure>\n\n\n\n<p><strong>Un t\u00e2n\u0103r de 22 de ani a fost depistat la frontiera de la St\u00e2nca av\u00e2nd asupra sa un permis de conducere fals, pentru care sus\u021bine c\u0103 a pl\u0103tit 700 de euro. Documentul purta \u00eensemnele autorit\u0103\u021bilor din Republica Moldova \u0219i con\u021binea fotografia \u0219i datele sale reale de identificare.<\/strong><\/p>\n\n\n\n<p>Incidentul a avut loc pe 29 august, \u00een jurul orei 19:30. T\u00e2n\u0103rul, care are dubl\u0103 cet\u0103\u021benie, rom\u00e2n\u0103 \u0219i moldoveneasc\u0103, c\u0103l\u0103torea ca pasager \u00eentr-un microbuz \u00eenmatriculat \u00een Republica Moldova.<\/p>\n\n\n\n<h3 class=\"wp-block-heading\"><strong>Permisul nu avea elementele unui document autentic<\/strong><\/h3>\n\n\n\n<p>\u00cen timpul controlului, poli\u021bi\u0219tii de frontier\u0103 au g\u0103sit asupra t\u00e2n\u0103rului permisul aparent emis de autorit\u0103\u021bile moldovene\u0219ti.<\/p>\n\n\n\n<p>Verific\u0103rile efectuate au ar\u0103tat c\u0103 documentul nu \u00eendeplinea condi\u021biile de form\u0103 \u0219i de fond ale unui permis autentic. Poli\u021bi\u0219tii au stabilit astfel c\u0103 actul era fals.<\/p>\n\n\n\n<h3 class=\"wp-block-heading\"><strong>Cump\u0103rat de pe o re\u021bea de socializare<\/strong><\/h3>\n\n\n\n<p>T\u00e2n\u0103rul le-a spus poli\u021bi\u0219tilor c\u0103 a ob\u021binut permisul \u00een anul 2022, \u00een timp ce se afla \u00een Germania. El ar fi intrat \u00een leg\u0103tur\u0103, prin intermediul unei re\u021bele de socializare, cu un cona\u021bional c\u0103ruia i-a pl\u0103tit 700 de euro.<\/p>\n\n\n\n<p>B\u0103rbatul a sus\u021binut c\u0103 nu \u0219tia c\u0103 permisul primit era fals.&nbsp;Poli\u021bi\u0219tii de frontier\u0103 efectueaz\u0103 cercet\u0103ri pentru instigare la fals material \u00een \u00eenscrisuri oficiale, urm\u00e2nd ca la finalizarea verific\u0103rilor s\u0103 fie luate m\u0103surile legale.<\/p>\n\n\n\n<p>Sursa\/ foto: monitorulbt<\/p>\n","protected":false},"excerpt":{"rendered":"<p>Un t\u00e2n\u0103r de 22 de ani a fost depistat la frontiera de la St\u00e2nca av\u00e2nd asupra sa un permis de<\/p>\n","protected":false},"author":1,"featured_media":140788,"comment_status":"open","ping_status":"closed","sticky":false,"template":"","format":"standard","meta":{"spay_email":"","footnotes":"","jetpack_publicize_message":""},"categories":[82],"tags":[],"class_list":["post-140787","post","type-post","status-publish","format-standard","has-post-thumbnail","hentry","category-auto"],"jetpack_featured_media_url":"https:\/\/i1.wp.com\/realitatearutiera.ro\/wp-content\/uploads\/2026\/09\/image-4.png?fit=696%2C418&ssl=1","jetpack_publicize_connections":[],"jetpack_sharing_enabled":true,"jetpack_shortlink":"https:\/\/wp.me\/p61naM-ACL","jetpack-related-posts":[],"_links":{"self":[{"href":"https:\/\/realitatearutiera.ro\/index.php?rest_route=\/wp\/v2\/posts\/140787","targetHints":{"allow":["GET"]}}],"collection":[{"href":"https:\/\/realitatearutiera.ro\/index.php?rest_route=\/wp\/v2\/posts"}],"about":[{"href":"https:\/\/realitatearutiera.ro\/index.php?rest_route=\/wp\/v2\/types\/post"}],"author":[{"embeddable":true,"href":"https:\/\/realitatearutiera.ro\/index.php?rest_route=\/wp\/v2\/users\/1"}],"replies":[{"embeddable":true,"href":"https:\/\/realitatearutiera.ro\/index.php?rest_route=%2Fwp%2Fv2%2Fcomments&post=140787"}],"version-history":[{"count":1,"href":"https:\/\/realitatearutiera.ro\/index.php?rest_route=\/wp\/v2\/posts\/140787\/revisions"}],"predecessor-version":[{"id":140789,"href":"https:\/\/realitatearutiera.ro\/index.php?rest_route=\/wp\/v2\/posts\/140787\/revisions\/140789"}],"wp:featuredmedia":[{"embeddable":true,"href":"https:\/\/realitatearutiera.ro\/index.php?rest_route=\/wp\/v2\/media\/140788"}],"wp:attachment":[{"href":"https:\/\/realitatearutiera.ro\/index.php?rest_route=%2Fwp%2Fv2%2Fmedia&parent=140787"}],"wp:term":[{"taxonomy":"category","embeddable":true,"href":"https:\/\/realitatearutiera.ro\/index.php?rest_route=%2Fwp%2Fv2%2Fcategories&post=140787"},{"taxonomy":"post_tag","embeddable":true,"href":"https:\/\/realitatearutiera.ro\/index.php?rest_route=%2Fwp%2Fv2%2Ftags&post=140787"}],"curies":[{"name":"wp","href":"https:\/\/api.w.org\/{rel}","templated":true}]}}