{"id":140793,"date":"2026-09-01T11:10:34","date_gmt":"2026-09-01T08:10:34","guid":{"rendered":"https:\/\/realitatearutiera.ro\/?p=140793"},"modified":"2026-09-01T11:10:38","modified_gmt":"2026-09-01T08:10:38","slug":"europa-in-culori-de-toamna-10-destinatii-care-iti-taie-rasuflarea","status":"publish","type":"post","link":"https:\/\/realitatearutiera.ro\/?p=140793","title":{"rendered":"Europa \u00een culori de toamn\u0103: 10 destina\u021bii care \u00ee\u021bi taie r\u0103suflarea"},"content":{"rendered":"\n<p>Septembrie \u0219i octombrie sunt luni \u00een care multe dintre destina\u021biile europene \u00ee\u0219i schimb\u0103 treptat atmosfera.&nbsp;\u00cen nord, p\u0103durile \u00eencep s\u0103 capete nuan\u021be de ar\u0103miu \u0219i auriu, \u00een regiunile viticole \u00eencepe perioada recoltelor, iar \u00een sud temperaturile r\u0103m\u00e2n suficient de bl\u00e2nde pentru ca o vacan\u021b\u0103 \u00een aer liber s\u0103 fie \u00eenc\u0103 foarte pl\u0103cut\u0103. Peste toate acestea se adaug\u0103 un lucru pe care \u00eel caut\u0103 tot mai mul\u021bi c\u0103l\u0103tori: dup\u0103 aglomera\u021bia din iulie \u0219i august, multe dintre destina\u021biile celebre \u00ee\u0219i recap\u0103t\u0103 ritmul obi\u0219nuit.<br><img loading=\"lazy\" decoding=\"async\" src=\"https:\/\/i0.wp.com\/cdn.adh.reperio.news\/image-1\/12c23c4b-dd11-4d6d-b2dc-1ccc05de7445\/index.jpeg?resize=800%2C533&#038;ssl=1\" alt=\"Peisaj de toamn\u0103 cu frunze ar\u0103mii\" width=\"800\" height=\"533\"  data-recalc-dims=\"1\"><\/p>\n\n\n\n<p>Peisajele de toamn\u0103 sunt superbe \u00een anumite zone din Europa, \u00een special din Rom\u00e2nia&nbsp;Foto:&nbsp;Pixabay<\/p>\n\n\n\n<p>Am ales zece destina\u021bii \u00een care schimbarea anotimpului aduce ceva \u00een plus: peisaje mai spectaculoase, temperaturi mai u\u0219or de suportat, produse de sezon \u015fi&nbsp;<a href=\"https:\/\/adevarul.ro\/stil-de-viata\/calatorii\/care-sunt-cele-mai-ieftine-destinatii-de-2552089.html\" target=\"_blank\" rel=\"noreferrer noopener\">drumuri mai lini\u0219tite<\/a>.<\/p>\n\n\n\n<h2 class=\"wp-block-heading\">1. Tenerife, Insulele Canare, Spania &#8211; o var\u0103 care mai continu\u0103 c\u00e2teva s\u0103pt\u0103m\u00e2ni<\/h2>\n\n\n\n<p>\u00cen timp ce mare parte din Europa \u00eencepe s\u0103 se preg\u0103teasc\u0103 pentru sezonul rece, Tenerife p\u0103streaz\u0103 una dintre cele mai pl\u0103cute clime pentru o vacan\u021b\u0103 de toamn\u0103, potrivit&nbsp;<a href=\"https:\/\/www.nationalgeographic.com\/\" target=\"_blank\" rel=\"noreferrer noopener\">National Geographic<\/a>. Insula este o alegere potrivit\u0103 at\u00e2t pentru cei care \u00eenc\u0103 vor c\u00e2teva zile la ocean, c\u00e2t \u0219i pentru cei care prefer\u0103 s\u0103 descopere un peisaj vulcanic prin drume\u021bii \u0219i excursii.<img loading=\"lazy\" decoding=\"async\" src=\"https:\/\/i1.wp.com\/cdn.adh.reperio.news\/image-e\/e4c8062b-73d7-4d70-9a00-2f29f057cc34\/index.jpeg?resize=800%2C534&#038;ssl=1\" alt=\"Tenerife\" width=\"800\" height=\"534\"  data-recalc-dims=\"1\"><\/p>\n\n\n\n<p>Vara mai dureaz\u0103 c\u00e2teva s\u0103pt\u0103m\u00e2ni \u00een Tenerife&nbsp;Foto:&nbsp;Shutterstock<\/p>\n\n\n\n<p>Tenerife este mult mai divers\u0103 dec\u00e2t ar putea sugera imaginea sta\u021biunilor de coast\u0103. \u00cen centrul insulei se afl\u0103 Parcul Na\u021bional Teide, dominat de vulcanul care este \u0219i cel mai \u00eenalt v\u00e2rf al Spaniei, iar \u00eentre munte \u0219i ocean se \u00eentind sate, planta\u021bii \u0219i drumuri spectaculoase care pot fi parcurse \u00eentr-o excursie de o zi.<\/p>\n\n\n\n<p>Toamna este un moment bun pentru a combina cele dou\u0103 fe\u021be ale insulei. Dimine\u021bile pot fi rezervate pentru trasee \u00een zonele montane, iar dup\u0103-amiezile pentru plaj\u0103 sau o plimbare pe coast\u0103. Temperaturile sunt, \u00een general, mult mai prietenoase dec\u00e2t \u00een multe dintre destina\u021biile continentale ale Europei, f\u0103r\u0103 c\u0103ldura excesiv\u0103 care poate face uneori dificil\u0103 explorarea insulei \u00een plin\u0103 var\u0103.<\/p>\n\n\n\n<p>Pentru cei care nu sunt preg\u0103ti\u021bi s\u0103 renun\u021be la soare \u00een septembrie sau octombrie, Tenerife este una dintre cele mai bune variante pe care le ofer\u0103 Europa.<\/p>\n\n\n\n<h2 class=\"wp-block-heading\">2. Transilvania, Rom\u00e2nia &#8211; p\u0103durile \u0219i satele medievale \u00een culori de toamn\u0103<\/h2>\n\n\n\n<p>Toamna pare s\u0103 fi fost f\u0103cut\u0103 pentru Transilvania. P\u0103durile care acoper\u0103 Carpa\u021bii \u00ee\u0219i schimb\u0103 treptat culoarea, iar satele s\u0103se\u0219ti, cet\u0103\u021bile \u0219i ora\u0219ele medievale cap\u0103t\u0103 un decor care face ca o c\u0103l\u0103torie prin regiune s\u0103 fie foarte diferit\u0103 de cea din timpul verii.<img loading=\"lazy\" decoding=\"async\" src=\"https:\/\/i1.wp.com\/cdn.adh.reperio.news\/image-7\/7ee63005-bcc8-4b2c-99a9-dd3a5b160401\/index.jpeg?resize=800%2C534&#038;ssl=1\" alt=\"Piatra Craiului\" width=\"800\" height=\"534\"  data-recalc-dims=\"1\"><\/p>\n\n\n\n<p>Piatra Craiului&nbsp;Foto:&nbsp;Shutterstock<\/p>\n\n\n\n<p>Bra\u0219ovul poate fi punctul de plecare pentru un traseu care continu\u0103 spre Bran \u0219i Piatra Craiului, iar de aici c\u0103l\u0103toria poate merge mai departe spre Viscri, Sighi\u0219oara \u0219i Sibiu. Distan\u021bele permit construirea unui itinerar \u00een care natura \u0219i patrimoniul se completeaz\u0103 firesc, f\u0103r\u0103 ca vacan\u021ba s\u0103 devin\u0103 o succesiune de obiective bifate \u00een grab\u0103.<img loading=\"lazy\" decoding=\"async\" src=\"https:\/\/i2.wp.com\/cdn.adh.reperio.news\/image-0\/023bf892-8ec4-487a-873a-9ed6667438da\/index.jpeg?resize=800%2C533&#038;ssl=1\" alt=\"Sighi\u0219oara\" width=\"800\" height=\"533\"  data-recalc-dims=\"1\"><\/p>\n\n\n\n<p>Sighi\u0219oara&nbsp;Foto:&nbsp;Shutterstock<\/p>\n\n\n\n<p>La \u00eenceputul toamnei, \u0219i drumurile montane sunt o atrac\u021bie \u00een sine. Transf\u0103g\u0103r\u0103\u0219anul ofer\u0103 priveli\u0219ti spectaculoase asupra versan\u021bilor, iar culorile care apar treptat pe m\u0103sur\u0103 ce sezonul avanseaz\u0103 schimb\u0103 complet peisajul.<\/p>\n\n\n\n<p>Exist\u0103 \u0219i o alt\u0103 fa\u021b\u0103 a toamnei transilv\u0103nene, mai pu\u021bin spectaculoas\u0103 \u00een fotografii, dar cel pu\u021bin la fel de important\u0103 pentru o c\u0103l\u0103torie: gastronomia. Este perioada produselor de sezon, a recoltelor \u0219i a meselor consistente, iar pensiunile \u0219i restaurantele din regiune pot transforma c\u0103l\u0103toria prin sate \u00eentr-o experien\u021b\u0103 culinar\u0103 la fel de interesant\u0103 ca peisajul.<\/p>\n\n\n\n<h2 class=\"wp-block-heading\">3. Slovenia &#8211; Lacul Bled, Alpii Iulieni \u0219i p\u0103durile care \u00ee\u0219i schimb\u0103 culoarea<\/h2>\n\n\n\n<p>Slovenia are un avantaj important pentru o c\u0103l\u0103torie de toamn\u0103: \u00eentr-un spa\u021biu relativ mic reune\u0219te lacuri, mun\u021bi, p\u0103duri, ora\u0219e \u0219i sate care pot fi legate \u00eentr-un singur traseu.<\/p>\n\n\n\n<p>Lacul Bled este, f\u0103r\u0103 \u00eendoial\u0103, cea mai cunoscut\u0103 imagine a \u021b\u0103rii, \u00eens\u0103 toamna merit\u0103 continuat\u0103 c\u0103l\u0103toria spre Alpii Iulieni \u0219i valea So\u010da, unde p\u0103durile \u00eencep s\u0103 capete nuan\u021be de galben \u0219i ar\u0103miu, iar peisajul montan devine \u0219i mai spectaculos.<img loading=\"lazy\" decoding=\"async\" src=\"https:\/\/i1.wp.com\/cdn.adh.reperio.news\/image-4\/46ef3a21-409e-4489-bd34-dac5b56f82b7\/index.jpeg?resize=800%2C533&#038;ssl=1\" alt=\"P\u0103duri din Alpii Iulieni\" width=\"800\" height=\"533\"  data-recalc-dims=\"1\"><\/p>\n\n\n\n<p>P\u0103durile din Alpii Iulieni \u00ee\u0219i schimb\u0103 culoarea&nbsp;Foto:&nbsp;Shutterstock<\/p>\n\n\n\n<p>Pentru o vacan\u021b\u0103 de c\u00e2teva zile, combina\u021bia dintre Ljubljana \u0219i zonele alpine func\u021bioneaz\u0103 foarte bine. Capitala poate fi explorat\u0103 la pas, iar apoi, \u00eentr-un timp relativ scurt, se poate ajunge \u00een regiuni \u00een care natura devine principalul punct de atrac\u021bie.<\/p>\n\n\n\n<p>Toamna aduce \u0219i un ritm mai lini\u0219tit, dup\u0103 lunile de var\u0103 \u00een care cele mai cunoscute locuri din Slovenia pot fi aglomerate. Traseele, lacurile \u0219i localit\u0103\u021bile mici pot fi astfel descoperite f\u0103r\u0103 senza\u021bia c\u0103 trebuie s\u0103 te gr\u0103be\u0219ti de la un obiectiv la altul.<\/p>\n\n\n\n<h2 class=\"wp-block-heading\">4. Toscana, Italia &#8211; sezonul recoltelor \u015fi al vinului<\/h2>\n\n\n\n<p>Toscana este una dintre regiunile europene \u00een care toamna nu schimb\u0103 doar peisajul, ci \u0219i ceea ce ajunge pe mas\u0103.<\/p>\n\n\n\n<p>Podgoriile din jurul Floren\u021bei, Sienei \u0219i Val d&#8217;Orcia intr\u0103 \u00een perioada recoltelor, iar vinul, uleiul de m\u0103sline, trufele, castanele \u0219i alte produse locale devin parte din experien\u021ba unei c\u0103l\u0103torii prin regiune.<img loading=\"lazy\" decoding=\"async\" src=\"https:\/\/i0.wp.com\/cdn.adh.reperio.news\/image-7\/746ce129-6bf8-474b-a334-92cdab2cd412\/index.jpeg?resize=800%2C325&#038;ssl=1\" alt=\"Dealuri cu vii din Toscana\" width=\"800\" height=\"325\"  data-recalc-dims=\"1\"><\/p>\n\n\n\n<p>Toamna este sezonul vinului \u00een Toscana&nbsp;Foto:&nbsp;(c) 2025 Freesurf\/Shutterstock. No use without permission.<\/p>\n\n\n\n<p>\u00cen acela\u0219i timp, temperaturile mai bl\u00e2nde fac mai pl\u0103cute drumurile dintre ora\u0219ele \u0219i satele Toscanei. Floren\u021ba \u0219i Siena r\u0103m\u00e2n puncte importante ale unei astfel de c\u0103l\u0103torii, \u00eens\u0103 farmecul toamnei se simte mai ales atunci c\u00e2nd p\u0103r\u0103se\u0219ti ora\u0219ele \u0219i urm\u0103re\u0219ti drumurile dintre dealuri, podgorii \u0219i localit\u0103\u021bi medievale.<\/p>\n\n\n\n<p>Val d&#8217;Orcia este una dintre zonele care merit\u0103 inclus\u0103 \u00eentr-un asemenea traseu. Peisajul este deja celebru, dar lumina \u0219i culorile de toamn\u0103 \u00eei schimb\u0103 subtil aspectul, iar sezonul recoltelor adaug\u0103 o dimensiune pe care o vacan\u021b\u0103 de var\u0103 nu o poate oferi \u00een acela\u0219i fel.<\/p>\n\n\n\n<p>Pentru Toscana, toamna \u00eenseamn\u0103, a\u0219adar, mai mult dec\u00e2t frunze colorate. Este perioada \u00een care peisajul, vinul \u0219i gastronomia se \u00eent\u00e2lnesc cel mai firesc.<\/p>\n\n\n\n<h2 class=\"wp-block-heading\">5. Umbria, Italia &#8211; dealuri, sate medievale \u0219i gustul toamnei<\/h2>\n\n\n\n<p>La nord de Roma \u0219i \u00een apropierea Toscanei se afl\u0103 Umbria, o regiune mai pu\u021bin cunoscut\u0103 interna\u021bional, dar care poate fi deosebit de pl\u0103cut\u0103 \u00een lunile de toamn\u0103.<\/p>\n\n\n\n<p>Peisajul este dominat de dealuri \u0219i p\u0103duri, iar localit\u0103\u021bile medievale precum Assisi, Perugia \u0219i Spello ofer\u0103 suficiente motive pentru opriri de c\u00e2teva ore sau chiar pentru nop\u021bi petrecute \u00een interiorul regiunii.<\/p>\n\n\n\n<p>Toamna este \u00eens\u0103 perioada \u00een care Umbria \u00ee\u0219i arat\u0103 cel mai bine latura gastronomic\u0103. Trufele \u0219i ciupercile apar \u00een meniurile restaurantelor, castanele devin produse de sezon, iar recoltarea m\u0103slinelor \u0219i produc\u021bia uleiului nou adaug\u0103 un motiv \u00een plus pentru a descoperi zona \u00een aceast\u0103 perioad\u0103.<\/p>\n\n\n\n<p>Sursa: adevarul            Piatra Craiului\u00a0Foto:\u00a0Shutterstock<\/p>\n\n\n\n<p><\/p>\n","protected":false},"excerpt":{"rendered":"<p>Septembrie \u0219i octombrie sunt luni \u00een care multe dintre destina\u021biile europene \u00ee\u0219i schimb\u0103 treptat atmosfera.&nbsp;\u00cen nord, p\u0103durile \u00eencep s\u0103 capete<\/p>\n","protected":false},"author":1,"featured_media":140794,"comment_status":"open","ping_status":"closed","sticky":false,"template":"","format":"standard","meta":{"spay_email":"","footnotes":"","jetpack_publicize_message":""},"categories":[6],"tags":[],"class_list":["post-140793","post","type-post","status-publish","format-standard","has-post-thumbnail","hentry","category-social"],"jetpack_featured_media_url":"https:\/\/realitatearutiera.ro\/wp-content\/uploads\/2026\/09\/index.webp","jetpack_publicize_connections":[],"jetpack_sharing_enabled":true,"jetpack_shortlink":"https:\/\/wp.me\/p61naM-ACR","jetpack-related-posts":[],"_links":{"self":[{"href":"https:\/\/realitatearutiera.ro\/index.php?rest_route=\/wp\/v2\/posts\/140793","targetHints":{"allow":["GET"]}}],"collection":[{"href":"https:\/\/realitatearutiera.ro\/index.php?rest_route=\/wp\/v2\/posts"}],"about":[{"href":"https:\/\/realitatearutiera.ro\/index.php?rest_route=\/wp\/v2\/types\/post"}],"author":[{"embeddable":true,"href":"https:\/\/realitatearutiera.ro\/index.php?rest_route=\/wp\/v2\/users\/1"}],"replies":[{"embeddable":true,"href":"https:\/\/realitatearutiera.ro\/index.php?rest_route=%2Fwp%2Fv2%2Fcomments&post=140793"}],"version-history":[{"count":1,"href":"https:\/\/realitatearutiera.ro\/index.php?rest_route=\/wp\/v2\/posts\/140793\/revisions"}],"predecessor-version":[{"id":140795,"href":"https:\/\/realitatearutiera.ro\/index.php?rest_route=\/wp\/v2\/posts\/140793\/revisions\/140795"}],"wp:featuredmedia":[{"embeddable":true,"href":"https:\/\/realitatearutiera.ro\/index.php?rest_route=\/wp\/v2\/media\/140794"}],"wp:attachment":[{"href":"https:\/\/realitatearutiera.ro\/index.php?rest_route=%2Fwp%2Fv2%2Fmedia&parent=140793"}],"wp:term":[{"taxonomy":"category","embeddable":true,"href":"https:\/\/realitatearutiera.ro\/index.php?rest_route=%2Fwp%2Fv2%2Fcategories&post=140793"},{"taxonomy":"post_tag","embeddable":true,"href":"https:\/\/realitatearutiera.ro\/index.php?rest_route=%2Fwp%2Fv2%2Ftags&post=140793"}],"curies":[{"name":"wp","href":"https:\/\/api.w.org\/{rel}","templated":true}]}}