{"id":140805,"date":"2026-09-01T11:40:11","date_gmt":"2026-09-01T08:40:11","guid":{"rendered":"https:\/\/realitatearutiera.ro\/?p=140805"},"modified":"2026-09-01T11:40:14","modified_gmt":"2026-09-01T08:40:14","slug":"soferii-atentionati-de-rar-ce-reguli-se-aplica-pentru-vesta-si-extinctor","status":"publish","type":"post","link":"https:\/\/realitatearutiera.ro\/?p=140805","title":{"rendered":"\u0218oferii, aten\u021biona\u021bi de RAR: ce reguli se aplic\u0103 pentru vest\u0103 \u0219i extinctor"},"content":{"rendered":"\n<figure class=\"wp-block-image size-large is-resized\"><img loading=\"lazy\" decoding=\"async\" width=\"800\" height=\"450\" data-attachment-id=\"140808\" data-permalink=\"https:\/\/realitatearutiera.ro\/?attachment_id=140808\" data-orig-file=\"https:\/\/i0.wp.com\/realitatearutiera.ro\/wp-content\/uploads\/2026\/09\/image-10.png?fit=1920%2C1080&amp;ssl=1\" data-orig-size=\"1920,1080\" data-comments-opened=\"1\" data-image-meta=\"{&quot;aperture&quot;:&quot;0&quot;,&quot;credit&quot;:&quot;&quot;,&quot;camera&quot;:&quot;&quot;,&quot;caption&quot;:&quot;&quot;,&quot;created_timestamp&quot;:&quot;0&quot;,&quot;copyright&quot;:&quot;&quot;,&quot;focal_length&quot;:&quot;0&quot;,&quot;iso&quot;:&quot;0&quot;,&quot;shutter_speed&quot;:&quot;0&quot;,&quot;title&quot;:&quot;&quot;,&quot;orientation&quot;:&quot;0&quot;}\" data-image-title=\"image\" data-image-description=\"\" data-medium-file=\"https:\/\/i0.wp.com\/realitatearutiera.ro\/wp-content\/uploads\/2026\/09\/image-10.png?fit=300%2C169&amp;ssl=1\" data-large-file=\"https:\/\/i0.wp.com\/realitatearutiera.ro\/wp-content\/uploads\/2026\/09\/image-10.png?fit=800%2C450&amp;ssl=1\" src=\"https:\/\/i2.wp.com\/realitatearutiera.ro\/wp-content\/uploads\/2026\/09\/image-10-1024x576.png?resize=800%2C450&#038;ssl=1\" alt=\"\" class=\"wp-image-140808\" style=\"width:481px;height:auto\" srcset=\"https:\/\/i0.wp.com\/realitatearutiera.ro\/wp-content\/uploads\/2026\/09\/image-10.png?resize=1024%2C576&amp;ssl=1 1024w, https:\/\/i0.wp.com\/realitatearutiera.ro\/wp-content\/uploads\/2026\/09\/image-10.png?resize=300%2C169&amp;ssl=1 300w, https:\/\/i0.wp.com\/realitatearutiera.ro\/wp-content\/uploads\/2026\/09\/image-10.png?resize=768%2C432&amp;ssl=1 768w, https:\/\/i0.wp.com\/realitatearutiera.ro\/wp-content\/uploads\/2026\/09\/image-10.png?resize=1536%2C864&amp;ssl=1 1536w, https:\/\/i0.wp.com\/realitatearutiera.ro\/wp-content\/uploads\/2026\/09\/image-10.png?w=1920&amp;ssl=1 1920w, https:\/\/i0.wp.com\/realitatearutiera.ro\/wp-content\/uploads\/2026\/09\/image-10.png?w=1600 1600w\" sizes=\"auto, (max-width: 800px) 100vw, 800px\" data-recalc-dims=\"1\" \/><\/figure>\n\n\n\n<p>Vesta reflectorizant\u0103 nu este obligatorie \u00een cazul autoturismelor, spre deosebire de autovehiculele cu masa mai mare de 3,5 tone, explic\u0103 speciali\u0219tii Registrului Auto Rom\u00e2n (RAR).<\/p>\n\n\n\n<p>RAR le recomand\u0103 \u0219oferilor \u00eentr-o postare pe Facebook s\u0103 acorde aten\u021bie \u0219i modului \u00een care depoziteaz\u0103 echipamentele de siguran\u021b\u0103 din ma\u0219in\u0103, precum extinctorul, trusa medical\u0103 \u0219i triunghiurile reflectorizante.<\/p>\n\n\n\n<p>\u00cen cazul unui incendiu izbucnit la autovehicul, timpul de reac\u021bie este esen\u021bial, iar un extinctor depozitat sub podeaua portbagajului, \u00een spatele unor bagaje voluminoase, poate deveni dificil sau chiar imposibil de folosit rapid, precizeaz\u0103 Registrul Auto Rom\u00e2n.<\/p>\n\n\n\n<h2 class=\"wp-block-heading\">Unde trebuie p\u0103strat extinctorul<\/h2>\n\n\n\n<p>Speciali\u0219tii recomand\u0103 ca extinctorul s\u0103 fie p\u0103strat \u00eentr-un loc u\u0219or accesibil, astfel \u00eenc\u00e2t \u0219oferul s\u0103 \u00eel poat\u0103 lua imediat \u00een cazul unei situa\u021bii de urgen\u021b\u0103. De asemenea, este recomandat\u0103 achizi\u021bionarea unor produse certificate de RAR sau de organisme similare din alte \u021b\u0103ri.<\/p>\n\n\n\n<p>\u0218oferii trebuie s\u0103 verifice periodic \u0219i data de expirare a extinctorului \u0219i a trusei medicale de prim ajutor. Utilizarea unor echipamente cu termenul de valabilitate dep\u0103\u0219it poate atrage sanc\u021biuni din partea poli\u021biei rutiere.<\/p>\n\n\n\n<ul class=\"wp-block-list\"><\/ul>\n\n\n\n<p>RAR precizeaz\u0103 c\u0103 vesta reflectorizant\u0103 este obligatorie pentru anumite categorii de vehicule, \u00eens\u0103 \u00een cazul autoturismelor aceasta nu se afl\u0103 pe lista echipamentelor obligatorii.<\/p>\n\n\n\n<p>Sursa: stirileprotv   Foto: stirileprotv<\/p>\n","protected":false},"excerpt":{"rendered":"<p>Vesta reflectorizant\u0103 nu este obligatorie \u00een cazul autoturismelor, spre deosebire de autovehiculele cu masa mai mare de 3,5 tone, explic\u0103<\/p>\n","protected":false},"author":1,"featured_media":140806,"comment_status":"open","ping_status":"closed","sticky":false,"template":"","format":"standard","meta":{"spay_email":"","footnotes":"","jetpack_publicize_message":""},"categories":[82],"tags":[],"class_list":["post-140805","post","type-post","status-publish","format-standard","has-post-thumbnail","hentry","category-auto"],"jetpack_featured_media_url":"https:\/\/i2.wp.com\/realitatearutiera.ro\/wp-content\/uploads\/2026\/09\/image-8.png?fit=1920%2C1080&ssl=1","jetpack_publicize_connections":[],"jetpack_sharing_enabled":true,"jetpack_shortlink":"https:\/\/wp.me\/p61naM-AD3","jetpack-related-posts":[],"_links":{"self":[{"href":"https:\/\/realitatearutiera.ro\/index.php?rest_route=\/wp\/v2\/posts\/140805","targetHints":{"allow":["GET"]}}],"collection":[{"href":"https:\/\/realitatearutiera.ro\/index.php?rest_route=\/wp\/v2\/posts"}],"about":[{"href":"https:\/\/realitatearutiera.ro\/index.php?rest_route=\/wp\/v2\/types\/post"}],"author":[{"embeddable":true,"href":"https:\/\/realitatearutiera.ro\/index.php?rest_route=\/wp\/v2\/users\/1"}],"replies":[{"embeddable":true,"href":"https:\/\/realitatearutiera.ro\/index.php?rest_route=%2Fwp%2Fv2%2Fcomments&post=140805"}],"version-history":[{"count":1,"href":"https:\/\/realitatearutiera.ro\/index.php?rest_route=\/wp\/v2\/posts\/140805\/revisions"}],"predecessor-version":[{"id":140809,"href":"https:\/\/realitatearutiera.ro\/index.php?rest_route=\/wp\/v2\/posts\/140805\/revisions\/140809"}],"wp:featuredmedia":[{"embeddable":true,"href":"https:\/\/realitatearutiera.ro\/index.php?rest_route=\/wp\/v2\/media\/140806"}],"wp:attachment":[{"href":"https:\/\/realitatearutiera.ro\/index.php?rest_route=%2Fwp%2Fv2%2Fmedia&parent=140805"}],"wp:term":[{"taxonomy":"category","embeddable":true,"href":"https:\/\/realitatearutiera.ro\/index.php?rest_route=%2Fwp%2Fv2%2Fcategories&post=140805"},{"taxonomy":"post_tag","embeddable":true,"href":"https:\/\/realitatearutiera.ro\/index.php?rest_route=%2Fwp%2Fv2%2Ftags&post=140805"}],"curies":[{"name":"wp","href":"https:\/\/api.w.org\/{rel}","templated":true}]}}