{"id":140810,"date":"2026-09-01T11:45:58","date_gmt":"2026-09-01T08:45:58","guid":{"rendered":"https:\/\/realitatearutiera.ro\/?p=140810"},"modified":"2026-09-01T11:46:03","modified_gmt":"2026-09-01T08:46:03","slug":"un-tata-a-plecat-din-benzinarie-fara-fiul-sau-a-aflat-abia-dupa-140-de-kilometri","status":"publish","type":"post","link":"https:\/\/realitatearutiera.ro\/?p=140810","title":{"rendered":"Un tat\u0103 a plecat din benzin\u0103rie f\u0103r\u0103 fiul s\u0103u. A aflat abia dup\u0103 140 de kilometri"},"content":{"rendered":"\n<figure class=\"wp-block-image size-large is-resized\"><img loading=\"lazy\" decoding=\"async\" width=\"800\" height=\"451\" data-attachment-id=\"140811\" data-permalink=\"https:\/\/realitatearutiera.ro\/?attachment_id=140811\" data-orig-file=\"https:\/\/i0.wp.com\/realitatearutiera.ro\/wp-content\/uploads\/2026\/09\/image-11.png?fit=1920%2C1081&amp;ssl=1\" data-orig-size=\"1920,1081\" data-comments-opened=\"1\" data-image-meta=\"{&quot;aperture&quot;:&quot;0&quot;,&quot;credit&quot;:&quot;&quot;,&quot;camera&quot;:&quot;&quot;,&quot;caption&quot;:&quot;&quot;,&quot;created_timestamp&quot;:&quot;0&quot;,&quot;copyright&quot;:&quot;&quot;,&quot;focal_length&quot;:&quot;0&quot;,&quot;iso&quot;:&quot;0&quot;,&quot;shutter_speed&quot;:&quot;0&quot;,&quot;title&quot;:&quot;&quot;,&quot;orientation&quot;:&quot;0&quot;}\" data-image-title=\"image\" data-image-description=\"\" data-medium-file=\"https:\/\/i0.wp.com\/realitatearutiera.ro\/wp-content\/uploads\/2026\/09\/image-11.png?fit=300%2C169&amp;ssl=1\" data-large-file=\"https:\/\/i0.wp.com\/realitatearutiera.ro\/wp-content\/uploads\/2026\/09\/image-11.png?fit=800%2C451&amp;ssl=1\" src=\"https:\/\/i2.wp.com\/realitatearutiera.ro\/wp-content\/uploads\/2026\/09\/image-11-1024x577.png?resize=800%2C451&#038;ssl=1\" alt=\"\" class=\"wp-image-140811\" style=\"width:508px;height:auto\" srcset=\"https:\/\/i0.wp.com\/realitatearutiera.ro\/wp-content\/uploads\/2026\/09\/image-11.png?resize=1024%2C577&amp;ssl=1 1024w, https:\/\/i0.wp.com\/realitatearutiera.ro\/wp-content\/uploads\/2026\/09\/image-11.png?resize=300%2C169&amp;ssl=1 300w, https:\/\/i0.wp.com\/realitatearutiera.ro\/wp-content\/uploads\/2026\/09\/image-11.png?resize=768%2C432&amp;ssl=1 768w, https:\/\/i0.wp.com\/realitatearutiera.ro\/wp-content\/uploads\/2026\/09\/image-11.png?resize=1536%2C865&amp;ssl=1 1536w, https:\/\/i0.wp.com\/realitatearutiera.ro\/wp-content\/uploads\/2026\/09\/image-11.png?w=1920&amp;ssl=1 1920w, https:\/\/i0.wp.com\/realitatearutiera.ro\/wp-content\/uploads\/2026\/09\/image-11.png?w=1600 1600w\" sizes=\"auto, (max-width: 800px) 100vw, 800px\" data-recalc-dims=\"1\" \/><\/figure>\n\n\n\n<p>Un tat\u0103 a condus aproximativ 140 de kilometri duminic\u0103, f\u0103r\u0103 s\u0103-\u0219i dea seama c\u0103 fiul s\u0103u de 10 ani r\u0103m\u0103sese la o benzin\u0103rie.&nbsp;<\/p>\n\n\n\n<p>Interven\u021bia G\u0103rzii Civile, alertat\u0103 de un angajat al sta\u021biei de carburant, a dus \u00een cele din urm\u0103 la oprirea ma\u0219inii \u0219i la informarea b\u0103rbatului despre cele \u00eent\u00e2mplate.<\/p>\n\n\n\n<p>Incidentul s-a petrecut duminic\u0103, \u00een jurul orei 20:30, c\u00e2nd un b\u0103iat de 10 ani a fost l\u0103sat din gre\u0219eal\u0103 singur la o sta\u021bie de servicii de pe autostrada A-66, \u00een apropiere de Aldea del Cano, provincia C\u00e1ceres, relateaz\u0103&nbsp;<a href=\"https:\/\/www.elmundo.es\/espana\/extremadura\/2026\/08\/31\/6a957818e9cf4af5038b458d.html\" rel=\"noreferrer noopener\" target=\"_blank\">El Mundo.<\/a><\/p>\n\n\n\n<p>Copilul c\u0103l\u0103torea \u00eempreun\u0103 cu tat\u0103l s\u0103u, un prieten al acestuia \u0219i fratele s\u0103u \u00een v\u00e2rst\u0103 de \u0219apte ani. Potrivit imaginilor surprinse de camerele de supraveghere, b\u0103iatul a cobor\u00e2t din ma\u0219in\u0103 f\u0103r\u0103 ca \u00eenso\u021bitorii s\u0103 observe, iar ace\u0219tia au plecat f\u0103r\u0103 s\u0103-\u0219i dea seama c\u0103 el nu se urcase la loc \u00een autoturism.<\/p>\n\n\n\n<h2 class=\"wp-block-heading\">B\u0103rbatul a fost oprit pe autostrad\u0103<\/h2>\n\n\n\n<p>Dup\u0103 ce angajatul sta\u021biei a alertat autorit\u0103\u021bile, au fost f\u0103cute verific\u0103ri prin intermediul num\u0103rului de urgen\u021b\u0103 062. Dup\u0103 ce s-a stabilit c\u0103 autoturismul se deplasa spre nord, a fost declan\u0219at\u0103 o opera\u021biune de c\u0103utare pentru localizarea acestuia.<\/p>\n\n\n\n<p>\u00cen cele din urm\u0103, \u00een jurul orei 23:00, un echipaj a identificat ma\u0219ina \u00een apropiere de Herv\u00e1s, \u00een provincia C\u00e1ceres, pe autostrada A-66, la aproximativ 140 de kilometri de locul \u00een care fusese l\u0103sat copilul.<\/p>\n\n\n\n<p>B\u0103iatul a fost preluat \u0219i \u021binut \u00een grija ofi\u021berilor G\u0103rzii Civile p\u00e2n\u0103 c\u00e2nd a putut fi reunit cu familia sa.<\/p>\n\n\n\n<p>\u201eAcest caz ne aminte\u0219te c\u00e2t de important este ca, \u00eenainte de a porni din nou la drum, s\u0103 verific\u0103m c\u0103 to\u021bi pasagerii s-au urcat \u00een ma\u0219in\u0103, mai ales atunci c\u00e2nd c\u0103l\u0103torim cu copii\u201d, a transmis Garda Civil\u0103. \u201eO simpl\u0103 verificare poate preveni o sperietur\u0103 zdrav\u0103n\u0103\u201d, au ad\u0103ugat reprezentan\u021bii institu\u021biei.<\/p>\n\n\n\n<p>Sursa\/foto: stirileprotv<\/p>\n","protected":false},"excerpt":{"rendered":"<p>Un tat\u0103 a condus aproximativ 140 de kilometri duminic\u0103, f\u0103r\u0103 s\u0103-\u0219i dea seama c\u0103 fiul s\u0103u de 10 ani r\u0103m\u0103sese<\/p>\n","protected":false},"author":1,"featured_media":140811,"comment_status":"open","ping_status":"closed","sticky":false,"template":"","format":"standard","meta":{"spay_email":"","footnotes":"","jetpack_publicize_message":""},"categories":[52],"tags":[],"class_list":["post-140810","post","type-post","status-publish","format-standard","has-post-thumbnail","hentry","category-amuzament"],"jetpack_featured_media_url":"https:\/\/i0.wp.com\/realitatearutiera.ro\/wp-content\/uploads\/2026\/09\/image-11.png?fit=1920%2C1081&ssl=1","jetpack_publicize_connections":[],"jetpack_sharing_enabled":true,"jetpack_shortlink":"https:\/\/wp.me\/p61naM-AD8","jetpack-related-posts":[],"_links":{"self":[{"href":"https:\/\/realitatearutiera.ro\/index.php?rest_route=\/wp\/v2\/posts\/140810","targetHints":{"allow":["GET"]}}],"collection":[{"href":"https:\/\/realitatearutiera.ro\/index.php?rest_route=\/wp\/v2\/posts"}],"about":[{"href":"https:\/\/realitatearutiera.ro\/index.php?rest_route=\/wp\/v2\/types\/post"}],"author":[{"embeddable":true,"href":"https:\/\/realitatearutiera.ro\/index.php?rest_route=\/wp\/v2\/users\/1"}],"replies":[{"embeddable":true,"href":"https:\/\/realitatearutiera.ro\/index.php?rest_route=%2Fwp%2Fv2%2Fcomments&post=140810"}],"version-history":[{"count":1,"href":"https:\/\/realitatearutiera.ro\/index.php?rest_route=\/wp\/v2\/posts\/140810\/revisions"}],"predecessor-version":[{"id":140812,"href":"https:\/\/realitatearutiera.ro\/index.php?rest_route=\/wp\/v2\/posts\/140810\/revisions\/140812"}],"wp:featuredmedia":[{"embeddable":true,"href":"https:\/\/realitatearutiera.ro\/index.php?rest_route=\/wp\/v2\/media\/140811"}],"wp:attachment":[{"href":"https:\/\/realitatearutiera.ro\/index.php?rest_route=%2Fwp%2Fv2%2Fmedia&parent=140810"}],"wp:term":[{"taxonomy":"category","embeddable":true,"href":"https:\/\/realitatearutiera.ro\/index.php?rest_route=%2Fwp%2Fv2%2Fcategories&post=140810"},{"taxonomy":"post_tag","embeddable":true,"href":"https:\/\/realitatearutiera.ro\/index.php?rest_route=%2Fwp%2Fv2%2Ftags&post=140810"}],"curies":[{"name":"wp","href":"https:\/\/api.w.org\/{rel}","templated":true}]}}