{"id":140813,"date":"2026-09-02T08:35:33","date_gmt":"2026-09-02T05:35:33","guid":{"rendered":"https:\/\/realitatearutiera.ro\/?p=140813"},"modified":"2026-09-02T08:35:38","modified_gmt":"2026-09-02T05:35:38","slug":"restrictii-de-trafic-pe-dn-7c-transfagarasan-2","status":"publish","type":"post","link":"https:\/\/realitatearutiera.ro\/?p=140813","title":{"rendered":"RESTRIC\u021aII DE TRAFIC PE DN 7C (TRANSF\u0102G\u0102R\u0102\u0218AN)"},"content":{"rendered":"\n<p><strong>Ora:&nbsp;<\/strong>06:40<\/p>\n\n\n\n<p><strong>Centrul INFOTRAFIC din Inspectoratul General al Poli\u0163iei Rom\u00e2ne&nbsp;<\/strong>informeaz\u0103 c\u0103 traficul rutier pe DN 7C Transf\u0103g\u0103r\u0103\u0219an va fi \u00eenchis ast\u0103zi, \u00een intervalul orar 07:00 \u2013 11:00, \u00eentre Arefu (jude\u021bul Arge\u0219) \u0219i B\u00e2lea Cascad\u0103 (jude\u021bul Sibiu), pe sectorul de drum cuprins \u00eentre kilometrii 104 &#8211; 130 metri, pentru desf\u0103\u0219urarea unui eveniment automobilistic.<\/p>\n\n\n\n<p>Conduc\u0103torii auto sunt sf\u0103tui\u021bi s\u0103 respecte restric\u021biile instituite!<\/p>\n","protected":false},"excerpt":{"rendered":"<p>Ora:&nbsp;06:40 Centrul INFOTRAFIC din Inspectoratul General al Poli\u0163iei Rom\u00e2ne&nbsp;informeaz\u0103 c\u0103 traficul rutier pe DN 7C Transf\u0103g\u0103r\u0103\u0219an va fi \u00eenchis ast\u0103zi,<\/p>\n","protected":false},"author":1,"featured_media":101639,"comment_status":"open","ping_status":"closed","sticky":false,"template":"","format":"standard","meta":{"spay_email":"","footnotes":"","jetpack_publicize_message":""},"categories":[54],"tags":[],"class_list":["post-140813","post","type-post","status-publish","format-standard","has-post-thumbnail","hentry","category-informatii-rutiere"],"jetpack_featured_media_url":"https:\/\/i0.wp.com\/realitatearutiera.ro\/wp-content\/uploads\/2023\/08\/infotrafic-e1535778443522.jpg?fit=332%2C231&ssl=1","jetpack_publicize_connections":[],"jetpack_sharing_enabled":true,"jetpack_shortlink":"https:\/\/wp.me\/p61naM-ADb","jetpack-related-posts":[],"_links":{"self":[{"href":"https:\/\/realitatearutiera.ro\/index.php?rest_route=\/wp\/v2\/posts\/140813","targetHints":{"allow":["GET"]}}],"collection":[{"href":"https:\/\/realitatearutiera.ro\/index.php?rest_route=\/wp\/v2\/posts"}],"about":[{"href":"https:\/\/realitatearutiera.ro\/index.php?rest_route=\/wp\/v2\/types\/post"}],"author":[{"embeddable":true,"href":"https:\/\/realitatearutiera.ro\/index.php?rest_route=\/wp\/v2\/users\/1"}],"replies":[{"embeddable":true,"href":"https:\/\/realitatearutiera.ro\/index.php?rest_route=%2Fwp%2Fv2%2Fcomments&post=140813"}],"version-history":[{"count":2,"href":"https:\/\/realitatearutiera.ro\/index.php?rest_route=\/wp\/v2\/posts\/140813\/revisions"}],"predecessor-version":[{"id":140815,"href":"https:\/\/realitatearutiera.ro\/index.php?rest_route=\/wp\/v2\/posts\/140813\/revisions\/140815"}],"wp:featuredmedia":[{"embeddable":true,"href":"https:\/\/realitatearutiera.ro\/index.php?rest_route=\/wp\/v2\/media\/101639"}],"wp:attachment":[{"href":"https:\/\/realitatearutiera.ro\/index.php?rest_route=%2Fwp%2Fv2%2Fmedia&parent=140813"}],"wp:term":[{"taxonomy":"category","embeddable":true,"href":"https:\/\/realitatearutiera.ro\/index.php?rest_route=%2Fwp%2Fv2%2Fcategories&post=140813"},{"taxonomy":"post_tag","embeddable":true,"href":"https:\/\/realitatearutiera.ro\/index.php?rest_route=%2Fwp%2Fv2%2Ftags&post=140813"}],"curies":[{"name":"wp","href":"https:\/\/api.w.org\/{rel}","templated":true}]}}