{"id":140827,"date":"2026-09-02T09:05:52","date_gmt":"2026-09-02T06:05:52","guid":{"rendered":"https:\/\/realitatearutiera.ro\/?p=140827"},"modified":"2026-09-02T09:05:57","modified_gmt":"2026-09-02T06:05:57","slug":"neatentia-la-volan-a-provocat-un-accident-o-soferita-a-lovit-masina-oprita-la-trecerea-de-pietoni","status":"publish","type":"post","link":"https:\/\/realitatearutiera.ro\/?p=140827","title":{"rendered":"Neaten\u021bia la volan a provocat un accident: o \u0219oferi\u021b\u0103 a lovit ma\u0219ina oprit\u0103 la trecerea de pietoni"},"content":{"rendered":"\n<figure class=\"wp-block-image size-full is-resized\"><img loading=\"lazy\" decoding=\"async\" width=\"800\" height=\"450\" data-attachment-id=\"140828\" data-permalink=\"https:\/\/realitatearutiera.ro\/?attachment_id=140828\" data-orig-file=\"https:\/\/i0.wp.com\/realitatearutiera.ro\/wp-content\/uploads\/2026\/09\/image-14.png?fit=960%2C540&amp;ssl=1\" data-orig-size=\"960,540\" data-comments-opened=\"1\" data-image-meta=\"{&quot;aperture&quot;:&quot;0&quot;,&quot;credit&quot;:&quot;&quot;,&quot;camera&quot;:&quot;&quot;,&quot;caption&quot;:&quot;&quot;,&quot;created_timestamp&quot;:&quot;0&quot;,&quot;copyright&quot;:&quot;&quot;,&quot;focal_length&quot;:&quot;0&quot;,&quot;iso&quot;:&quot;0&quot;,&quot;shutter_speed&quot;:&quot;0&quot;,&quot;title&quot;:&quot;&quot;,&quot;orientation&quot;:&quot;0&quot;}\" data-image-title=\"image\" data-image-description=\"\" data-medium-file=\"https:\/\/i0.wp.com\/realitatearutiera.ro\/wp-content\/uploads\/2026\/09\/image-14.png?fit=300%2C169&amp;ssl=1\" data-large-file=\"https:\/\/i0.wp.com\/realitatearutiera.ro\/wp-content\/uploads\/2026\/09\/image-14.png?fit=800%2C450&amp;ssl=1\" src=\"https:\/\/i0.wp.com\/realitatearutiera.ro\/wp-content\/uploads\/2026\/09\/image-14.png?resize=800%2C450&#038;ssl=1\" alt=\"\" class=\"wp-image-140828\" style=\"width:528px;height:auto\" srcset=\"https:\/\/i0.wp.com\/realitatearutiera.ro\/wp-content\/uploads\/2026\/09\/image-14.png?w=960&amp;ssl=1 960w, https:\/\/i0.wp.com\/realitatearutiera.ro\/wp-content\/uploads\/2026\/09\/image-14.png?resize=300%2C169&amp;ssl=1 300w, https:\/\/i0.wp.com\/realitatearutiera.ro\/wp-content\/uploads\/2026\/09\/image-14.png?resize=768%2C432&amp;ssl=1 768w\" sizes=\"auto, (max-width: 800px) 100vw, 800px\" data-recalc-dims=\"1\" \/><\/figure>\n\n\n\n<p>O femeie care traversa strada regulamentar, pe trecerea de pietoni din fa\u021ba unei farmacii, a fost accidentat\u0103 dup\u0103 ce dou\u0103 ma\u0219ini au intrat \u00een coliziune, iar ma\u0219ina lovit\u0103 din spate a acro\u0219at-o \u0219i pe ea. Accidentul s-a produs luni, \u00een jurul orei 12.45, pe raza comunei Fr\u0103t\u0103u\u021bii Vechi.<\/p>\n\n\n\n<p>Din cercet\u0103rile poli\u021bi\u0219tilor Compartimentului Rutier R\u0103d\u0103u\u021bi a rezultat c\u0103 accidentul a fost provocat de o \u0219oferi\u021b\u0103 din Fr\u0103t\u0103u\u021bii Noi, care conducea un autoturism VW, av\u00e2nd direc\u021bia de deplasare dinspre comuna G\u0103l\u0103ne\u0219ti spre R\u0103d\u0103u\u021bi, iar \u00een momentul \u00een care a ajuns \u00een zona Farmaciei \u201dFarmacor\u201d, pe fondul nep\u0103str\u0103rii distan\u021bei de siguran\u021b\u0103 \u00een mers, a intrat \u00een VW-ul care circula \u00een fa\u021ba sa, al c\u0103rui \u0219ofer oprise la trecerea pentru pietoni, pentru a acorda prioritate de trece unei localnice care s-a angajat \u00een traversarea drumul comunal.<\/p>\n\n\n\n<p>\u00cen urma coliziunii dintre cele dou\u0103 autoturisme, al doilea autoturism, cel condus de b\u0103rbat, a acro\u0219at-o \u0219i pe femeia pieton.<\/p>\n\n\n\n<p>Aceasta a fost transportat\u0103 cu ambulan\u021ba la Spitalul R\u0103d\u0103u\u021bi, unde i s-a pus diagnosticul preliminar de traumatism cranian cu pl\u0103gi frontale.<\/p>\n\n\n\n<p>Poli\u021bi\u0219tii au constatat c\u0103 \u0219oferii implica\u021bi \u00een accident nu erau b\u0103u\u021bi \u0219i continu\u0103 cercet\u0103rile \u00een cadrul unui dosar de v\u0103t\u0103mare corporal\u0103 din culp\u0103.<\/p>\n\n\n\n<p>Sursa: monitorulsv<\/p>\n","protected":false},"excerpt":{"rendered":"<p>O femeie care traversa strada regulamentar, pe trecerea de pietoni din fa\u021ba unei farmacii, a fost accidentat\u0103 dup\u0103 ce dou\u0103<\/p>\n","protected":false},"author":1,"featured_media":116078,"comment_status":"open","ping_status":"closed","sticky":false,"template":"","format":"standard","meta":{"spay_email":"","footnotes":"","jetpack_publicize_message":""},"categories":[1],"tags":[],"class_list":["post-140827","post","type-post","status-publish","format-standard","has-post-thumbnail","hentry","category-uncategorized"],"jetpack_featured_media_url":"https:\/\/i1.wp.com\/realitatearutiera.ro\/wp-content\/uploads\/2024\/09\/accident.jpg?fit=630%2C365&ssl=1","jetpack_publicize_connections":[],"jetpack_sharing_enabled":true,"jetpack_shortlink":"https:\/\/wp.me\/p61naM-ADp","jetpack-related-posts":[],"_links":{"self":[{"href":"https:\/\/realitatearutiera.ro\/index.php?rest_route=\/wp\/v2\/posts\/140827","targetHints":{"allow":["GET"]}}],"collection":[{"href":"https:\/\/realitatearutiera.ro\/index.php?rest_route=\/wp\/v2\/posts"}],"about":[{"href":"https:\/\/realitatearutiera.ro\/index.php?rest_route=\/wp\/v2\/types\/post"}],"author":[{"embeddable":true,"href":"https:\/\/realitatearutiera.ro\/index.php?rest_route=\/wp\/v2\/users\/1"}],"replies":[{"embeddable":true,"href":"https:\/\/realitatearutiera.ro\/index.php?rest_route=%2Fwp%2Fv2%2Fcomments&post=140827"}],"version-history":[{"count":1,"href":"https:\/\/realitatearutiera.ro\/index.php?rest_route=\/wp\/v2\/posts\/140827\/revisions"}],"predecessor-version":[{"id":140829,"href":"https:\/\/realitatearutiera.ro\/index.php?rest_route=\/wp\/v2\/posts\/140827\/revisions\/140829"}],"wp:featuredmedia":[{"embeddable":true,"href":"https:\/\/realitatearutiera.ro\/index.php?rest_route=\/wp\/v2\/media\/116078"}],"wp:attachment":[{"href":"https:\/\/realitatearutiera.ro\/index.php?rest_route=%2Fwp%2Fv2%2Fmedia&parent=140827"}],"wp:term":[{"taxonomy":"category","embeddable":true,"href":"https:\/\/realitatearutiera.ro\/index.php?rest_route=%2Fwp%2Fv2%2Fcategories&post=140827"},{"taxonomy":"post_tag","embeddable":true,"href":"https:\/\/realitatearutiera.ro\/index.php?rest_route=%2Fwp%2Fv2%2Ftags&post=140827"}],"curies":[{"name":"wp","href":"https:\/\/api.w.org\/{rel}","templated":true}]}}