{"id":140830,"date":"2026-09-02T09:09:40","date_gmt":"2026-09-02T06:09:40","guid":{"rendered":"https:\/\/realitatearutiera.ro\/?p=140830"},"modified":"2026-09-02T09:09:44","modified_gmt":"2026-09-02T06:09:44","slug":"soferii-din-galati-vizati-de-radare-intre-2-si-7-septembrie-vezi-zonele-monitorizate","status":"publish","type":"post","link":"https:\/\/realitatearutiera.ro\/?p=140830","title":{"rendered":"\u0218oferii din Gala\u021bi, viza\u021bi de radare \u00eentre 2 \u0219i 7 septembrie. Vezi zonele monitorizate"},"content":{"rendered":"\n<figure class=\"wp-block-image size-large is-resized\"><img loading=\"lazy\" decoding=\"async\" width=\"800\" height=\"534\" data-attachment-id=\"140831\" data-permalink=\"https:\/\/realitatearutiera.ro\/?attachment_id=140831\" data-orig-file=\"https:\/\/i0.wp.com\/realitatearutiera.ro\/wp-content\/uploads\/2026\/09\/image-15.png?fit=1536%2C1024&amp;ssl=1\" data-orig-size=\"1536,1024\" data-comments-opened=\"1\" data-image-meta=\"{&quot;aperture&quot;:&quot;0&quot;,&quot;credit&quot;:&quot;&quot;,&quot;camera&quot;:&quot;&quot;,&quot;caption&quot;:&quot;&quot;,&quot;created_timestamp&quot;:&quot;0&quot;,&quot;copyright&quot;:&quot;&quot;,&quot;focal_length&quot;:&quot;0&quot;,&quot;iso&quot;:&quot;0&quot;,&quot;shutter_speed&quot;:&quot;0&quot;,&quot;title&quot;:&quot;&quot;,&quot;orientation&quot;:&quot;0&quot;}\" data-image-title=\"image\" data-image-description=\"\" data-medium-file=\"https:\/\/i0.wp.com\/realitatearutiera.ro\/wp-content\/uploads\/2026\/09\/image-15.png?fit=300%2C200&amp;ssl=1\" data-large-file=\"https:\/\/i0.wp.com\/realitatearutiera.ro\/wp-content\/uploads\/2026\/09\/image-15.png?fit=800%2C534&amp;ssl=1\" src=\"https:\/\/i1.wp.com\/realitatearutiera.ro\/wp-content\/uploads\/2026\/09\/image-15-1024x683.png?resize=800%2C534&#038;ssl=1\" alt=\"\" class=\"wp-image-140831\" style=\"width:406px;height:auto\" srcset=\"https:\/\/i0.wp.com\/realitatearutiera.ro\/wp-content\/uploads\/2026\/09\/image-15.png?resize=1024%2C683&amp;ssl=1 1024w, https:\/\/i0.wp.com\/realitatearutiera.ro\/wp-content\/uploads\/2026\/09\/image-15.png?resize=300%2C200&amp;ssl=1 300w, https:\/\/i0.wp.com\/realitatearutiera.ro\/wp-content\/uploads\/2026\/09\/image-15.png?resize=768%2C512&amp;ssl=1 768w, https:\/\/i0.wp.com\/realitatearutiera.ro\/wp-content\/uploads\/2026\/09\/image-15.png?w=1536&amp;ssl=1 1536w\" sizes=\"auto, (max-width: 800px) 100vw, 800px\" data-recalc-dims=\"1\" \/><\/figure>\n\n\n\n<p>\u0218oferii care circul\u0103 \u00een jude\u021bul Gala\u021bi \u00een perioada 2\u20137 septembrie trebuie s\u0103 fie aten\u021bi la viteza de deplasare. Poli\u021bia Rutier\u0103 Gala\u021bi a anun\u021bat zonele \u00een care vor fi amplasate aparatele radar \u00een fiecare dintre zilele urm\u0103toare.<\/p>\n\n\n\n<figure class=\"wp-block-table\"><table class=\"has-fixed-layout\"><thead><tr><th class=\"has-text-align-center\" data-align=\"center\">Data<\/th><th class=\"has-text-align-center\" data-align=\"center\">Zona \/ drumul<\/th><th class=\"has-text-align-center\" data-align=\"center\">Amplasarea radarului<\/th><\/tr><\/thead><tbody><tr><td class=\"has-text-align-center\" data-align=\"center\"><strong>2 septembrie<\/strong><\/td><td class=\"has-text-align-center\" data-align=\"center\">Gala\u021bi<\/td><td class=\"has-text-align-center\" data-align=\"center\">Marea Unire; Calea Prutului<\/td><\/tr><tr><td class=\"has-text-align-center\" data-align=\"center\"><\/td><td class=\"has-text-align-center\" data-align=\"center\">DJ 251<\/td><td class=\"has-text-align-center\" data-align=\"center\">Sm\u00e2rdan \u2013 Matca<\/td><\/tr><tr><td class=\"has-text-align-center\" data-align=\"center\"><\/td><td class=\"has-text-align-center\" data-align=\"center\">DN 25<\/td><td class=\"has-text-align-center\" data-align=\"center\">Brani\u0219tea \u2013 Lie\u0219ti<\/td><\/tr><tr><td class=\"has-text-align-center\" data-align=\"center\"><\/td><td class=\"has-text-align-center\" data-align=\"center\">DN 26<\/td><td class=\"has-text-align-center\" data-align=\"center\">\u2013<\/td><\/tr><tr><td class=\"has-text-align-center\" data-align=\"center\"><\/td><td class=\"has-text-align-center\" data-align=\"center\">DE 581<\/td><td class=\"has-text-align-center\" data-align=\"center\">Munteni<\/td><\/tr><tr><td class=\"has-text-align-center\" data-align=\"center\"><strong>3 septembrie<\/strong><\/td><td class=\"has-text-align-center\" data-align=\"center\">Gala\u021bi<\/td><td class=\"has-text-align-center\" data-align=\"center\">Gheorghe Asachi; Traian \u2013 Br\u0103ilei<\/td><\/tr><tr><td class=\"has-text-align-center\" data-align=\"center\"><\/td><td class=\"has-text-align-center\" data-align=\"center\">DJ 251<\/td><td class=\"has-text-align-center\" data-align=\"center\">Schela \u2013 Pechea<\/td><\/tr><tr><td class=\"has-text-align-center\" data-align=\"center\"><\/td><td class=\"has-text-align-center\" data-align=\"center\">DN 25<\/td><td class=\"has-text-align-center\" data-align=\"center\">Independen\u021ba \u2013 Tudor Vladimirescu<\/td><\/tr><tr><td class=\"has-text-align-center\" data-align=\"center\"><\/td><td class=\"has-text-align-center\" data-align=\"center\">DN 26<\/td><td class=\"has-text-align-center\" data-align=\"center\">V\u00e2n\u0103tori \u2013 Stoicani Aviasan (4 benzi)<\/td><\/tr><tr><td class=\"has-text-align-center\" data-align=\"center\"><\/td><td class=\"has-text-align-center\" data-align=\"center\">DE 581<\/td><td class=\"has-text-align-center\" data-align=\"center\">Berheci<\/td><\/tr><tr><td class=\"has-text-align-center\" data-align=\"center\"><strong>4 septembrie<\/strong><\/td><td class=\"has-text-align-center\" data-align=\"center\">Gala\u021bi<\/td><td class=\"has-text-align-center\" data-align=\"center\">Frunzei \u2013 Tecuci; Calea Gala\u021bi<\/td><\/tr><tr><td class=\"has-text-align-center\" data-align=\"center\"><\/td><td class=\"has-text-align-center\" data-align=\"center\">DJ 251<\/td><td class=\"has-text-align-center\" data-align=\"center\">Slobozia Conachi \u2013 Cudalbi<\/td><\/tr><tr><td class=\"has-text-align-center\" data-align=\"center\"><\/td><td class=\"has-text-align-center\" data-align=\"center\">DN 25<\/td><td class=\"has-text-align-center\" data-align=\"center\">Lie\u0219ti \u2013 Dr\u0103g\u0103ne\u0219ti<\/td><\/tr><tr><td class=\"has-text-align-center\" data-align=\"center\"><\/td><td class=\"has-text-align-center\" data-align=\"center\">DN 26<\/td><td class=\"has-text-align-center\" data-align=\"center\">T\u0103tarca \u2013 \u0218ivi\u021ba<\/td><\/tr><tr><td class=\"has-text-align-center\" data-align=\"center\"><\/td><td class=\"has-text-align-center\" data-align=\"center\">DE 581<\/td><td class=\"has-text-align-center\" data-align=\"center\">Cosme\u0219ti<\/td><\/tr><tr><td class=\"has-text-align-center\" data-align=\"center\"><strong>5 septembrie<\/strong><\/td><td class=\"has-text-align-center\" data-align=\"center\">Gala\u021bi<\/td><td class=\"has-text-align-center\" data-align=\"center\">Basarabiei \u2013 Br\u0103ilei; Drumul de Centur\u0103<\/td><\/tr><tr><td class=\"has-text-align-center\" data-align=\"center\"><\/td><td class=\"has-text-align-center\" data-align=\"center\">DJ 251<\/td><td class=\"has-text-align-center\" data-align=\"center\">Cuza Vod\u0103 \u2013 Costache Negri<\/td><\/tr><tr><td class=\"has-text-align-center\" data-align=\"center\"><\/td><td class=\"has-text-align-center\" data-align=\"center\">DN 25<\/td><td class=\"has-text-align-center\" data-align=\"center\">\u0218endreni \u2013 Hanu Conachi<\/td><\/tr><tr><td class=\"has-text-align-center\" data-align=\"center\"><\/td><td class=\"has-text-align-center\" data-align=\"center\">DN 26<\/td><td class=\"has-text-align-center\" data-align=\"center\">Tuluce\u0219ti \u2013 T\u0103m\u0103oani<\/td><\/tr><tr><td class=\"has-text-align-center\" data-align=\"center\"><\/td><td class=\"has-text-align-center\" data-align=\"center\">DE 581<\/td><td class=\"has-text-align-center\" data-align=\"center\">Munteni<\/td><\/tr><tr><td class=\"has-text-align-center\" data-align=\"center\"><strong>6 septembrie<\/strong><\/td><td class=\"has-text-align-center\" data-align=\"center\">Gala\u021bi<\/td><td class=\"has-text-align-center\" data-align=\"center\">Nicolae B\u0103lcescu \u2013 Macului; Calea Sm\u00e2rdan<\/td><\/tr><tr><td class=\"has-text-align-center\" data-align=\"center\"><\/td><td class=\"has-text-align-center\" data-align=\"center\">DJ 251<\/td><td class=\"has-text-align-center\" data-align=\"center\">Sm\u00e2rdan \u2013 Pechea<\/td><\/tr><tr><td class=\"has-text-align-center\" data-align=\"center\"><\/td><td class=\"has-text-align-center\" data-align=\"center\">DN 25<\/td><td class=\"has-text-align-center\" data-align=\"center\">Independen\u021ba \u2013 Barcea<\/td><\/tr><tr><td class=\"has-text-align-center\" data-align=\"center\"><\/td><td class=\"has-text-align-center\" data-align=\"center\">DN 26<\/td><td class=\"has-text-align-center\" data-align=\"center\">\u2013<\/td><\/tr><tr><td class=\"has-text-align-center\" data-align=\"center\"><\/td><td class=\"has-text-align-center\" data-align=\"center\">DE 581<\/td><td class=\"has-text-align-center\" data-align=\"center\">Pripone\u0219ti<\/td><\/tr><tr><td class=\"has-text-align-center\" data-align=\"center\"><strong>7 septembrie<\/strong><\/td><td class=\"has-text-align-center\" data-align=\"center\">Gala\u021bi<\/td><td class=\"has-text-align-center\" data-align=\"center\">Clo\u0219ca \u2013 Prelungirea Br\u0103ilei; Stadionului<\/td><\/tr><tr><td class=\"has-text-align-center\" data-align=\"center\"><\/td><td class=\"has-text-align-center\" data-align=\"center\">DJ 251<\/td><td class=\"has-text-align-center\" data-align=\"center\">Pechea \u2013 Cudalbi; Schela \u2013 Slobozia Conachi<\/td><\/tr><tr><td class=\"has-text-align-center\" data-align=\"center\"><\/td><td class=\"has-text-align-center\" data-align=\"center\">DN 25<\/td><td class=\"has-text-align-center\" data-align=\"center\">Vame\u0219 \u2013 Ive\u0219ti; \u0218endreni \u2013 Tudor Vladimirescu<\/td><\/tr><tr><td class=\"has-text-align-center\" data-align=\"center\"><\/td><td class=\"has-text-align-center\" data-align=\"center\">DN 26<\/td><td class=\"has-text-align-center\" data-align=\"center\">\u2013<\/td><\/tr><tr><td class=\"has-text-align-center\" data-align=\"center\"><\/td><td class=\"has-text-align-center\" data-align=\"center\">DE 581<\/td><td class=\"has-text-align-center\" data-align=\"center\">Berheci<\/td><\/tr><tr><td class=\"has-text-align-center\" data-align=\"center\"><\/td><td class=\"has-text-align-center\" data-align=\"center\">DN 24D<\/td><td class=\"has-text-align-center\" data-align=\"center\">\u2013<\/td><\/tr><\/tbody><\/table><\/figure>\n\n\n\n<p>Poli\u021bi\u0219tii recomand\u0103 conduc\u0103torilor auto s\u0103 respecte limitele legale de vitez\u0103 \u0219i s\u0103 adapteze viteza la condi\u021biile de trafic \u0219i de drum.<\/p>\n\n\n\n<p><strong>Aten\u021bie:<\/strong>&nbsp;amplasarea aparatelor radar poate fi modificat\u0103 \u00een func\u021bie de situa\u021bia din teren.<\/p>\n\n\n\n<p>Sursa\/foto: monitoruldegalati<\/p>\n","protected":false},"excerpt":{"rendered":"<p>\u0218oferii care circul\u0103 \u00een jude\u021bul Gala\u021bi \u00een perioada 2\u20137 septembrie trebuie s\u0103 fie aten\u021bi la viteza de deplasare. Poli\u021bia Rutier\u0103<\/p>\n","protected":false},"author":1,"featured_media":140831,"comment_status":"open","ping_status":"closed","sticky":false,"template":"","format":"standard","meta":{"spay_email":"","footnotes":"","jetpack_publicize_message":""},"categories":[54],"tags":[],"class_list":["post-140830","post","type-post","status-publish","format-standard","has-post-thumbnail","hentry","category-informatii-rutiere"],"jetpack_featured_media_url":"https:\/\/i0.wp.com\/realitatearutiera.ro\/wp-content\/uploads\/2026\/09\/image-15.png?fit=1536%2C1024&ssl=1","jetpack_publicize_connections":[],"jetpack_sharing_enabled":true,"jetpack_shortlink":"https:\/\/wp.me\/p61naM-ADs","jetpack-related-posts":[],"_links":{"self":[{"href":"https:\/\/realitatearutiera.ro\/index.php?rest_route=\/wp\/v2\/posts\/140830","targetHints":{"allow":["GET"]}}],"collection":[{"href":"https:\/\/realitatearutiera.ro\/index.php?rest_route=\/wp\/v2\/posts"}],"about":[{"href":"https:\/\/realitatearutiera.ro\/index.php?rest_route=\/wp\/v2\/types\/post"}],"author":[{"embeddable":true,"href":"https:\/\/realitatearutiera.ro\/index.php?rest_route=\/wp\/v2\/users\/1"}],"replies":[{"embeddable":true,"href":"https:\/\/realitatearutiera.ro\/index.php?rest_route=%2Fwp%2Fv2%2Fcomments&post=140830"}],"version-history":[{"count":1,"href":"https:\/\/realitatearutiera.ro\/index.php?rest_route=\/wp\/v2\/posts\/140830\/revisions"}],"predecessor-version":[{"id":140832,"href":"https:\/\/realitatearutiera.ro\/index.php?rest_route=\/wp\/v2\/posts\/140830\/revisions\/140832"}],"wp:featuredmedia":[{"embeddable":true,"href":"https:\/\/realitatearutiera.ro\/index.php?rest_route=\/wp\/v2\/media\/140831"}],"wp:attachment":[{"href":"https:\/\/realitatearutiera.ro\/index.php?rest_route=%2Fwp%2Fv2%2Fmedia&parent=140830"}],"wp:term":[{"taxonomy":"category","embeddable":true,"href":"https:\/\/realitatearutiera.ro\/index.php?rest_route=%2Fwp%2Fv2%2Fcategories&post=140830"},{"taxonomy":"post_tag","embeddable":true,"href":"https:\/\/realitatearutiera.ro\/index.php?rest_route=%2Fwp%2Fv2%2Ftags&post=140830"}],"curies":[{"name":"wp","href":"https:\/\/api.w.org\/{rel}","templated":true}]}}