{"id":140836,"date":"2026-09-02T09:17:10","date_gmt":"2026-09-02T06:17:10","guid":{"rendered":"https:\/\/realitatearutiera.ro\/?p=140836"},"modified":"2026-09-02T09:17:15","modified_gmt":"2026-09-02T06:17:15","slug":"accident-grav-pe-a1-intre-sibiu-si-sebes-un-sofer-si-a-pierdut-viata","status":"publish","type":"post","link":"https:\/\/realitatearutiera.ro\/?p=140836","title":{"rendered":"Accident grav pe A1, \u00eentre Sibiu \u0219i Sebe\u0219. Un \u0219ofer \u0219i-a pierdut via\u021ba"},"content":{"rendered":"\n<figure class=\"wp-block-image size-full is-resized\"><img loading=\"lazy\" decoding=\"async\" width=\"800\" height=\"480\" data-attachment-id=\"140837\" data-permalink=\"https:\/\/realitatearutiera.ro\/?attachment_id=140837\" data-orig-file=\"https:\/\/i1.wp.com\/realitatearutiera.ro\/wp-content\/uploads\/2026\/09\/image-17.png?fit=1000%2C600&amp;ssl=1\" data-orig-size=\"1000,600\" data-comments-opened=\"1\" data-image-meta=\"{&quot;aperture&quot;:&quot;0&quot;,&quot;credit&quot;:&quot;&quot;,&quot;camera&quot;:&quot;&quot;,&quot;caption&quot;:&quot;&quot;,&quot;created_timestamp&quot;:&quot;0&quot;,&quot;copyright&quot;:&quot;&quot;,&quot;focal_length&quot;:&quot;0&quot;,&quot;iso&quot;:&quot;0&quot;,&quot;shutter_speed&quot;:&quot;0&quot;,&quot;title&quot;:&quot;&quot;,&quot;orientation&quot;:&quot;0&quot;}\" data-image-title=\"image\" data-image-description=\"\" data-medium-file=\"https:\/\/i1.wp.com\/realitatearutiera.ro\/wp-content\/uploads\/2026\/09\/image-17.png?fit=300%2C180&amp;ssl=1\" data-large-file=\"https:\/\/i1.wp.com\/realitatearutiera.ro\/wp-content\/uploads\/2026\/09\/image-17.png?fit=800%2C480&amp;ssl=1\" src=\"https:\/\/i1.wp.com\/realitatearutiera.ro\/wp-content\/uploads\/2026\/09\/image-17.png?resize=800%2C480&#038;ssl=1\" alt=\"\" class=\"wp-image-140837\" style=\"width:538px;height:auto\" srcset=\"https:\/\/i1.wp.com\/realitatearutiera.ro\/wp-content\/uploads\/2026\/09\/image-17.png?w=1000&amp;ssl=1 1000w, https:\/\/i1.wp.com\/realitatearutiera.ro\/wp-content\/uploads\/2026\/09\/image-17.png?resize=300%2C180&amp;ssl=1 300w, https:\/\/i1.wp.com\/realitatearutiera.ro\/wp-content\/uploads\/2026\/09\/image-17.png?resize=768%2C461&amp;ssl=1 768w\" sizes=\"auto, (max-width: 800px) 100vw, 800px\" data-recalc-dims=\"1\" \/><\/figure>\n\n\n\n<p id=\"p-1\"><strong>Un accident mortal s-a produs \u00een cursul nop\u021bii de mar\u021bi spre miercuri pe autostrada A1 Sibiu &#8211; Sebe\u0219, la kilometrul 284, \u00een zona localit\u0103\u021bii Apoldu de Jos.&nbsp;Un b\u0103rbat \u00een v\u00e2rst\u0103 de 34 de ani din jude\u021bul Hunedoara a murit dup\u0103 ce autoutilitara pe care o conducea a intrat \u00een coliziune cu partea din spate a unui ansamblu rutier.<\/strong><\/p>\n\n\n\n<p id=\"p-2\">Potrivit primelor cercet\u0103ri efectuate la fa\u021ba locului de c\u0103tre poli\u021bi\u0219ti, un b\u0103rbat \u00een v\u00e2rst\u0103 de 34 de ani, din jude\u021bul Hunedoara, conducea o autoutilitar\u0103 pe sensul Sibiu \u2013 Sebe\u0219 \u0219i ar fi intrat \u00een coliziune cu partea din spate a unui ansamblu rutier care se deplasa pe acela\u0219i sens de mers.<\/p>\n\n\n\n<p id=\"p-3\">Dou\u0103 echipaje SMURD dintre care unul cu medic, o autospecial\u0103 de descarcerare, una de stingere \u0219i un echipaj SAJ, au intervenit de urgen\u021b\u0103 pe A1 sensul de mers Sibiu-Sebe\u0219 la km 284 la un accident rutier.<\/p>\n\n\n\n<p id=\"p-4\">La fa\u021ba locului echipajele au constatat c\u0103 o persoan\u0103 de sex masculin este \u00eencarcerat\u0103. Aceasta a fost extras\u0103 din ma\u0219in\u0103 \u0219i au fost aplicate manevre de resuscitare.<\/p>\n\n\n\n<p id=\"p-5\">Din nefericire, \u00een ciuda eforturilor depuse de echipajele medicale, barbatul nu r\u0103spuns manevrelor de resuscitare, medicul fiind nevoit s\u0103 declare decesul acestuia.<\/p>\n\n\n\n<p id=\"p-6\">Traficul rutier a fost blocat temporar pe sensul Sibiu \u2013 Sebe\u0219, \u00een zona producerii accidentului. La momentul redact\u0103rii \u0219tirii, circula\u021bia a fost reluat\u0103 \u00een condi\u021bii normale.<\/p>\n\n\n\n<p id=\"p-7\">Potrivit IPJ Sibiu, urmeaz\u0103 cercet\u0103ri pentru stabilirea circumstan\u021belor \u00een care s-a produs accidentul.<\/p>\n\n\n\n<p>Sursa: alba24<\/p>\n","protected":false},"excerpt":{"rendered":"<p>Un accident mortal s-a produs \u00een cursul nop\u021bii de mar\u021bi spre miercuri pe autostrada A1 Sibiu &#8211; Sebe\u0219, la kilometrul<\/p>\n","protected":false},"author":1,"featured_media":139988,"comment_status":"open","ping_status":"closed","sticky":false,"template":"","format":"standard","meta":{"spay_email":"","footnotes":"","jetpack_publicize_message":""},"categories":[1],"tags":[],"class_list":["post-140836","post","type-post","status-publish","format-standard","has-post-thumbnail","hentry","category-uncategorized"],"jetpack_featured_media_url":"https:\/\/i2.wp.com\/realitatearutiera.ro\/wp-content\/uploads\/2026\/08\/Accident_1750273902787.jpg?fit=1600%2C900&ssl=1","jetpack_publicize_connections":[],"jetpack_sharing_enabled":true,"jetpack_shortlink":"https:\/\/wp.me\/p61naM-ADy","jetpack-related-posts":[],"_links":{"self":[{"href":"https:\/\/realitatearutiera.ro\/index.php?rest_route=\/wp\/v2\/posts\/140836","targetHints":{"allow":["GET"]}}],"collection":[{"href":"https:\/\/realitatearutiera.ro\/index.php?rest_route=\/wp\/v2\/posts"}],"about":[{"href":"https:\/\/realitatearutiera.ro\/index.php?rest_route=\/wp\/v2\/types\/post"}],"author":[{"embeddable":true,"href":"https:\/\/realitatearutiera.ro\/index.php?rest_route=\/wp\/v2\/users\/1"}],"replies":[{"embeddable":true,"href":"https:\/\/realitatearutiera.ro\/index.php?rest_route=%2Fwp%2Fv2%2Fcomments&post=140836"}],"version-history":[{"count":1,"href":"https:\/\/realitatearutiera.ro\/index.php?rest_route=\/wp\/v2\/posts\/140836\/revisions"}],"predecessor-version":[{"id":140838,"href":"https:\/\/realitatearutiera.ro\/index.php?rest_route=\/wp\/v2\/posts\/140836\/revisions\/140838"}],"wp:featuredmedia":[{"embeddable":true,"href":"https:\/\/realitatearutiera.ro\/index.php?rest_route=\/wp\/v2\/media\/139988"}],"wp:attachment":[{"href":"https:\/\/realitatearutiera.ro\/index.php?rest_route=%2Fwp%2Fv2%2Fmedia&parent=140836"}],"wp:term":[{"taxonomy":"category","embeddable":true,"href":"https:\/\/realitatearutiera.ro\/index.php?rest_route=%2Fwp%2Fv2%2Fcategories&post=140836"},{"taxonomy":"post_tag","embeddable":true,"href":"https:\/\/realitatearutiera.ro\/index.php?rest_route=%2Fwp%2Fv2%2Ftags&post=140836"}],"curies":[{"name":"wp","href":"https:\/\/api.w.org\/{rel}","templated":true}]}}