{"id":140842,"date":"2026-09-02T09:25:17","date_gmt":"2026-09-02T06:25:17","guid":{"rendered":"https:\/\/realitatearutiera.ro\/?p=140842"},"modified":"2026-09-02T09:25:24","modified_gmt":"2026-09-02T06:25:24","slug":"129-km-h-prin-joldesti-desi-era-in-localitate-politistii-l-au-oprit","status":"publish","type":"post","link":"https:\/\/realitatearutiera.ro\/?p=140842","title":{"rendered":"129 km\/h prin Jolde\u0219ti, de\u0219i era \u00een localitate. Poli\u021bi\u0219tii l-au oprit"},"content":{"rendered":"\n<figure class=\"wp-block-image size-large is-resized\"><img loading=\"lazy\" decoding=\"async\" width=\"576\" height=\"1024\" data-attachment-id=\"140843\" data-permalink=\"https:\/\/realitatearutiera.ro\/?attachment_id=140843\" data-orig-file=\"https:\/\/i0.wp.com\/realitatearutiera.ro\/wp-content\/uploads\/2026\/09\/image-19.png?fit=696%2C1237&amp;ssl=1\" data-orig-size=\"696,1237\" data-comments-opened=\"1\" data-image-meta=\"{&quot;aperture&quot;:&quot;0&quot;,&quot;credit&quot;:&quot;&quot;,&quot;camera&quot;:&quot;&quot;,&quot;caption&quot;:&quot;&quot;,&quot;created_timestamp&quot;:&quot;0&quot;,&quot;copyright&quot;:&quot;&quot;,&quot;focal_length&quot;:&quot;0&quot;,&quot;iso&quot;:&quot;0&quot;,&quot;shutter_speed&quot;:&quot;0&quot;,&quot;title&quot;:&quot;&quot;,&quot;orientation&quot;:&quot;0&quot;}\" data-image-title=\"image\" data-image-description=\"\" data-medium-file=\"https:\/\/i0.wp.com\/realitatearutiera.ro\/wp-content\/uploads\/2026\/09\/image-19.png?fit=169%2C300&amp;ssl=1\" data-large-file=\"https:\/\/i0.wp.com\/realitatearutiera.ro\/wp-content\/uploads\/2026\/09\/image-19.png?fit=576%2C1024&amp;ssl=1\" src=\"https:\/\/i2.wp.com\/realitatearutiera.ro\/wp-content\/uploads\/2026\/09\/image-19-576x1024.png?resize=576%2C1024&#038;ssl=1\" alt=\"\" class=\"wp-image-140843\" style=\"width:390px;height:auto\" srcset=\"https:\/\/i0.wp.com\/realitatearutiera.ro\/wp-content\/uploads\/2026\/09\/image-19.png?resize=576%2C1024&amp;ssl=1 576w, https:\/\/i0.wp.com\/realitatearutiera.ro\/wp-content\/uploads\/2026\/09\/image-19.png?resize=169%2C300&amp;ssl=1 169w, https:\/\/i0.wp.com\/realitatearutiera.ro\/wp-content\/uploads\/2026\/09\/image-19.png?w=696&amp;ssl=1 696w\" sizes=\"auto, (max-width: 576px) 100vw, 576px\" data-recalc-dims=\"1\" \/><\/figure>\n\n\n\n<p><strong>O amend\u0103 de aproximativ 2.000 de lei \u0219i patru luni f\u0103r\u0103 permis. Acesta este bilan\u021bul unei deplas\u0103ri cu vitez\u0103 extrem\u0103 prin localitatea Jolde\u0219ti, unde un t\u00e2n\u0103r a fost surprins de radar rul\u00e2nd cu 129 de kilometri pe or\u0103.<\/strong><\/p>\n\n\n\n<p>Ma\u0219ina a fost depistat\u0103 de poli\u021bi\u0219tii Serviciului Rutier Boto\u0219ani, \u00een timpul unei ac\u021biuni desf\u0103\u0219urate pe DJ 208C.<\/p>\n\n\n\n<h3 class=\"wp-block-heading\"><strong>Surprins de radar \u00een localitate<\/strong><\/h3>\n\n\n\n<p>La volan se afla un t\u00e2n\u0103r de 27 de ani, din jude\u021bul Suceava. Aparatul radar a \u00eenregistrat autoturismul \u00een timp ce circula cu 129 km\/h prin Jolde\u0219ti.<\/p>\n\n\n\n<p>Poli\u021bi\u0219tii au oprit ma\u0219ina \u0219i l-au identificat pe conduc\u0103torul auto.<\/p>\n\n\n\n<p>T\u00e2n\u0103rul a fost sanc\u021bionat contraven\u021bional cu o amend\u0103 \u00een valoare de aproximativ 2.000 de lei.<\/p>\n\n\n\n<p>Ca m\u0103sur\u0103 complementar\u0103, poli\u021bi\u0219tii i-au suspendat dreptul de a conduce pentru o perioad\u0103 de 120 de zile.<\/p>\n\n\n\n<p>Sursa\/ foto: monitorulbt<\/p>\n","protected":false},"excerpt":{"rendered":"<p>O amend\u0103 de aproximativ 2.000 de lei \u0219i patru luni f\u0103r\u0103 permis. Acesta este bilan\u021bul unei deplas\u0103ri cu vitez\u0103 extrem\u0103<\/p>\n","protected":false},"author":1,"featured_media":140843,"comment_status":"open","ping_status":"closed","sticky":false,"template":"","format":"standard","meta":{"spay_email":"","footnotes":"","jetpack_publicize_message":""},"categories":[82],"tags":[],"class_list":["post-140842","post","type-post","status-publish","format-standard","has-post-thumbnail","hentry","category-auto"],"jetpack_featured_media_url":"https:\/\/i0.wp.com\/realitatearutiera.ro\/wp-content\/uploads\/2026\/09\/image-19.png?fit=696%2C1237&ssl=1","jetpack_publicize_connections":[],"jetpack_sharing_enabled":true,"jetpack_shortlink":"https:\/\/wp.me\/p61naM-ADE","jetpack-related-posts":[],"_links":{"self":[{"href":"https:\/\/realitatearutiera.ro\/index.php?rest_route=\/wp\/v2\/posts\/140842","targetHints":{"allow":["GET"]}}],"collection":[{"href":"https:\/\/realitatearutiera.ro\/index.php?rest_route=\/wp\/v2\/posts"}],"about":[{"href":"https:\/\/realitatearutiera.ro\/index.php?rest_route=\/wp\/v2\/types\/post"}],"author":[{"embeddable":true,"href":"https:\/\/realitatearutiera.ro\/index.php?rest_route=\/wp\/v2\/users\/1"}],"replies":[{"embeddable":true,"href":"https:\/\/realitatearutiera.ro\/index.php?rest_route=%2Fwp%2Fv2%2Fcomments&post=140842"}],"version-history":[{"count":1,"href":"https:\/\/realitatearutiera.ro\/index.php?rest_route=\/wp\/v2\/posts\/140842\/revisions"}],"predecessor-version":[{"id":140844,"href":"https:\/\/realitatearutiera.ro\/index.php?rest_route=\/wp\/v2\/posts\/140842\/revisions\/140844"}],"wp:featuredmedia":[{"embeddable":true,"href":"https:\/\/realitatearutiera.ro\/index.php?rest_route=\/wp\/v2\/media\/140843"}],"wp:attachment":[{"href":"https:\/\/realitatearutiera.ro\/index.php?rest_route=%2Fwp%2Fv2%2Fmedia&parent=140842"}],"wp:term":[{"taxonomy":"category","embeddable":true,"href":"https:\/\/realitatearutiera.ro\/index.php?rest_route=%2Fwp%2Fv2%2Fcategories&post=140842"},{"taxonomy":"post_tag","embeddable":true,"href":"https:\/\/realitatearutiera.ro\/index.php?rest_route=%2Fwp%2Fv2%2Ftags&post=140842"}],"curies":[{"name":"wp","href":"https:\/\/api.w.org\/{rel}","templated":true}]}}