{"id":140858,"date":"2026-09-02T10:06:33","date_gmt":"2026-09-02T07:06:33","guid":{"rendered":"https:\/\/realitatearutiera.ro\/?p=140858"},"modified":"2026-09-02T10:06:36","modified_gmt":"2026-09-02T07:06:36","slug":"bilant-dupa-o-saptamana-de-controale-7-accidente-cu-motociclete-biciclete-si-trotinete","status":"publish","type":"post","link":"https:\/\/realitatearutiera.ro\/?p=140858","title":{"rendered":"Bilan\u021b dup\u0103 o s\u0103pt\u0103m\u00e2n\u0103 de controale: 7 accidente cu motociclete, biciclete \u0219i trotinete"},"content":{"rendered":"\n<figure class=\"wp-block-image size-full is-resized\"><img loading=\"lazy\" decoding=\"async\" width=\"800\" height=\"600\" data-attachment-id=\"140859\" data-permalink=\"https:\/\/realitatearutiera.ro\/?attachment_id=140859\" data-orig-file=\"https:\/\/i1.wp.com\/realitatearutiera.ro\/wp-content\/uploads\/2026\/09\/image-23.png?fit=960%2C720&amp;ssl=1\" data-orig-size=\"960,720\" data-comments-opened=\"1\" data-image-meta=\"{&quot;aperture&quot;:&quot;0&quot;,&quot;credit&quot;:&quot;&quot;,&quot;camera&quot;:&quot;&quot;,&quot;caption&quot;:&quot;&quot;,&quot;created_timestamp&quot;:&quot;0&quot;,&quot;copyright&quot;:&quot;&quot;,&quot;focal_length&quot;:&quot;0&quot;,&quot;iso&quot;:&quot;0&quot;,&quot;shutter_speed&quot;:&quot;0&quot;,&quot;title&quot;:&quot;&quot;,&quot;orientation&quot;:&quot;0&quot;}\" data-image-title=\"image\" data-image-description=\"\" data-medium-file=\"https:\/\/i1.wp.com\/realitatearutiera.ro\/wp-content\/uploads\/2026\/09\/image-23.png?fit=300%2C225&amp;ssl=1\" data-large-file=\"https:\/\/i1.wp.com\/realitatearutiera.ro\/wp-content\/uploads\/2026\/09\/image-23.png?fit=800%2C600&amp;ssl=1\" src=\"https:\/\/i1.wp.com\/realitatearutiera.ro\/wp-content\/uploads\/2026\/09\/image-23.png?resize=800%2C600&#038;ssl=1\" alt=\"\" class=\"wp-image-140859\" style=\"width:601px;height:auto\" srcset=\"https:\/\/i1.wp.com\/realitatearutiera.ro\/wp-content\/uploads\/2026\/09\/image-23.png?w=960&amp;ssl=1 960w, https:\/\/i1.wp.com\/realitatearutiera.ro\/wp-content\/uploads\/2026\/09\/image-23.png?resize=300%2C225&amp;ssl=1 300w, https:\/\/i1.wp.com\/realitatearutiera.ro\/wp-content\/uploads\/2026\/09\/image-23.png?resize=768%2C576&amp;ssl=1 768w\" sizes=\"auto, (max-width: 800px) 100vw, 800px\" data-recalc-dims=\"1\" \/><\/figure>\n\n\n\n<p>Poli\u021bi\u0219tii de la Serviciul Rutier Suceava au fost angrena\u021bi, \u00een perioada 24-30 august, \u00eentr-o ac\u021biune de control \u00een trafic pentru cre\u0219terea siguran\u021bei pe drumurile publice \u0219i pentru reducerea num\u0103rului \u0219i a consecin\u021belor accidentelor rutiere grave \u00een care sunt implica\u021bi conduc\u0103torii de vehicule pe dou\u0103 ro\u021bi, fiind viza\u021bi \u00een special conduc\u0103torii de motociclete, mopede, trotinete electrice \u0219i biciclete.<\/p>\n\n\n\n<p>Ce atrage aten\u021bia din start \u0219i are mare relevan\u021b\u0103 \u00een context este c\u0103 \u00een acela\u0219i interval de \u0219apte zile pe drumurile publice din jude\u021b au avut loc \u0219apte accidente cu astfel de participan\u021bi la trafic, toate soldate cu r\u0103ni\u021bi.<\/p>\n\n\n\n<p>Din p\u0103cate, aceste accidente sunt mult prea dese \u0219i se las\u0103 de multe ori cu consecin\u021be tragice, mai ales \u00een cazul motocicli\u0219tilor.<\/p>\n\n\n\n<p>Revenind la ac\u021biunea de control a poli\u021bi\u0219tilor rutieri, \u00een cursul s\u0103pt\u0103m\u00e2nii trecute au fost verifica\u021bi 201 conduc\u0103tori de biciclete, 59 conduc\u0103tori de trotinete electrice, 22 conduc\u0103tori de mopede \u0219i 54 conduc\u0103tori de motociclete.<\/p>\n\n\n\n<p>Poli\u021bi\u0219tii au aplicat un total de 211 sanc\u021biuni contraven\u021bionale, cele mai multe, 164, fiind sanc\u021biuni aplicate conduc\u0103torilor de biciclete. Mare parte din sanc\u021biuni au fost avertismente scrise, dar au fost \u0219i amenzi.<\/p>\n\n\n\n<figure class=\"wp-block-image\"><img decoding=\"async\" src=\"https:\/\/i0.wp.com\/vol.monitorulsv.ro\/articole\/2026\/09\/01\/187544b7-95a5-428d-9fc3-984cec6c36fa-evocw0960h1061.jpg?w=800&#038;ssl=1\" alt=\"7 accidente \u00een 7 zile, cu motociclete, biciclete sau trotinete, \u00een s\u0103pt\u0103m\u00e2na \u00een care poli\u021bi\u0219tii au controlat prioritar astfel de vehicule\" data-recalc-dims=\"1\"\/><figcaption class=\"wp-element-caption\">7 accidente \u00een 7 zile, cu motociclete, biciclete sau trotinete, \u00een s\u0103pt\u0103m\u00e2na \u00een care poli\u021bi\u0219tii au controlat prioritar astfel de vehicule<\/figcaption><\/figure>\n\n\n\n<p>Totodat\u0103, au fost constatate \u0219i infrac\u021biuni \u00een flagrant, care au vizat aceste categorii de participan\u021bi la trafic. Este vorba de conduc\u0103tori de vehicule motorizate care erau b\u0103u\u021bi.<\/p>\n\n\n\n<p>Printre m\u0103surile de preven\u021bie esen\u021biale, conduc\u0103torilor de motociclete \u0219i mopede li se recomand\u0103 s\u0103 poarte haine reflectorizante, casca omologat\u0103, precum \u0219i geac\u0103 \u0219i m\u0103nu\u0219i de protec\u021bie. Totodat\u0103, li se recomand\u0103 s\u0103 evite \u201eunghiurile moarte\u201d ale vehiculelor mari \u0219i s\u0103 reduc\u0103 viteza \u00een intersec\u021bii \u0219i la schimbarea benzilor.<\/p>\n\n\n\n<p>Trotinetele electrice se pot conduce pe drumurile publice doar de la 14 ani, casca este obligatorie, iar circula\u021bia se va desf\u0103\u0219ura doar pe pistele pentru biciclete sau pe \u0219osele cu limit\u0103 de maximum 50 km\/h. Trotinetele electrice sunt destinate transportului unei singure persoane.<\/p>\n\n\n\n<p>Conform legisla\u021biei, este interzis\u0103 circula\u021bia pe drumurile publice a trotinetelor electrice care dep\u0103\u0219esc din construc\u021bie viteza de 25 km\/h.<\/p>\n\n\n\n<p>Poli\u021bi\u0219tii le recomand\u0103 \u0219i conduc\u0103torilor auto s\u0103 manifeste pruden\u021b\u0103 sporit\u0103 \u00een apropierea trecerilor pentru pietoni \u0219i \u00een zonele frecventate de bicicli\u0219ti \u0219i utilizatori de trotinete electrice, s\u0103 reduc\u0103 viteza \u0219i s\u0103 conduc\u0103 preventiv \u00een cazul \u00een care se intersecteaz\u0103 cu alte categorii de participan\u021bi la trafic.<\/p>\n\n\n\n<p>Sursa\/foto: monitorulsv<\/p>\n\n\n\n<p><\/p>\n","protected":false},"excerpt":{"rendered":"<p>Poli\u021bi\u0219tii de la Serviciul Rutier Suceava au fost angrena\u021bi, \u00een perioada 24-30 august, \u00eentr-o ac\u021biune de control \u00een trafic pentru<\/p>\n","protected":false},"author":1,"featured_media":140859,"comment_status":"open","ping_status":"closed","sticky":false,"template":"","format":"standard","meta":{"spay_email":"","footnotes":"","jetpack_publicize_message":""},"categories":[82],"tags":[],"class_list":["post-140858","post","type-post","status-publish","format-standard","has-post-thumbnail","hentry","category-auto"],"jetpack_featured_media_url":"https:\/\/i1.wp.com\/realitatearutiera.ro\/wp-content\/uploads\/2026\/09\/image-23.png?fit=960%2C720&ssl=1","jetpack_publicize_connections":[],"jetpack_sharing_enabled":true,"jetpack_shortlink":"https:\/\/wp.me\/p61naM-ADU","jetpack-related-posts":[],"_links":{"self":[{"href":"https:\/\/realitatearutiera.ro\/index.php?rest_route=\/wp\/v2\/posts\/140858","targetHints":{"allow":["GET"]}}],"collection":[{"href":"https:\/\/realitatearutiera.ro\/index.php?rest_route=\/wp\/v2\/posts"}],"about":[{"href":"https:\/\/realitatearutiera.ro\/index.php?rest_route=\/wp\/v2\/types\/post"}],"author":[{"embeddable":true,"href":"https:\/\/realitatearutiera.ro\/index.php?rest_route=\/wp\/v2\/users\/1"}],"replies":[{"embeddable":true,"href":"https:\/\/realitatearutiera.ro\/index.php?rest_route=%2Fwp%2Fv2%2Fcomments&post=140858"}],"version-history":[{"count":1,"href":"https:\/\/realitatearutiera.ro\/index.php?rest_route=\/wp\/v2\/posts\/140858\/revisions"}],"predecessor-version":[{"id":140860,"href":"https:\/\/realitatearutiera.ro\/index.php?rest_route=\/wp\/v2\/posts\/140858\/revisions\/140860"}],"wp:featuredmedia":[{"embeddable":true,"href":"https:\/\/realitatearutiera.ro\/index.php?rest_route=\/wp\/v2\/media\/140859"}],"wp:attachment":[{"href":"https:\/\/realitatearutiera.ro\/index.php?rest_route=%2Fwp%2Fv2%2Fmedia&parent=140858"}],"wp:term":[{"taxonomy":"category","embeddable":true,"href":"https:\/\/realitatearutiera.ro\/index.php?rest_route=%2Fwp%2Fv2%2Fcategories&post=140858"},{"taxonomy":"post_tag","embeddable":true,"href":"https:\/\/realitatearutiera.ro\/index.php?rest_route=%2Fwp%2Fv2%2Ftags&post=140858"}],"curies":[{"name":"wp","href":"https:\/\/api.w.org\/{rel}","templated":true}]}}