{"id":140864,"date":"2026-09-02T10:17:23","date_gmt":"2026-09-02T07:17:23","guid":{"rendered":"https:\/\/realitatearutiera.ro\/?p=140864"},"modified":"2026-09-02T10:17:27","modified_gmt":"2026-09-02T07:17:27","slug":"migrene-cand-se-schimba-vremea-ce-legatura-exista-intre-presiunea-atmosferica-si-durerile-de-cap","status":"publish","type":"post","link":"https:\/\/realitatearutiera.ro\/?p=140864","title":{"rendered":"Migrene c\u00e2nd se schimb\u0103 vremea? Ce leg\u0103tur\u0103 exist\u0103 \u00eentre presiunea atmosferic\u0103 \u0219i durerile de cap"},"content":{"rendered":"\n<p>Schimb\u0103rile bru\u0219te de vreme pot fi greu de suportat pentru persoanele predispuse la migrene. Sc\u0103derea presiunii atmosferice, temperaturile extreme, umiditatea, v\u00e2ntul puternic \u0219i lumina intens\u0103 se num\u0103r\u0103 printre factorii care pot favoriza apari\u021bia unui episod dureros. Ce po\u021bi face pentru a reduce riscul \u0219i c\u00e2nd este cazul s\u0103 mergi la medic?<img loading=\"lazy\" decoding=\"async\" src=\"https:\/\/i1.wp.com\/cdn.adh.reperio.news\/image-a\/a2a47a46-cff8-4d86-947e-fb90b5177496\/index.jpeg?resize=800%2C533&#038;ssl=1\" alt=\"image\" width=\"800\" height=\"533\"  data-recalc-dims=\"1\"><\/p>\n\n\n\n<p>Foto:&nbsp;Magnific<\/p>\n\n\n\n<p>Ai observat c\u0103 te doare capul \u00eenaintea unei furtuni sau c\u0103 migrena apare \u00een zilele foarte c\u0103lduroase? Este posibil s\u0103 existe o leg\u0103tur\u0103. Pentru unele persoane, schimb\u0103rile meteorologice reprezint\u0103 un factor declan\u0219ator al migrenei. American Migraine Foundation men\u021bioneaz\u0103 printre ace\u0219ti factori varia\u021biile presiunii atmosferice, schimb\u0103rile de temperatur\u0103, umiditatea, v\u00e2ntul, lumina puternic\u0103 \u0219i deshidratarea.<\/p>\n\n\n\n<p>Dar vremea nu ac\u021bioneaz\u0103 singur\u0103 \u00een toate cazurile. Un episod de migren\u0103 poate ap\u0103rea atunci c\u00e2nd se adun\u0103 mai mul\u021bi factori, printre care&nbsp;<a href=\"https:\/\/click.ro\/dezvoltare-personala\/psihologie\/a-2406938.html?_reperio_admin_preview=2406938|5|1788271847|776923a6309a5f4cc8f00a73d1b0b0808d2f223471423b04892419d6a59a73bb\" target=\"_blank\" rel=\"noreferrer noopener\">somnul insuficient<\/a>, stresul, mesele s\u0103rite, deshidratarea sau modific\u0103rile hormonale. De aceea, observarea propriilor tipare poate fi foarte util\u0103.<\/p>\n\n\n\n<h2 class=\"wp-block-heading\">Presiunea atmosferic\u0103 poate declan\u0219a migrena<\/h2>\n\n\n\n<p>Una dintre cele mai discutate leg\u0103turi este cea dintre migren\u0103 \u0219i presiunea atmosferic\u0103. \u00cenaintea unei furtuni, presiunea poate sc\u0103dea, iar unele persoane sensibile observ\u0103 apari\u021bia durerii de cap \u00een aceast\u0103 perioad\u0103.<\/p>\n\n\n\n<p>Cercet\u0103rile nu arat\u0103 c\u0103 fiecare durere de cap ap\u0103rut\u0103 \u00eenaintea unei schimb\u0103ri de vreme este provocat\u0103 de presiunea atmosferic\u0103. Reac\u021bia difer\u0103 de la o persoan\u0103 la alta, iar migrena are numero\u0219i factori declan\u0219atori.<\/p>\n\n\n\n<p>De aceea, dac\u0103 observi c\u0103 durerile apar frecvent \u00eenaintea ploilor, furtunilor sau schimb\u0103rilor bru\u0219te de temperatur\u0103, merit\u0103 s\u0103 notezi aceste episoade.<\/p>\n\n\n\n<h2 class=\"wp-block-heading\">C\u0103ldura \u0219i frigul pot pune organismul la \u00eencercare<\/h2>\n\n\n\n<p>Temperaturile extreme pot favoriza apari\u021bia&nbsp;<a href=\"https:\/\/click.ro\/pentru-femei\/dezvoltare-personala\/ce-ascunde-durerea-pe-partea-stanga-a-capului-413583.html?_reperio_admin_preview=413583|6|1788271905|53a0b57567c7ee7b5a2745cec8a6d61692011371a54d3e8486f170b4c4be232b\" target=\"_blank\" rel=\"noreferrer noopener\">migrenei<\/a>. C\u0103ldura este asociat\u0103 adesea cu transpira\u021bia \u0219i pierderea de lichide, iar deshidratarea este un factor cunoscut care poate declan\u0219a un episod migrenos.<\/p>\n\n\n\n<p>\u0218i frigul poate fi problematic pentru unele persoane. Aerul rece \u0219i uscat, schimb\u0103rile rapide de temperatur\u0103 \u0219i trecerile repetate din spa\u021bii foarte \u00eenc\u0103lzite \u00een aer rece pot contribui la apari\u021bia durerii.<\/p>\n\n\n\n<p>\u00cen zilele cu temperaturi ridicate, ai grij\u0103 s\u0103 bei suficient\u0103 ap\u0103 \u0219i evit\u0103 expunerea prelungit\u0103 la soare. P\u0103l\u0103ria \u0219i ochelarii de soare pot fi de folos persoanelor sensibile la lumin\u0103 \u0219i str\u0103lucire.<\/p>\n\n\n\n<h2 class=\"wp-block-heading\">V\u00e2ntul, umezeala \u0219i lumina puternic\u0103 pot fi factori declan\u0219atori<\/h2>\n\n\n\n<p>Vremea instabil\u0103 poate aduce mai mul\u021bi factori \u00een acela\u0219i timp. V\u00e2ntul puternic, umiditatea ridicat\u0103, aerul foarte uscat sau lumina intens\u0103 pot contribui la declan\u0219area unei migrene la persoanele sensibile.<\/p>\n\n\n\n<p>Un rol important \u00eel poate avea \u0219i schimbarea rutinei. Vara, de exemplu, zilele mai lungi pot modifica programul de somn, iar nop\u021bile pierdute pot cre\u0219te vulnerabilitatea la migren\u0103.<\/p>\n\n\n\n<h2 class=\"wp-block-heading\">Hidratarea este esen\u021bial\u0103<\/h2>\n\n\n\n<p>Deshidratarea poate favoriza apari\u021bia durerilor de cap \u0219i a migrenei, mai ales \u00een perioadele foarte c\u0103lduroase. Bea ap\u0103 regulat pe parcursul zilei \u0219i acord\u0103 o aten\u021bie suplimentar\u0103 hidrat\u0103rii dac\u0103 transpiri mult sau petreci timp \u00een aer liber.<\/p>\n\n\n\n<p>Sursa: click    Foto:\u00a0Magnific<\/p>\n","protected":false},"excerpt":{"rendered":"<p>Schimb\u0103rile bru\u0219te de vreme pot fi greu de suportat pentru persoanele predispuse la migrene. Sc\u0103derea presiunii atmosferice, temperaturile extreme, umiditatea,<\/p>\n","protected":false},"author":1,"featured_media":140865,"comment_status":"open","ping_status":"closed","sticky":false,"template":"","format":"standard","meta":{"spay_email":"","footnotes":"","jetpack_publicize_message":""},"categories":[80],"tags":[],"class_list":["post-140864","post","type-post","status-publish","format-standard","has-post-thumbnail","hentry","category-sanatate"],"jetpack_featured_media_url":"https:\/\/realitatearutiera.ro\/wp-content\/uploads\/2026\/09\/index-2.webp","jetpack_publicize_connections":[],"jetpack_sharing_enabled":true,"jetpack_shortlink":"https:\/\/wp.me\/p61naM-AE0","jetpack-related-posts":[],"_links":{"self":[{"href":"https:\/\/realitatearutiera.ro\/index.php?rest_route=\/wp\/v2\/posts\/140864","targetHints":{"allow":["GET"]}}],"collection":[{"href":"https:\/\/realitatearutiera.ro\/index.php?rest_route=\/wp\/v2\/posts"}],"about":[{"href":"https:\/\/realitatearutiera.ro\/index.php?rest_route=\/wp\/v2\/types\/post"}],"author":[{"embeddable":true,"href":"https:\/\/realitatearutiera.ro\/index.php?rest_route=\/wp\/v2\/users\/1"}],"replies":[{"embeddable":true,"href":"https:\/\/realitatearutiera.ro\/index.php?rest_route=%2Fwp%2Fv2%2Fcomments&post=140864"}],"version-history":[{"count":1,"href":"https:\/\/realitatearutiera.ro\/index.php?rest_route=\/wp\/v2\/posts\/140864\/revisions"}],"predecessor-version":[{"id":140866,"href":"https:\/\/realitatearutiera.ro\/index.php?rest_route=\/wp\/v2\/posts\/140864\/revisions\/140866"}],"wp:featuredmedia":[{"embeddable":true,"href":"https:\/\/realitatearutiera.ro\/index.php?rest_route=\/wp\/v2\/media\/140865"}],"wp:attachment":[{"href":"https:\/\/realitatearutiera.ro\/index.php?rest_route=%2Fwp%2Fv2%2Fmedia&parent=140864"}],"wp:term":[{"taxonomy":"category","embeddable":true,"href":"https:\/\/realitatearutiera.ro\/index.php?rest_route=%2Fwp%2Fv2%2Fcategories&post=140864"},{"taxonomy":"post_tag","embeddable":true,"href":"https:\/\/realitatearutiera.ro\/index.php?rest_route=%2Fwp%2Fv2%2Ftags&post=140864"}],"curies":[{"name":"wp","href":"https:\/\/api.w.org\/{rel}","templated":true}]}}